{"id":457168,"date":"2025-10-12T10:08:10","date_gmt":"2025-10-12T10:08:10","guid":{"rendered":"https:\/\/www.europesays.com\/fr\/457168\/"},"modified":"2025-10-12T10:08:10","modified_gmt":"2025-10-12T10:08:10","slug":"dans-lherault-philippe-etchebest-vit-lepisode-le-plus-fou-de-cauchemar-en-cuisine","status":"publish","type":"post","link":"https:\/\/www.europesays.com\/fr\/457168\/","title":{"rendered":"dans l&rsquo;H\u00e9rault, Philippe Etchebest vit l\u2019\u00e9pisode le plus fou de \u00ab\u00a0Cauchemar en cuisine\u00a0\u00bb"},"content":{"rendered":"<p>            Par<br \/>\n        <strong><br \/>\n            <a href=\"https:\/\/actu.fr\/auteur\/metropoop\" title=\"Consulter tous les articles de R\u00e9daction M\u00e9tropolitain\" target=\"_blank\" rel=\"noopener\">R\u00e9daction M\u00e9tropolitain<\/a><br \/>\n        <\/strong><\/p>\n<p>        Publi\u00e9 le<\/p>\n<p>            12 oct. 2025 \u00e0 10h51<br \/>\n        ; mis \u00e0 jour le 12 oct. 2025 \u00e0 12h06    <\/p>\n<p>Dix minutes d\u2019attente. C\u2019est le temps qu\u2019a pass\u00e9 Philippe Etchebest, plant\u00e9 dans la salle vide d\u2019un restaurant \u00e0 Poussan, au sud-est de l\u2019H\u00e9rault, sans qu\u2019aucun responsable ne vienne \u00e0 sa rencontre. Le chef, venu tourner un nouvel \u00e9pisode de Cauchemar en cuisine pour M6, a connu une situation in\u00e9dite en plus de dix ans d\u2019\u00e9mission. D\u2019ordinaire accueilli par des restaurateurs d\u00e9bord\u00e9s ou d\u00e9sesp\u00e9r\u00e9s, il s\u2019est retrouv\u00e9 seul, \u00e0 appeler dans le vide.<\/p>\n<p>    <a href=\"https:\/\/www.google.com\/maps\/embed?pb=!1m18!1m12!1m3!1d23114.090373704526!2d3.8338559999999995!3d43.6011008!2m3!1f0!2f0!3f0!3m2!1i1024!2i768!4f13.1!3m3!1m2!1s0x12b14bfb1c2f5527%3A0xfa92328b597bdd6c!2s34560%20Poussan!5e0!3m2!1sen!2sfr!4v1760263596296!5m2!1sen!2sfr\" title=\"Ouvrie le lien\" target=\"_blank\" rel=\"noopener\">Cliquez ici pour visualiser le contenu<\/a><\/p>\n<p class=\" wall-content\">\u00ab\u00a0Il y a quelqu\u2019un ? Personne. Bonjour ?\u00a0\u00bb s\u2019\u00e9tonne-t-il, la voix r\u00e9sonnant dans l\u2019\u00e9tablissement d\u00e9sert. Quelques instants plus tard, un bruit de moteur rompt le silence. \u00ab\u00a0Tiens, c\u2019est quoi cette voiture qui d\u00e9marre en trombe ?\u00a0\u00bb, lance-t-il. Il s\u2019agissait de Yassine, l\u2019un des g\u00e9rants, prenant la fuite au moment de son arriv\u00e9e.<\/p>\n<p class=\" wall-content\">\n<p>Une \u00e9quipe d\u00e9boussol\u00e9e et un chef abasourdi<\/p>\n<p class=\" wall-content\">Dylan, le fils du propri\u00e9taire, tente d\u2019expliquer la situation. Il part \u00e0 la recherche de son fr\u00e8re, sans succ\u00e8s. Dans l\u2019arri\u00e8re-cuisine, Philippe Etchebest croise Sa\u00efda, la cuisini\u00e8re, qui dispara\u00eet aussit\u00f4t apr\u00e8s l\u2019avoir aper\u00e7u. \u00ab\u00a0Elle m\u2019a vue, mais il n\u2019y a personne qui vient me chercher. C\u2019est quand m\u00eame incroyable.\u00a0\u00bb Le ton monte. \u00ab\u00a0Jamais dans Cauchemar en cuisine je n\u2019ai \u00e9t\u00e9 accueilli de cette mani\u00e8re\u00a0\u00bb, confie-t-il face cam\u00e9ra. \u00ab\u00a0J\u2019ai tout vu : des gens \u00e0 genoux, d\u2019autres en larmes, mais j\u2019ai toujours eu quelqu\u2019un devant moi. L\u00e0, rien.\u00a0\u00bb<\/p>\n<p class=\" wall-content\">Lorsque le chef parvient enfin \u00e0 discuter avec l\u2019\u00e9quipe, les absences se multiplient. Bachir, le g\u00e9rant, est en Alg\u00e9rie pour un enterrement. Aurora, la serveuse \u00e0 l\u2019origine de l\u2019appel \u00e0 la production, n\u2019est pas l\u00e0 non plus. Quant \u00e0 Yacine, cens\u00e9 g\u00e9rer la cuisine, il s\u2019est enfui en voiture d\u00e8s l\u2019arriv\u00e9e de l\u2019\u00e9quipe. Seuls restent Dylan et sa m\u00e8re Sa\u00efda, visiblement d\u00e9pass\u00e9s.<\/p>\n<p>Vid\u00e9os : en ce moment sur ActuUn d\u00e9part amer, une touche d\u2019espoir<\/p>\n<p class=\" wall-content\">Le d\u00e9jeuner termin\u00e9, Philippe Etchebest tente de comprendre. Dylan lui avoue que son fr\u00e8re a fui pour \u00e9viter la confrontation. Le chef accuse le coup. \u00ab\u00a0Je ne sais pas si tu te rends compte du nombre de restaurateurs qui font appel \u00e0 moi. J\u2019ai choisi de venir ici, au d\u00e9triment d\u2019autres. Je perds mon temps.\u00a0\u00bb Pour la premi\u00e8re fois dans l\u2019histoire de Cauchemar en cuisine, il d\u00e9cide d\u2019interrompre le tournage. Malgr\u00e9 la d\u00e9ception, le chef ne repart pas sans un geste. Il prend quelques minutes pour pr\u00e9parer avec Sa\u00efda et Dylan une salade compos\u00e9e, histoire de partager un moment plus l\u00e9ger. Une parenth\u00e8se bienveillante avant un au revoir incertain. \u00ab\u00a0J\u2019esp\u00e8re revenir bient\u00f4t pour comprendre ce qu\u2019il se passe ici\u00a0\u00bb, conclut-il, avant de tourner les talons. L\u2019\u00e9pisode, <strong>\u00e9court\u00e9 \u00e0 35 minutes<\/strong>, restera dans les annales de l\u2019\u00e9mission.<\/p>\n<p class=\" wall-content\">Personnalisez votre actualit\u00e9 en ajoutant vos villes et m\u00e9dias en favori avec <a href=\"https:\/\/moncompte.actu.fr\" title=\"D\u00e9couvez Mon Actu\" rel=\"nofollow noopener\" data-trk=\"{&quot;cta&quot;:{&quot;action&quot;:&quot;https:\\\/\\\/moncompte.actu.fr&quot;,&quot;category&quot;:&quot;mon compte&quot;,&quot;from&quot;:&quot;article footer&quot;,&quot;name&quot;:&quot;Mon actu&quot;,&quot;type&quot;:&quot;cta&quot;}}\" target=\"_blank\">Mon Actu<\/a>.<\/p>\n","protected":false},"excerpt":{"rendered":"Par R\u00e9daction M\u00e9tropolitain Publi\u00e9 le 12 oct. 2025 \u00e0 10h51 ; mis \u00e0 jour le 12 oct. 2025&hellip;\n","protected":false},"author":2,"featured_media":457169,"comment_status":"","ping_status":"","sticky":false,"template":"","format":"standard","meta":{"footnotes":""},"categories":[1356],"tags":[258,58,59,1011,27,1757,5387,1340,252,1364],"class_list":{"0":"post-457168","1":"post","2":"type-post","3":"status-publish","4":"format-standard","5":"has-post-thumbnail","7":"category-television","8":"tag-alimentation","9":"tag-divertissement","10":"tag-entertainment","11":"tag-fr","12":"tag-france","13":"tag-insolite","14":"tag-philippe-etchebest","15":"tag-restaurant","16":"tag-television","17":"tag-tv"},"share_on_mastodon":{"url":"https:\/\/pubeurope.com\/@fr\/115360649012961998","error":""},"_links":{"self":[{"href":"https:\/\/www.europesays.com\/fr\/wp-json\/wp\/v2\/posts\/457168","targetHints":{"allow":["GET"]}}],"collection":[{"href":"https:\/\/www.europesays.com\/fr\/wp-json\/wp\/v2\/posts"}],"about":[{"href":"https:\/\/www.europesays.com\/fr\/wp-json\/wp\/v2\/types\/post"}],"author":[{"embeddable":true,"href":"https:\/\/www.europesays.com\/fr\/wp-json\/wp\/v2\/users\/2"}],"replies":[{"embeddable":true,"href":"https:\/\/www.europesays.com\/fr\/wp-json\/wp\/v2\/comments?post=457168"}],"version-history":[{"count":0,"href":"https:\/\/www.europesays.com\/fr\/wp-json\/wp\/v2\/posts\/457168\/revisions"}],"wp:featuredmedia":[{"embeddable":true,"href":"https:\/\/www.europesays.com\/fr\/wp-json\/wp\/v2\/media\/457169"}],"wp:attachment":[{"href":"https:\/\/www.europesays.com\/fr\/wp-json\/wp\/v2\/media?parent=457168"}],"wp:term":[{"taxonomy":"category","embeddable":true,"href":"https:\/\/www.europesays.com\/fr\/wp-json\/wp\/v2\/categories?post=457168"},{"taxonomy":"post_tag","embeddable":true,"href":"https:\/\/www.europesays.com\/fr\/wp-json\/wp\/v2\/tags?post=457168"}],"curies":[{"name":"wp","href":"https:\/\/api.w.org\/{rel}","templated":true}]}}