{"id":457172,"date":"2025-10-12T10:10:11","date_gmt":"2025-10-12T10:10:11","guid":{"rendered":"https:\/\/www.europesays.com\/fr\/457172\/"},"modified":"2025-10-12T10:10:11","modified_gmt":"2025-10-12T10:10:11","slug":"avant-de-percer-keanu-reeves-etait-jardinier-paysagiste","status":"publish","type":"post","link":"https:\/\/www.europesays.com\/fr\/457172\/","title":{"rendered":"Avant de percer, Keanu Reeves \u00e9tait jardinier paysagiste"},"content":{"rendered":"<p>Avant de briser les m\u00e2choires de ses ennemis et d\u2019esquiver les balles dans la matrice, <a href=\"https:\/\/www.20minutes.fr\/arts-stars\/people\/4174780-20250923-dorothee-annonce-quatre-nouveaux-concerts-keanu-reeves-dement-rumeurs-mariage-alexandra-grant\" target=\"_blank\" class=\"c-link c-link--is-underlined\" rel=\"nofollow noopener\">Keanu Reeves<\/a> poussait une tondeuse et taillait les arbres. L\u2019acteur de 60 ans a fait cette r\u00e9v\u00e9lation lors d\u2019une <a href=\"https:\/\/www.youtube.com\/watch?v=2jb1xQpyWTU\" rel=\"nofollow noopener\" target=\"_blank\" class=\"c-link c-link--is-underlined\">interview crois\u00e9e<\/a> avec ses coll\u00e8gues de Good Fortune, son nouveau film, organis\u00e9e par People.<\/p>\n<p>\u00ab\u00a0Avant d\u2019\u00eatre pay\u00e9 pour jouer, je travaillais comme paysagiste\u00a0\u00bb, a-t-il r\u00e9v\u00e9l\u00e9 \u00e0 son comparse <a href=\"https:\/\/www.20minutes.fr\/culture\/2202211-20180115-aziz-ansari-repond-accusations-agression-sexuelle\" target=\"_blank\" class=\"c-link c-link--is-underlined\" rel=\"nofollow noopener\">Aziz Ansari<\/a>. Et force est de constater que ce job qui ne lui d\u00e9plaisait pas du tout.<\/p>\n<p>Un ange tomb\u00e9 de l\u2019arbre<\/p>\n<p>\u00ab\u00a0J\u2019\u00e9tais un jeune gamin, donc je poussais une tondeuse \u00e0 gazon, je passais entre les arbres et on me donnait une tron\u00e7onneuse\u2026 Mais c\u2019\u00e9tait sympa, j\u2019aimais bien\u00a0\u00bb, a-t-il pr\u00e9cis\u00e9.<\/p>\n<p>En plus d\u2019Aziz Ansari, lequel porte aussi la casquette de r\u00e9alisateur, Keanu Reeves partage l\u2019affiche de Good Fortune avec <a href=\"https:\/\/www.20minutes.fr\/arts-stars\/people\/4146386-20250401-seth-rogen-peu-trop-fume-avant-concert-adele-spectacle-marlene-schaff-perturbe-probleme-sante\" target=\"_blank\" class=\"c-link c-link--is-underlined\" rel=\"nofollow noopener\">Seth Rogen<\/a>, Keke Palmer et Sandra Oh. Le film suit les p\u00e9rip\u00e9ties d\u2019un ange un peu maladroit nomm\u00e9 Gabriel qui se m\u00eale de la vie d\u2019un travailleur pr\u00e9caire et d\u2019un riche capital-risqueur. Et c\u2019est bien \u00e9videmment \u00e0 Keanu Reeves qu\u2019est revenu le r\u00f4le de l\u2019ange dans ce film qui n\u2019a pas encore de date de sortie en France.<\/p>\n","protected":false},"excerpt":{"rendered":"Avant de briser les m\u00e2choires de ses ennemis et d\u2019esquiver les balles dans la matrice, Keanu Reeves poussait&hellip;\n","protected":false},"author":2,"featured_media":457173,"comment_status":"","ping_status":"","sticky":false,"template":"","format":"standard","meta":{"footnotes":""},"categories":[1354],"tags":[253,58,59,1346,1011,27,2079,1360,973,58229,133],"class_list":{"0":"post-457172","1":"post","2":"type-post","3":"status-publish","4":"format-standard","5":"has-post-thumbnail","7":"category-films","8":"tag-acteur","9":"tag-divertissement","10":"tag-entertainment","11":"tag-films","12":"tag-fr","13":"tag-france","14":"tag-keanu-reeves","15":"tag-movies","16":"tag-people","17":"tag-seth-rogen","18":"tag-video"},"share_on_mastodon":{"url":"https:\/\/pubeurope.com\/@fr\/115360656752610698","error":""},"_links":{"self":[{"href":"https:\/\/www.europesays.com\/fr\/wp-json\/wp\/v2\/posts\/457172","targetHints":{"allow":["GET"]}}],"collection":[{"href":"https:\/\/www.europesays.com\/fr\/wp-json\/wp\/v2\/posts"}],"about":[{"href":"https:\/\/www.europesays.com\/fr\/wp-json\/wp\/v2\/types\/post"}],"author":[{"embeddable":true,"href":"https:\/\/www.europesays.com\/fr\/wp-json\/wp\/v2\/users\/2"}],"replies":[{"embeddable":true,"href":"https:\/\/www.europesays.com\/fr\/wp-json\/wp\/v2\/comments?post=457172"}],"version-history":[{"count":0,"href":"https:\/\/www.europesays.com\/fr\/wp-json\/wp\/v2\/posts\/457172\/revisions"}],"wp:featuredmedia":[{"embeddable":true,"href":"https:\/\/www.europesays.com\/fr\/wp-json\/wp\/v2\/media\/457173"}],"wp:attachment":[{"href":"https:\/\/www.europesays.com\/fr\/wp-json\/wp\/v2\/media?parent=457172"}],"wp:term":[{"taxonomy":"category","embeddable":true,"href":"https:\/\/www.europesays.com\/fr\/wp-json\/wp\/v2\/categories?post=457172"},{"taxonomy":"post_tag","embeddable":true,"href":"https:\/\/www.europesays.com\/fr\/wp-json\/wp\/v2\/tags?post=457172"}],"curies":[{"name":"wp","href":"https:\/\/api.w.org\/{rel}","templated":true}]}}