{"id":457174,"date":"2025-10-12T10:11:16","date_gmt":"2025-10-12T10:11:16","guid":{"rendered":"https:\/\/www.europesays.com\/fr\/457174\/"},"modified":"2025-10-12T10:11:16","modified_gmt":"2025-10-12T10:11:16","slug":"a-quel-age-votre-cerveau-fonctionne-le-mieux-ma-sante","status":"publish","type":"post","link":"https:\/\/www.europesays.com\/fr\/457174\/","title":{"rendered":"\u00e0 quel \u00e2ge votre cerveau fonctionne le mieux ?- Ma Sant\u00e9"},"content":{"rendered":"<p>             <a href=\"https:\/\/ma-sante.news\/wp-content\/uploads\/2025\/10\/intelligence-capacites-cognitives-a-quel-age-notre-cerveau-est-il-au-sommet-de-ses-capacites-intellectuelles-Ma-Sante.jpg\" data-caption=\"Le cerveau garde sa capacit\u00e9 d\u2019apprendre tout au long de la vie. \u00a9 Freepik\" target=\"_blank\" rel=\"noopener\"><img loading=\"lazy\" decoding=\"async\" width=\"696\" height=\"464\" class=\"entry-thumb td-modal-image ewww_webp_lazy_load\" src=\"data:image\/svg+xml,%3Csvg%20xmlns=\" http:=\"\" data-lazy- data-lazy- alt=\"Des personnes \u00e2g\u00e9es jouant aux \u00e9checs, preuve que leurs capacit\u00e9s intellectuelles restent bien actives.\" title=\"intelligence capacite\u0301s cognitives a\u0300 quel a\u0302ge notre cerveau est-il au sommet de ses capacite\u0301s intellectuelles Ma Sante\u0301\" data-lazy-src=\"https:\/\/www.europesays.com\/fr\/wp-content\/uploads\/2025\/10\/intelligence-capacites-cognitives-a-quel-age-notre-cerveau-est-il-au-sommet-de-ses-capacites-intelle.jpeg\" data-lazy-src-webp=\"https:\/\/www.europesays.com\/fr\/wp-content\/uploads\/2025\/10\/intelligence-capacites-cognitives-a-quel-age-notre-cerveau-est-il-au-sommet-de-ses-capacites-intelle.jpeg.webp\" data-lazy-srcset-webp=\"https:\/\/www.europesays.com\/fr\/wp-content\/uploads\/2025\/10\/intelligence-capacites-cognitives-a-quel-age-notre-cerveau-est-il-au-sommet-de-ses-capacites-intelle.jpeg.webp 696w, https:\/\/ma-sante.news\/wp-content\/uploads\/2025\/10\/intelligence-capacites-cognitives-a-quel-age-notre-cerveau-est-il-au-sommet-de-ses-capacites-intellectuelles-Ma-Sante-300x200.jpg.webp 300w, https:\/\/ma-sante.news\/wp-content\/uploads\/2025\/10\/intelligence-capacites-cognitives-a-quel-age-notre-cerveau-est-il-au-sommet-de-ses-capacites-intellectuelles-Ma-Sante-768x512.jpg.webp 768w, https:\/\/ma-sante.news\/wp-content\/uploads\/2025\/10\/intelligence-capacites-cognitives-a-quel-age-notre-cerveau-est-il-au-sommet-de-ses-capacites-intellectuelles-Ma-Sante-630x420.jpg.webp 630w, https:\/\/ma-sante.news\/wp-content\/uploads\/2025\/10\/intelligence-capacites-cognitives-a-quel-age-notre-cerveau-est-il-au-sommet-de-ses-capacites-intellectuelles-Ma-Sante.jpg.webp 800w\"\/><\/a>Le cerveau garde sa capacit\u00e9 d\u2019apprendre tout au long de la vie. \u00a9 Freepik                                    \t\t\t             <a class=\"gofollow\" data-track=\"MjgsMCw2MA==\" href=\"https:\/\/ma-sante.news\/inscrivez-vous-a-notre-newsletter\/\" target=\"_blank\" rel=\"noopener\"><img loading=\"lazy\" decoding=\"async\" width=\"1068\" height=\"131\" src=\"data:image\/svg+xml,%3Csvg%20xmlns=\" http:=\"\" data-lazy-src=\"https:\/\/www.europesays.com\/fr\/wp-content\/uploads\/2025\/03\/banniere-newsletter.png\"\/><\/a> <\/p>\n<p>Si l\u2019on devait r\u00e9sumer les derni\u00e8res d\u00e9cennies de recherche sur le cerveau, on pourrait dire qu\u2019il n\u2019existe pas un \u00e2ge d\u2019or unique de l\u2019intelligence. En r\u00e9alit\u00e9, notre cerveau est un ensemble de capacit\u00e9s qui n\u2019\u00e9voluent pas toutes au m\u00eame rythme. La rapidit\u00e9 d\u2019analyse, la m\u00e9moire de travail, la capacit\u00e9 \u00e0 r\u00e9soudre des probl\u00e8mes nouveaux, ce qu\u2019on appelle l\u2019intelligence fluide, atteignent leur apog\u00e9e assez t\u00f4t, souvent entre 20 et 30 ans. C\u2019est l\u2019\u00e2ge o\u00f9 l\u2019esprit est le plus agile, le plus prompt \u00e0 r\u00e9agir.<\/p>\n<p>Mais ce n\u2019est qu\u2019une facette. L\u2019intelligence cristallis\u00e9e, celle qui s\u2019appuie sur les connaissances accumul\u00e9es, le vocabulaire, la culture g\u00e9n\u00e9rale, continue de se d\u00e9velopper pendant encore plusieurs d\u00e9cennies. Autrement dit, si la vitesse diminue, la profondeur s\u2019enrichit. Des \u00e9tudes r\u00e9centes publi\u00e9es dans Psychological Science ont d\u2019ailleurs montr\u00e9 que certaines comp\u00e9tences linguistiques et sociales culminent autour de 40, voire 50 ans.<\/p>\n<p>        35 ans, le sommet ? Pas si vite !    <\/p>\n<p>Une \u00e9tude allemande, publi\u00e9e dans la revue Proceedings of the National Academy of Sciences (PNAS), a analys\u00e9 plus de 24 000 parties d\u2019\u00e9checs professionnelles jou\u00e9es sur plus d\u2019un si\u00e8cle pour comprendre comment la performance \u00e9volue avec l\u2019\u00e2ge. Les chercheurs ont compar\u00e9 les coups jou\u00e9s par les ma\u00eetres \u00e0 ceux propos\u00e9s par un algorithme, consid\u00e9r\u00e9 comme \u00ab optimal \u00bb. R\u00e9sultat, la qualit\u00e9 moyenne du jeu augmente jusqu\u2019\u00e0 environ 35 ans, avant de conna\u00eetre un lent d\u00e9clin autour de 45 ans.<\/p>\n<p>Des m\u00e9dias comme Futura Sciences ont relay\u00e9 ces travaux en parlant d\u2019un \u00ab pic cognitif \u00bb vers 35 ans. Mais il faut garder la t\u00eate froide. Cette \u00e9tude mesure des performances dans un domaine tr\u00e8s sp\u00e9cifique (le jeu d\u2019\u00e9checs) qui mobilise surtout la m\u00e9moire de positions, la planification strat\u00e9gique et la concentration prolong\u00e9e. Ce n\u2019est donc pas un reflet global de l\u2019intelligence humaine, mais l\u2019expression d\u2019une forme tr\u00e8s sp\u00e9cialis\u00e9e de cognition. En d\u2019autres termes, l\u2019\u00e2ge d\u2019or des grands ma\u00eetres n\u2019est pas n\u00e9cessairement celui de toutes nos capacit\u00e9s intellectuelles.<\/p>\n<p>        Jusqu\u2019\u00e0 quel \u00e2ge peut-on vraiment apprendre ?    <strong>Des cerveaux qui continuent de progresser apr\u00e8s 40 ans<\/strong>    <\/p>\n<p>L\u2019id\u00e9e d\u2019un d\u00e9clin in\u00e9luctable apr\u00e8s la trentaine est aujourd\u2019hui largement remise en cause. Une \u00e9tude allemande r\u00e9cente (PIAAC-L, 2024), analysant des milliers d\u2019adultes suivis sur plusieurs ann\u00e9es, a montr\u00e9 que les comp\u00e9tences cognitives (en lecture, en raisonnement et en calcul) continuent d\u2019augmenter jusqu\u2019\u00e0 environ 40 ans, avant de d\u00e9cliner tr\u00e8s lentement.<\/p>\n<p>Les chercheurs y voient un effet de la stimulation quotidienne. Les adultes actifs, qui utilisent r\u00e9guli\u00e8rement leurs capacit\u00e9s de r\u00e9flexion, conservent des performances \u00e9lev\u00e9es plus longtemps. En revanche, ceux dont le m\u00e9tier ou le mode de vie sollicitent peu la cognition voient leurs scores chuter plus t\u00f4t. C\u2019est ce que les scientifiques r\u00e9sument par la c\u00e9l\u00e8bre formule : \u00ab Use it or lose it \u00bb, \u00ab utilise-le ou tu le perdras \u00bb.<\/p>\n<p>        <strong>Apprendre toute la vie, c\u2019est donc une v\u00e9rit\u00e9 \u00e9tablie<\/strong>    <\/p>\n<p>Pendant longtemps, on croyait que la plasticit\u00e9 c\u00e9r\u00e9brale (la capacit\u00e9 du cerveau \u00e0 cr\u00e9er de nouvelles connexions) disparaissait \u00e0 l\u2019\u00e2ge adulte. Les neurosciences ont balay\u00e9 cette id\u00e9e. Des travaux en neuro-imagerie montrent qu\u2019un adulte qui apprend une langue \u00e9trang\u00e8re, joue d\u2019un instrument ou reprend des \u00e9tudes voit son cerveau se r\u00e9organiser. M\u00eame \u00e0 60 ou 70 ans, l\u2019apprentissage modifie encore les r\u00e9seaux neuronaux.<\/p>\n<p>Bien s\u00fbr, apprendre \u00e0 50 ans n\u2019a rien de commun avec apprendre \u00e0 20 ans. La m\u00e9moire de travail se fatigue plus vite, le rythme d\u2019acquisition est plus lent, mais les avantages de l\u2019exp\u00e9rience compensent souvent cette lenteur. On apprend autrement, en reliant le nouveau \u00e0 ce que l\u2019on sait d\u00e9j\u00e0, en donnant du sens, en consolidant mieux. Le cerveau adulte n\u2019est pas moins efficace, il est plus s\u00e9lectif.<\/p>\n<p>        <strong>Capacit\u00e9s intellectuelles : ce que la science fran\u00e7aise en dit<\/strong>    <\/p>\n<p>Les synth\u00e8ses publi\u00e9es par l\u2019Inserm rappellent que le cerveau n\u2019a pas de date de p\u00e9remption. Certes, la vitesse de traitement et la m\u00e9moire imm\u00e9diate d\u00e9clinent progressivement \u00e0 partir de la quarantaine. Mais <a href=\"https:\/\/ma-sante.news\/superagers-ces-seniors-de-plus-de-80-ans-qui-gardent-une-memoire-etonnamment-jeune\/\" target=\"_blank\" rel=\"noopener\">la m\u00e9moire s\u00e9mantique (celle des connaissances) et la m\u00e9moire proc\u00e9durale (celle des gestes, des automatismes) r\u00e9sistent souvent jusqu\u2019\u00e0 un \u00e2ge avanc\u00e9<\/a>.<\/p>\n<p>Autrement dit, m\u00eame si l\u2019on oublie parfois o\u00f9 l\u2019on a mis ses cl\u00e9s, on continue d\u2019apprendre, de raisonner, de cr\u00e9er, et de prendre des d\u00e9cisions complexes avec justesse. Ce qui compte, selon les chercheurs, ce n\u2019est pas tant <a href=\"https:\/\/ma-sante.news\/age-biologique-connaissez-vous-age-reel-de-votre-corps\/\" target=\"_blank\" rel=\"noopener\">l\u2019\u00e2ge biologique <\/a>que l\u2019entretien quotidien du cerveau : lecture, interactions sociales, activit\u00e9 physique et curiosit\u00e9 intellectuelle. Ces facteurs stimulent la neurogen\u00e8se et ralentissent le d\u00e9clin cognitif.<\/p>\n<p>        Alors, \u00e0 quel \u00e2ge est-on \u00ab au sommet \u00bb ?    <\/p>\n<p>La v\u00e9rit\u00e9 est simple, il n\u2019y a pas de sommet universel. Chaque fonction cognitive a sa propre trajectoire. Certaines culminent t\u00f4t, d\u2019autres se maintiennent, d\u2019autres encore s\u2019am\u00e9liorent gr\u00e2ce \u00e0 l\u2019exp\u00e9rience. Un jeune adulte est plus rapide, un quadrag\u00e9naire plus pr\u00e9cis, un senior plus strat\u00e8ge. L\u2019intelligence n\u2019est pas un pic, c\u2019est un paysage.<\/p>\n<p>L\u2019apprentissage ne s\u2019arr\u00eate jamais. On ne perd pas son intelligence, on la transforme. Et tant que l\u2019on continue de la nourrir, de la d\u00e9fier, de la cultiver, le cerveau reste un formidable terrain d\u2019\u00e9volution \u00e0 tout \u00e2ge.<\/p>\n<blockquote class=\"wp-block-quote is-layout-flow wp-block-quote-is-layout-flow\">\n<p><strong>\u00c0 SAVOIR\u00a0<\/strong><\/p>\n<p>Selon une \u00e9tude publi\u00e9e dans la revue Neurology, les personnes qui dorment entre 7 et 8 heures par nuit conservent de meilleures fonctions cognitives apr\u00e8s 40 ans que celles qui dorment moins ou davantage.<\/p>\n<\/blockquote>\n<p>  <a class=\"gofollow\" data-track=\"MTIsMCw2MA==\" href=\"https:\/\/ma-sante.news\/annonceurs\/\" target=\"_blank\" rel=\"noopener\"><img loading=\"lazy\" decoding=\"async\" width=\"2560\" height=\"2133\" src=\"data:image\/svg+xml,%3Csvg%20xmlns=\" http:=\"\" data-lazy-src=\"https:\/\/www.europesays.com\/fr\/wp-content\/uploads\/2025\/03\/pub-annonceurs-4-scaled.jpg\"\/><\/a>    <img loading=\"lazy\" decoding=\"async\" width=\"755\" height=\"495\" src=\"data:image\/svg+xml,%3Csvg%20xmlns=\" http:=\"\" data-lazy-src=\"https:\/\/www.europesays.com\/fr\/wp-content\/uploads\/2025\/03\/Image1.jpg\" data-lazy-src-webp=\"https:\/\/www.europesays.com\/fr\/wp-content\/uploads\/2025\/03\/Image1.jpg.webp\" class=\"ewww_webp_lazy_load\"\/>Inscrivez-vous \u00e0 notre newsletter <br \/>Ma Sant\u00e9                      <\/p>\n","protected":false},"excerpt":{"rendered":"Le cerveau garde sa capacit\u00e9 d\u2019apprendre tout au long de la vie. \u00a9 Freepik Si l\u2019on devait r\u00e9sumer&hellip;\n","protected":false},"author":2,"featured_media":457175,"comment_status":"","ping_status":"","sticky":false,"template":"","format":"standard","meta":{"footnotes":""},"categories":[10],"tags":[231,1011,27,72,71],"class_list":{"0":"post-457174","1":"post","2":"type-post","3":"status-publish","4":"format-standard","5":"has-post-thumbnail","7":"category-sante","8":"tag-cerveau","9":"tag-fr","10":"tag-france","11":"tag-health","12":"tag-sante"},"share_on_mastodon":{"url":"https:\/\/pubeurope.com\/@fr\/115360660531924662","error":""},"_links":{"self":[{"href":"https:\/\/www.europesays.com\/fr\/wp-json\/wp\/v2\/posts\/457174","targetHints":{"allow":["GET"]}}],"collection":[{"href":"https:\/\/www.europesays.com\/fr\/wp-json\/wp\/v2\/posts"}],"about":[{"href":"https:\/\/www.europesays.com\/fr\/wp-json\/wp\/v2\/types\/post"}],"author":[{"embeddable":true,"href":"https:\/\/www.europesays.com\/fr\/wp-json\/wp\/v2\/users\/2"}],"replies":[{"embeddable":true,"href":"https:\/\/www.europesays.com\/fr\/wp-json\/wp\/v2\/comments?post=457174"}],"version-history":[{"count":0,"href":"https:\/\/www.europesays.com\/fr\/wp-json\/wp\/v2\/posts\/457174\/revisions"}],"wp:featuredmedia":[{"embeddable":true,"href":"https:\/\/www.europesays.com\/fr\/wp-json\/wp\/v2\/media\/457175"}],"wp:attachment":[{"href":"https:\/\/www.europesays.com\/fr\/wp-json\/wp\/v2\/media?parent=457174"}],"wp:term":[{"taxonomy":"category","embeddable":true,"href":"https:\/\/www.europesays.com\/fr\/wp-json\/wp\/v2\/categories?post=457174"},{"taxonomy":"post_tag","embeddable":true,"href":"https:\/\/www.europesays.com\/fr\/wp-json\/wp\/v2\/tags?post=457174"}],"curies":[{"name":"wp","href":"https:\/\/api.w.org\/{rel}","templated":true}]}}