{"id":457176,"date":"2025-10-12T10:12:11","date_gmt":"2025-10-12T10:12:11","guid":{"rendered":"https:\/\/www.europesays.com\/fr\/457176\/"},"modified":"2025-10-12T10:12:11","modified_gmt":"2025-10-12T10:12:11","slug":"psg-vs-equipe-de-france-une-premiere-depuis-1991","status":"publish","type":"post","link":"https:\/\/www.europesays.com\/fr\/457176\/","title":{"rendered":"PSG vs \u00c9quipe de France, une premi\u00e8re depuis 1991"},"content":{"rendered":"<p><strong>L&rsquo;\u00e9quipe de France jouait<br \/>\nvendredi au Parc des Princes. Pour la premi\u00e8re fois depuis 1991,<br \/>\naucun joueur du PSG n&rsquo;a foul\u00e9 la pelouse du stade.<\/strong><\/p>\n<p>Vendredi soir, l\u2019\u00e9quipe de France \u00e9tait de retour aux affaires.<br \/>\nDans le cadre de la troisi\u00e8me journ\u00e9e des qualifications \u00e0 la Coupe<br \/>\ndu monde 2026, <a href=\"https:\/\/www.sports.fr\/football\/coupe-du-monde-2026\/les-bleus-tranquilles-mbappe-blesse-957916.html\" rel=\"nofollow noopener\" target=\"_blank\"><br \/>\nles hommes de Didier Deschamps ont affront\u00e9 et battu l\u2019Azerba\u00efdjan<br \/>\n(3-0)<\/a>. Une fois encore d\u00e9localis\u00e9e du Stade de France au Parc<br \/>\ndes Princes, ce match a constitu\u00e9 une grande premi\u00e8re depuis 1991<br \/>\nen ce qui concerne les joueurs du Paris Saint-Germain.<\/p>\n<p>En effet, et comme l\u2019a not\u00e9 Marca, pour la premi\u00e8re<br \/>\nfois depuis plus de trente-quatre ans, aucun joueur international<br \/>\nfran\u00e7ais \u00e9voluant au PSG n\u2019a foul\u00e9 la pelouse du Parc des Princes<br \/>\nalors que les Bleus \u00e9voluaient dans l\u2019antre du club de la capitale.<br \/>\nLa derni\u00e8re fois que cela s\u2019\u00e9tait produit, c\u2019\u00e9tait le 30 mars<br \/>\n1991.<\/p>\n<blockquote class=\"twitter-tweet\"><p><a class=\"twitter-link\" rel=\"noindex, nofollow noopener\" href=\"https:\/\/twitter.com\/sports_fr\/status\/1977259725474439189\" target=\"_blank\"><\/p><\/blockquote>\n<p>Ce soir-l\u00e0, les Bleus de Michel Platini disputaient un match<br \/>\ncomptant pour les \u00e9liminatoires de l\u2019Euro 92. Durant cette large<br \/>\nvictoire valid\u00e9e contre l\u2019Albanie (5-0), le s\u00e9lectionneur tricolore<br \/>\navait d\u2019abord align\u00e9 un onze compos\u00e9 des Auxerrois, Bruno Martini,<br \/>\nPascal Vahirua et Christophe Cocard, des Marseillais, Manuel<br \/>\nAmoros, Basile Boli, Eric Cantona et Jean-Pierre Papin, de Laurent<br \/>\nBlanc (Montpellier), Jean-Philippe Durand (Bordeaux), Franck Sauz\u00e9e<br \/>\n(Monaco) et Luis Fernandez (AS Cannes).<\/p>\n<p>Aucun joueur du PSG n\u2019a jou\u00e9 au Parc avec les Bleus ce<br \/>\nvendredi<\/p>\n<p>Pascale Bails (OM) et Didier Deschamps, alors joueur de<br \/>\nBordeaux, \u00e9taient entr\u00e9s en cours de jeu. Aucun Parisien n\u2019avaient<br \/>\npris part au match. Vendredi soir, le m\u00eame sc\u00e9nario s\u2019est donc<br \/>\nreproduit. Mais pour des raisons bien diff\u00e9rentes car Didier<br \/>\nDeschamps aurait \u00e9videmment pr\u00e9f\u00e9r\u00e9 pouvoir compter sur ses forces<br \/>\n\u00ab\u00a0made in PSG\u00a0\u00bb.<\/p>\n<p>Malheureusement pour le s\u00e9lectionneur, le Ballon d\u2019Or 2025,<br \/>\nOusmane Demb\u00e9l\u00e9, est toujours sur le flanc. M\u00eame chose pour D\u00e9sir\u00e9<br \/>\nDou\u00e9 et Bradley Barcola. Il y avait bien deux joueurs dans le<br \/>\ngroupe, mais Lucas Chevalier et Lucas Hernandez sont rest\u00e9s sur le<br \/>\nbanc face aux Azerba\u00efdjanais.<\/p>\n<p><script async src=\"https:\/\/platform.twitter.com\/widgets.js\" charset=\"utf-8\"><\/script><\/p>\n","protected":false},"excerpt":{"rendered":"L&rsquo;\u00e9quipe de France jouait vendredi au Parc des Princes. Pour la premi\u00e8re fois depuis 1991, aucun joueur du&hellip;\n","protected":false},"author":2,"featured_media":457177,"comment_status":"","ping_status":"","sticky":false,"template":"","format":"standard","meta":{"footnotes":""},"categories":[9],"tags":[1011,27,60],"class_list":{"0":"post-457176","1":"post","2":"type-post","3":"status-publish","4":"format-standard","5":"has-post-thumbnail","7":"category-sports","8":"tag-fr","9":"tag-france","10":"tag-sports"},"share_on_mastodon":{"url":"https:\/\/pubeurope.com\/@fr\/115360664714379425","error":""},"_links":{"self":[{"href":"https:\/\/www.europesays.com\/fr\/wp-json\/wp\/v2\/posts\/457176","targetHints":{"allow":["GET"]}}],"collection":[{"href":"https:\/\/www.europesays.com\/fr\/wp-json\/wp\/v2\/posts"}],"about":[{"href":"https:\/\/www.europesays.com\/fr\/wp-json\/wp\/v2\/types\/post"}],"author":[{"embeddable":true,"href":"https:\/\/www.europesays.com\/fr\/wp-json\/wp\/v2\/users\/2"}],"replies":[{"embeddable":true,"href":"https:\/\/www.europesays.com\/fr\/wp-json\/wp\/v2\/comments?post=457176"}],"version-history":[{"count":0,"href":"https:\/\/www.europesays.com\/fr\/wp-json\/wp\/v2\/posts\/457176\/revisions"}],"wp:featuredmedia":[{"embeddable":true,"href":"https:\/\/www.europesays.com\/fr\/wp-json\/wp\/v2\/media\/457177"}],"wp:attachment":[{"href":"https:\/\/www.europesays.com\/fr\/wp-json\/wp\/v2\/media?parent=457176"}],"wp:term":[{"taxonomy":"category","embeddable":true,"href":"https:\/\/www.europesays.com\/fr\/wp-json\/wp\/v2\/categories?post=457176"},{"taxonomy":"post_tag","embeddable":true,"href":"https:\/\/www.europesays.com\/fr\/wp-json\/wp\/v2\/tags?post=457176"}],"curies":[{"name":"wp","href":"https:\/\/api.w.org\/{rel}","templated":true}]}}