{"id":457182,"date":"2025-10-12T10:15:15","date_gmt":"2025-10-12T10:15:15","guid":{"rendered":"https:\/\/www.europesays.com\/fr\/457182\/"},"modified":"2025-10-12T10:15:15","modified_gmt":"2025-10-12T10:15:15","slug":"livret-a-lepargne-des-francais-bientot-utilise-pour-financer-le-nucleaire-on-sest-mis-daccord","status":"publish","type":"post","link":"https:\/\/www.europesays.com\/fr\/457182\/","title":{"rendered":"Livret A : l&rsquo;\u00e9pargne des Fran\u00e7ais bient\u00f4t utilis\u00e9 pour financer le nucl\u00e9aire ? \u00ab\u00a0On s\u2019est mis d\u2019accord\u00a0\u00bb"},"content":{"rendered":"<p>C\u2019est un virage \u00e9nerg\u00e9tique, financier et symbolique. La Caisse<br \/>\ndes d\u00e9p\u00f4ts a valid\u00e9 le principe d\u2019utiliser une partie des fonds<br \/>\nissus du Livret A pour financer la construction <strong>des<br \/>\nnouveaux r\u00e9acteurs nucl\u00e9aires EPR<\/strong>, a annonc\u00e9 jeudi son<br \/>\ndirecteur g\u00e9n\u00e9ral Olivier Sichel. Une d\u00e9claration choc, alors que<br \/>\nces fonds sont historiquement fl\u00e9ch\u00e9s vers le logement social.<br \/>\n\u00ab\u00a0On s\u2019est mis d\u2019accord avec Bercy et puis EDF sur le recours au<br \/>\nFonds d\u2019\u00e9pargne\u00a0\u00bb, a-t-il affirm\u00e9 lors d\u2019une rencontre avec<br \/>\nl\u2019Association des journalistes \u00e9conomiques et financiers.<\/p>\n<p>La prochaine \u00e9tape\u202f est : l\u2019accord de Bruxelles.<br \/>\n\u00ab\u00a0Maintenant, l\u2019\u00c9tat fran\u00e7ais va pr\u00e9senter sa copie \u00e0 Bruxelles<br \/>\npour obtenir l\u2019accord sur la maquette financi\u00e8re globale\u00a0\u00bb, a<br \/>\npoursuivi Olivier Sichel, sans d\u00e9voiler les d\u00e9tails du plan. Cette<br \/>\nvalidation europ\u00e9enne est indispensable pour s\u00e9curiser<br \/>\njuridiquement l\u2019op\u00e9ration, et \u00e9viter toute entrave<br \/>\nr\u00e9glementaire.<\/p>\n<p>400 milliards d&rsquo;euros en jeu, une strat\u00e9gie \u00e9nerg\u00e9tique<br \/>\naffirm\u00e9e<\/p>\n<p>La CDC g\u00e8re environ <strong>400 milliards d\u2019euros<\/strong><br \/>\nd\u2019\u00e9pargne r\u00e9glement\u00e9e, collect\u00e9s notamment via les <a href=\"https:\/\/www.mariefrance.fr\/actualite\/societe\/livret-a-nouvelle-regle-bloquer-virements-milliers-de-francais-automne-2025-1210076.html\" rel=\"nofollow noopener\" target=\"_blank\"><br \/>\nLivrets A,<\/a> <strong>LDDS et LEP<\/strong>. Plus de la moiti\u00e9 de<br \/>\ncette somme est d\u00e9j\u00e0 utilis\u00e9e pour des pr\u00eats \u00e0 long terme en faveur<br \/>\ndu <a href=\"https:\/\/www.mariefrance.fr\/actualite\/societe\/nouvelle-tombee-desormais-possible-acceder-logement-social-somme-2025-plafond-1114213.html\" rel=\"nofollow noopener\" target=\"_blank\"><br \/>\nlogement social<\/a>. L\u2019autre partie est investie dans des actifs<br \/>\nfinanciers, dont l\u2019identit\u00e9 reste partiellement confidentielle.<\/p>\n<p>D&rsquo;apr\u00e8s <a href=\"https:\/\/www.lefigaro.fr\/conjoncture\/le-financement-du-nucleaire-par-le-livret-a-poursuit-son-chemin-selon-le-patron-de-la-caisse-des-depots-20251009\" rel=\"nofollow noopener\" target=\"_blank\"><br \/>\nLe Figaro<\/a>, l\u2019annonce intervient alors que le gouvernement a<br \/>\nconfirm\u00e9 d\u00e9but juin la construction de six nouveaux r\u00e9acteurs<br \/>\n<strong>EPR \u00e0 horizon 2038<\/strong>. Si l\u2019estimation pr\u00e9cise des<br \/>\nco\u00fbts reste incertaine, l\u2019ancien ministre de l\u2019\u00c9nergie Marc<br \/>\nFerracci \u00e9voquait en f\u00e9vrier un budget \u00ab\u00a0en dessous de 100<br \/>\nmilliards d\u2019euros\u00a0\u00bb.<\/p>\n<p>En ouvrant la voie \u00e0 une participation des fonds <strong>du<br \/>\nLivret A<\/strong>, la CDC lie ainsi \u00e9pargne populaire et<br \/>\nsouverainet\u00e9 \u00e9nerg\u00e9tique. \u00ab\u00a0Le nucl\u00e9aire fait partie \u00e9videmment<br \/>\nde notre souverainet\u00e9 \u00e9nerg\u00e9tique\u00a0\u00bb, insiste Olivier Sichel,<br \/>\njustifiant ce virage strat\u00e9gique.<\/p>\n<p><img loading=\"lazy\" decoding=\"async\" itemprop=\"thumbnailUrl\" class=\"alignnone size-full wp-image-1183422 img-responsive\" src=\"https:\/\/www.europesays.com\/fr\/wp-content\/uploads\/2025\/10\/ed-app-smartpone-2025-07-10t071716.125.jpg\" alt=\"livret a\" width=\"1280\" height=\"720\"\/> \u00a9<br \/>\nShutterstock<\/p>\n<p>La CDC anticipe une crise financi\u00e8re,<br \/>\nmais affiche sa solidit\u00e9<\/p>\n<p>Interrog\u00e9 sur les tensions macro\u00e9conomiques, Olivier Sichel a<br \/>\n\u00e9galement exprim\u00e9 ses craintes face \u00e0 une potentielle bulle dans le<br \/>\nsecteur technologique. Il a notamment point\u00e9 les montants investis<br \/>\ndans les technologies \u00e9mergentes : \u00ab\u00a0Les investissements<br \/>\ncolossaux dans l\u2019intelligence artificielle cr\u00e9aient un parall\u00e8le<br \/>\navec la bulle internet \u00e0 la fin des ann\u00e9es 90\u00a0\u00bb.<\/p>\n<p>Malgr\u00e9 cette prudence, la CDC affiche une sant\u00e9 <a href=\"https:\/\/www.mariefrance.fr\/actualite\/societe\/livret-a-lepargne-francais-utilisee-financer-projets-nucleaires-pays-verifie-1178181.html\" rel=\"nofollow noopener\" target=\"_blank\"><br \/>\nfinanci\u00e8re<\/a> robuste. Pour 2025, son b\u00e9n\u00e9fice net devrait<br \/>\natteindre \u00ab\u00a05 milliards d\u2019euros\u00a0\u00bb, a annonc\u00e9 son directeur<br \/>\ng\u00e9n\u00e9ral, preuve que l\u2019\u00e9tablissement se pr\u00e9pare \u00e0 absorber de<br \/>\nnouvelles missions d\u2019envergure, dont le financement du<br \/>\nnucl\u00e9aire.<\/p>\n","protected":false},"excerpt":{"rendered":"C\u2019est un virage \u00e9nerg\u00e9tique, financier et symbolique. La Caisse des d\u00e9p\u00f4ts a valid\u00e9 le principe d\u2019utiliser une partie&hellip;\n","protected":false},"author":2,"featured_media":457183,"comment_status":"","ping_status":"","sticky":false,"template":"","format":"standard","meta":{"footnotes":""},"categories":[6],"tags":[35,21303,33,34,1011,27,43274],"class_list":{"0":"post-457182","1":"post","2":"type-post","3":"status-publish","4":"format-standard","5":"has-post-thumbnail","7":"category-economie","8":"tag-business","9":"tag-buzz_nonli","10":"tag-economie","11":"tag-economy","12":"tag-fr","13":"tag-france","14":"tag-ga1"},"share_on_mastodon":{"url":"https:\/\/pubeurope.com\/@fr\/115360676770244779","error":""},"_links":{"self":[{"href":"https:\/\/www.europesays.com\/fr\/wp-json\/wp\/v2\/posts\/457182","targetHints":{"allow":["GET"]}}],"collection":[{"href":"https:\/\/www.europesays.com\/fr\/wp-json\/wp\/v2\/posts"}],"about":[{"href":"https:\/\/www.europesays.com\/fr\/wp-json\/wp\/v2\/types\/post"}],"author":[{"embeddable":true,"href":"https:\/\/www.europesays.com\/fr\/wp-json\/wp\/v2\/users\/2"}],"replies":[{"embeddable":true,"href":"https:\/\/www.europesays.com\/fr\/wp-json\/wp\/v2\/comments?post=457182"}],"version-history":[{"count":0,"href":"https:\/\/www.europesays.com\/fr\/wp-json\/wp\/v2\/posts\/457182\/revisions"}],"wp:featuredmedia":[{"embeddable":true,"href":"https:\/\/www.europesays.com\/fr\/wp-json\/wp\/v2\/media\/457183"}],"wp:attachment":[{"href":"https:\/\/www.europesays.com\/fr\/wp-json\/wp\/v2\/media?parent=457182"}],"wp:term":[{"taxonomy":"category","embeddable":true,"href":"https:\/\/www.europesays.com\/fr\/wp-json\/wp\/v2\/categories?post=457182"},{"taxonomy":"post_tag","embeddable":true,"href":"https:\/\/www.europesays.com\/fr\/wp-json\/wp\/v2\/tags?post=457182"}],"curies":[{"name":"wp","href":"https:\/\/api.w.org\/{rel}","templated":true}]}}