{"id":457184,"date":"2025-10-12T10:16:14","date_gmt":"2025-10-12T10:16:14","guid":{"rendered":"https:\/\/www.europesays.com\/fr\/457184\/"},"modified":"2025-10-12T10:16:14","modified_gmt":"2025-10-12T10:16:14","slug":"a-madagascar-un-contingent-militaire-allie-aux-manifestants-affirme-avoir-pris-le-controle-des-forces-armees-liberation","status":"publish","type":"post","link":"https:\/\/www.europesays.com\/fr\/457184\/","title":{"rendered":"A Madagascar, un contingent militaire alli\u00e9 aux manifestants affirme avoir pris le contr\u00f4le des forces arm\u00e9es \u2013 Lib\u00e9ration"},"content":{"rendered":"<p class=\"sc-cPiKLX AiZTS text-element\">Un contingent de l\u2019arm\u00e9e malgache a affirm\u00e9 ce dimanche 12 octobre avoir pris le contr\u00f4le des forces arm\u00e9es du pays, apr\u00e8s avoir rejoint la veille les manifestants antigouvernementaux et appel\u00e9 les forces de s\u00e9curit\u00e9 \u00e0 \u00abrefuser les ordres\u00bb. <\/p>\n<p class=\"sc-cPiKLX AiZTS text-element\">\u00abD\u00e9sormais, tous les ordres de l\u2019arm\u00e9e malgache, qu\u2019ils soient terrestres, a\u00e9riens ou militaires, \u00e9maneront du quartier g\u00e9n\u00e9ral du Capsat (Corps d\u2019arm\u00e9e des personnels et des services administratifs et techniques)\u00bb, ont annonc\u00e9 des officiers de ce contingent dans une d\u00e9claration vid\u00e9o. <\/p>\n<p class=\"sc-cPiKLX AiZTS text-element\">Une nouvelle manifestation est pr\u00e9vue dimanche matin dans la capitale malgache, tandis qu\u2019une c\u00e9r\u00e9monie de fun\u00e9railles d\u2019un soldat tu\u00e9 lors d\u2019une manifestation la veille \u00e9tait en cours.<\/p>\n<p class=\"sc-cPiKLX AiZTS text-element\">Quelques heures plus t\u00f4t, le pr\u00e9sident malgache, Andry Rajoelina, a d\u00e9clar\u00e9 qu\u2019une \u00abtentative de prise du pouvoir ill\u00e9gale et par la force\u00bb \u00e9tait en cours. <\/p>\n<p class=\"sc-cPiKLX AiZTS text-element\">\u00abLa pr\u00e9sidence de la R\u00e9publique souhaite informer la nation et la communaut\u00e9 internationale qu\u2019une tentative de prise du pouvoir ill\u00e9gale et par la force, contraire \u00e0 la Constitution et aux principes d\u00e9mocratiques, est en cours sur le territoire national\u00bb, a d\u00e9clar\u00e9 Rajoelina dans un communiqu\u00e9, sans fournir de preuve \u00e0 ce qu\u2019il avance. <\/p>\n<p class=\"sc-cPiKLX AiZTS text-element\">Le pr\u00e9sident r\u00e9agissait aux \u00e9v\u00e9nements de la veille, lorsque <a href=\"https:\/\/www.liberation.fr\/international\/afrique\/mobilisation-a-madagascar-une-unite-de-larmee-appelle-a-refuser-les-ordres-de-tirer-sur-les-manifestants-20251011_MFITC7S3GJH23IAIT43NUEFDHQ\/\" target=\"_blank\" rel=\"nofollow noopener\" title=\"https:\/\/www.liberation.fr\/international\/afrique\/mobilisation-a-madagascar-une-unite-de-larmee-appelle-a-refuser-les-ordres-de-tirer-sur-les-manifestants-20251011_MFITC7S3GJH23IAIT43NUEFDHQ\/\">des soldats malgaches ont rejoint les milliers de manifestants dans les rues d\u2019Antananarivo,<\/a> appelant les forces de s\u00e9curit\u00e9 \u00e0 \u00abrefuser les ordres de tirer\u00bb sur la population et condamnant la r\u00e9pression polici\u00e8re r\u00e9cente. Avant de quitter leur base militaire du district de Soanierana, \u00e0 la p\u00e9riph\u00e9rie d\u2019Antananarivo, les soldats du Capsat avaient appel\u00e9 \u00e0 la d\u00e9sob\u00e9issance. En 2009, cette base avait d\u00e9j\u00e0 men\u00e9 une mutinerie lors du soul\u00e8vement populaire qui avait port\u00e9 au pouvoir l\u2019actuel pr\u00e9sident. <\/p>\n<p class=\"sc-cPiKLX AiZTS text-element\">La manifestation de samedi \u00e0 Antananarivo a \u00e9t\u00e9 l\u2019une des plus importantes depuis le d\u00e9but de la contestation le 25 septembre, lanc\u00e9e par <a href=\"https:\/\/www.liberation.fr\/international\/indonesie-madagascar-maroc-france-pourquoi-le-drapeau-pirate-de-one-piece-est-il-brandi-lors-des-mouvements-sociaux-20251003_WM336HCW7FARJJ5Q2JR4ADKI6U\/\" target=\"_blank\" rel=\"nofollow noopener\" title=\"https:\/\/www.liberation.fr\/international\/indonesie-madagascar-maroc-france-pourquoi-le-drapeau-pirate-de-one-piece-est-il-brandi-lors-des-mouvements-sociaux-20251003_WM336HCW7FARJJ5Q2JR4ADKI6U\/\">le mouvement Gen Z<\/a> pour protester contre les coupures d\u2019eau et d\u2019\u00e9lectricit\u00e9 et qui s\u2019est mu\u00e9e en une remise en cause des responsables politiques au pouvoir, \u00e0 commencer par le Pr\u00e9sident, Andry Raojelina. <\/p>\n<p class=\"sc-cPiKLX AiZTS text-element\">Des soldats ont affront\u00e9 les gendarmes devant une caserne et sont entr\u00e9s dans la ville \u00e0 bord de v\u00e9hicules militaires pour rejoindre les manifestants sur la symbolique place du 13 Mai, devant la mairie d\u2019Antananarivo, o\u00f9 ils ont \u00e9t\u00e9 accueillis par des acclamations et des appels \u00e0 la d\u00e9mission de Rajoelina.<\/p>\n<p class=\"sc-cPiKLX AiZTS text-element\">Samedi soir, le nouveau Premier ministre, Ruphin Zafisambo, a assur\u00e9 que le gouvernement, \u00abqui se maintient fermement\u00bb, \u00e9tait \u00abpr\u00eat \u00e0 collaborer et \u00e0 \u00e9couter toutes les forces : les jeunes, les syndicats et l\u2019arm\u00e9e\u00bb. <\/p>\n<p class=\"sc-cPiKLX AiZTS text-element\">\u00abMadagascar ne pourra pas r\u00e9sister \u00e0 d\u2019autres crises si cette division entre les citoyens persiste\u00bb, a poursuivi le g\u00e9n\u00e9ral Zafisambo dans un bref discours film\u00e9. <\/p>\n<p class=\"sc-cPiKLX AiZTS text-element\">De son c\u00f4t\u00e9, la pr\u00e9sidence a publi\u00e9 un communiqu\u00e9 assurant que le pr\u00e9sident Rajoelina \u00abrest[ait] dans le pays\u00bb et \u00abcontinu[ait] de g\u00e9rer les affaires nationales\u00bb. <\/p>\n<p class=\"sc-cPiKLX AiZTS text-element\">Au moins 22 personnes ont \u00e9t\u00e9 tu\u00e9es depuis <a href=\"https:\/\/www.liberation.fr\/international\/afrique\/penuries-deau-et-de-courant-manifestations-et-repression-brutale-que-se-passe-t-il-a-madagascar-20250930_Q3X6QMJV7VEADODVLKZV4HMUPE\/\" target=\"_blank\" rel=\"nofollow noopener\" title=\"https:\/\/www.liberation.fr\/international\/afrique\/penuries-deau-et-de-courant-manifestations-et-repression-brutale-que-se-passe-t-il-a-madagascar-20250930_Q3X6QMJV7VEADODVLKZV4HMUPE\/\">le d\u00e9but des manifestations<\/a> et plus d\u2019une centaine bless\u00e9es, d\u2019apr\u00e8s un bilan des Nations unies. Le pr\u00e9sident Rajoelina a d\u00e9menti des \u00abnombres erron\u00e9s\u00bb mercredi, estimant les \u00abpertes de vies\u00bb \u00e0 12, tous \u00abdes pilleurs, des casseurs\u00bb, selon lui. <\/p>\n<p class=\"sc-cPiKLX AiZTS text-element\"><b>Mise \u00e0 jour<\/b> \u00e0 11 h 05 avec l\u2019annonce du contingent militaire alli\u00e9 aux manifestants qui affirme avoir pris le contr\u00f4le des forces arm\u00e9es. <\/p>\n","protected":false},"excerpt":{"rendered":"Un contingent de l\u2019arm\u00e9e malgache a affirm\u00e9 ce dimanche 12 octobre avoir pris le contr\u00f4le des forces arm\u00e9es&hellip;\n","protected":false},"author":2,"featured_media":457185,"comment_status":"","ping_status":"","sticky":false,"template":"","format":"standard","meta":{"footnotes":""},"categories":[5],"tags":[11,1011,27,56408,14,8459,12,28],"class_list":{"0":"post-457184","1":"post","2":"type-post","3":"status-publish","4":"format-standard","5":"has-post-thumbnail","7":"category-international","8":"tag-actualites","9":"tag-fr","10":"tag-france","11":"tag-gen-z","12":"tag-international","13":"tag-madagascar","14":"tag-news","15":"tag-world"},"share_on_mastodon":{"url":"https:\/\/pubeurope.com\/@fr\/115360680135377022","error":""},"_links":{"self":[{"href":"https:\/\/www.europesays.com\/fr\/wp-json\/wp\/v2\/posts\/457184","targetHints":{"allow":["GET"]}}],"collection":[{"href":"https:\/\/www.europesays.com\/fr\/wp-json\/wp\/v2\/posts"}],"about":[{"href":"https:\/\/www.europesays.com\/fr\/wp-json\/wp\/v2\/types\/post"}],"author":[{"embeddable":true,"href":"https:\/\/www.europesays.com\/fr\/wp-json\/wp\/v2\/users\/2"}],"replies":[{"embeddable":true,"href":"https:\/\/www.europesays.com\/fr\/wp-json\/wp\/v2\/comments?post=457184"}],"version-history":[{"count":0,"href":"https:\/\/www.europesays.com\/fr\/wp-json\/wp\/v2\/posts\/457184\/revisions"}],"wp:featuredmedia":[{"embeddable":true,"href":"https:\/\/www.europesays.com\/fr\/wp-json\/wp\/v2\/media\/457185"}],"wp:attachment":[{"href":"https:\/\/www.europesays.com\/fr\/wp-json\/wp\/v2\/media?parent=457184"}],"wp:term":[{"taxonomy":"category","embeddable":true,"href":"https:\/\/www.europesays.com\/fr\/wp-json\/wp\/v2\/categories?post=457184"},{"taxonomy":"post_tag","embeddable":true,"href":"https:\/\/www.europesays.com\/fr\/wp-json\/wp\/v2\/tags?post=457184"}],"curies":[{"name":"wp","href":"https:\/\/api.w.org\/{rel}","templated":true}]}}