{"id":457186,"date":"2025-10-12T10:17:11","date_gmt":"2025-10-12T10:17:11","guid":{"rendered":"https:\/\/www.europesays.com\/fr\/457186\/"},"modified":"2025-10-12T10:17:11","modified_gmt":"2025-10-12T10:17:11","slug":"six-personnes-evacuees-dont-trois-transportees-a-lhopital","status":"publish","type":"post","link":"https:\/\/www.europesays.com\/fr\/457186\/","title":{"rendered":"six personnes \u00e9vacu\u00e9es, dont trois transport\u00e9es \u00e0 l&rsquo;h\u00f4pital"},"content":{"rendered":"<p>Ce dimanche 12 octobre, les sapeurs-pompiers de C\u00f4te-d\u2019Or sont intervenus aux alentours de 9 heures, au 57, avenue Jean-Jaur\u00e8s, dans le quartier du port du canal, pour un feu d\u2019appartement.<\/p>\n<p>Ce contenu est bloqu\u00e9 car vous n&rsquo;avez pas accept\u00e9 les cookies et autres traceurs.<\/p>\n<p>En cliquant sur \u00ab J\u2019accepte \u00bb, les cookies et autres traceurs seront d\u00e9pos\u00e9s et vous pourrez visualiser les contenus  (<a href=\"\" class=\"consentModule_policy\" target=\"_blank\" title=\"Consulter la politique de protection des donn\u00e9es du fournisseur\">plus d&rsquo;informations<\/a>).<\/p>\n<p>En cliquant sur \u00ab J\u2019accepte tous les cookies \u00bb, vous autorisez des d\u00e9p\u00f4ts de cookies et autres traceurs pour le stockage de vos donn\u00e9es sur nos sites et applications \u00e0 des fins de personnalisation et de ciblage publicitaire.<\/p>\n<p class=\"consentModule_secondaryText\">Vous gardez la possibilit\u00e9 de retirer votre consentement \u00e0 tout moment en consultant notre <a href=\"https:\/\/www.bienpublic.com\/protection-des-donnees\" target=\"_blank\" title=\"Consulter notre politique de protection des donn\u00e9es\" rel=\"noopener\">politique de protection des donn\u00e9es<\/a>. <br \/>&#13;<br \/>\n            <a href=\"https:\/\/www.bienpublic.com\/faits-divers-justice\/2025\/10\/12\/javascript:Didomi.notice.show()\" class=\"consentModule_cmp\" target=\"_blank\" rel=\"noopener\">G\u00e9rer mes choix<\/a>&#13;\n        <\/p>\n<p>&#13;<br \/>\n                        J&rsquo;accepte&#13;<br \/>\n            J&rsquo;accepte tous les cookies&#13;\n        <\/p>\n<p>D&rsquo;apr\u00e8s nos informations, le locataire des lieux s\u2019est endormi sur son lit avec sa cigarette, provoquant le d\u00e9part du feu.\u00a0<\/p>\n<p>Le feu \u00e9tait d\u00e9j\u00e0 ma\u00eetris\u00e9 quand les pompiers sont arriv\u00e9s<\/p>\n<p>Une fois sur place, les secours ont pu constater que le feu avait d\u00e9j\u00e0 \u00e9t\u00e9 ma\u00eetris\u00e9 par d\u2019autres habitants du b\u00e2timent.<\/p>\n<p>Au total, six personnes ont \u00e9t\u00e9 prises en charge sur les lieux, et trois d\u2019entre elles vont \u00eatre transport\u00e9es \u00e0 l\u2019h\u00f4pital.\u00a0<\/p>\n<p>Ce sont aussi deux fourgons, une \u00e9chelle a\u00e9rienne, deux v\u00e9hicules de secours et d&rsquo;assistance aux victimes (VSAV), un poste de commandement et quatre v\u00e9hicules de commandement qui ont \u00e9t\u00e9 d\u00e9p\u00each\u00e9s sur place, soit 27 pompiers.<\/p>\n","protected":false},"excerpt":{"rendered":"Ce dimanche 12 octobre, les sapeurs-pompiers de C\u00f4te-d\u2019Or sont intervenus aux alentours de 9 heures, au 57, avenue&hellip;\n","protected":false},"author":2,"featured_media":457187,"comment_status":"","ping_status":"","sticky":false,"template":"","format":"standard","meta":{"footnotes":""},"categories":[4],"tags":[11,2931,2930,8588,274,107,1011,27,12,25],"class_list":{"0":"post-457186","1":"post","2":"type-post","3":"status-publish","4":"format-standard","5":"has-post-thumbnail","7":"category-france","8":"tag-actualites","9":"tag-cote-dor","10":"tag-dijon","11":"tag-edition-dijon-et-son-agglomeration","12":"tag-faits-divers-justice","13":"tag-fil-info","14":"tag-fr","15":"tag-france","16":"tag-news","17":"tag-republique-francaise"},"share_on_mastodon":{"url":"https:\/\/pubeurope.com\/@fr\/115360684140270631","error":""},"_links":{"self":[{"href":"https:\/\/www.europesays.com\/fr\/wp-json\/wp\/v2\/posts\/457186","targetHints":{"allow":["GET"]}}],"collection":[{"href":"https:\/\/www.europesays.com\/fr\/wp-json\/wp\/v2\/posts"}],"about":[{"href":"https:\/\/www.europesays.com\/fr\/wp-json\/wp\/v2\/types\/post"}],"author":[{"embeddable":true,"href":"https:\/\/www.europesays.com\/fr\/wp-json\/wp\/v2\/users\/2"}],"replies":[{"embeddable":true,"href":"https:\/\/www.europesays.com\/fr\/wp-json\/wp\/v2\/comments?post=457186"}],"version-history":[{"count":0,"href":"https:\/\/www.europesays.com\/fr\/wp-json\/wp\/v2\/posts\/457186\/revisions"}],"wp:featuredmedia":[{"embeddable":true,"href":"https:\/\/www.europesays.com\/fr\/wp-json\/wp\/v2\/media\/457187"}],"wp:attachment":[{"href":"https:\/\/www.europesays.com\/fr\/wp-json\/wp\/v2\/media?parent=457186"}],"wp:term":[{"taxonomy":"category","embeddable":true,"href":"https:\/\/www.europesays.com\/fr\/wp-json\/wp\/v2\/categories?post=457186"},{"taxonomy":"post_tag","embeddable":true,"href":"https:\/\/www.europesays.com\/fr\/wp-json\/wp\/v2\/tags?post=457186"}],"curies":[{"name":"wp","href":"https:\/\/api.w.org\/{rel}","templated":true}]}}