{"id":45719,"date":"2025-04-23T04:53:18","date_gmt":"2025-04-23T04:53:18","guid":{"rendered":"https:\/\/www.europesays.com\/fr\/45719\/"},"modified":"2025-04-23T04:53:18","modified_gmt":"2025-04-23T04:53:18","slug":"le-ras-le-bol-des-habitants-face-aux-nuisances","status":"publish","type":"post","link":"https:\/\/www.europesays.com\/fr\/45719\/","title":{"rendered":"le ras-le-bol des habitants face aux nuisances"},"content":{"rendered":"<p>Une fois par mois, les mercredis de 17\u00a0h \u00e0 18\u00a0h, la repr\u00e9sentante locale de la Conf\u00e9d\u00e9ration nationale du logement (CNL), Marthe Schaeffer, ouvre les portes de sa permanence au 18, rue de la Doller, et noircit les pages d\u2019un cahier de dol\u00e9ances qui n\u2019en finit plus de se remplir. Ce jour-l\u00e0 encore, une dizaine d\u2019habitants du quartier se sont d\u00e9plac\u00e9s pour \u00ab\u00a0vider leur sac\u00a0\u00bb. Contre le bailleur Habitation Moderne (HM) et\/ou la Ville, face \u00e0 un manque de r\u00e9activit\u00e9 suppos\u00e9\u00a0; contre les incivilit\u00e9s r\u00e9currentes\u00a0; ou pour d\u00e9noncer les nuisances li\u00e9es au march\u00e9 du mercredi.<\/p>\n<p>Soucis d\u2019eau chaude et de calcaire<\/p>\n<p>\u00ab\u00a0HM, m\u00eame quand on se d\u00e9place \u00e0 la permanence, on ne sait pas s\u2019ils nous \u00e9coutent, ou s\u2019ils classent les dossiers d\u00e8s qu\u2019on fait une r\u00e9clamation\u00a0!\u00a0\u00bb s\u2019agace une dame. \u00ab\u00a0Ils vous r\u00e9pondent une fois sur dix\u00a0\u00bb, assure une autre, qui voudrait \u00ab\u00a0enfin des entr\u00e9es d\u2019immeubles plus propres, et surtout la s\u00e9curit\u00e9\u00a0!\u00a0\u00bb&#8230;<\/p>\n","protected":false},"excerpt":{"rendered":"Une fois par mois, les mercredis de 17\u00a0h \u00e0 18\u00a0h, la repr\u00e9sentante locale de la Conf\u00e9d\u00e9ration nationale du&hellip;\n","protected":false},"author":2,"featured_media":45720,"comment_status":"","ping_status":"","sticky":false,"template":"","format":"standard","meta":{"footnotes":""},"categories":[2820],"tags":[1111,11,2880,1777,674,107,1011,27,775,1061,3035,1908,12,316,25,104,640,2879,1631],"class_list":{"0":"post-45719","1":"post","2":"type-post","3":"status-publish","4":"format-standard","5":"has-post-thumbnail","7":"category-strasbourg","8":"tag-actu","9":"tag-actualites","10":"tag-edition-strasbourg","11":"tag-eu","12":"tag-europe","13":"tag-fil-info","14":"tag-fr","15":"tag-france","16":"tag-grand-est","17":"tag-immigration","18":"tag-la-matinale-strasbourg","19":"tag-logement","20":"tag-news","21":"tag-politique","22":"tag-republique-francaise","23":"tag-societe","24":"tag-strasbourg","25":"tag-strasbourg-ville","26":"tag-vie-associative"},"share_on_mastodon":{"url":"https:\/\/pubeurope.com\/@fr\/114385492677728731","error":""},"_links":{"self":[{"href":"https:\/\/www.europesays.com\/fr\/wp-json\/wp\/v2\/posts\/45719","targetHints":{"allow":["GET"]}}],"collection":[{"href":"https:\/\/www.europesays.com\/fr\/wp-json\/wp\/v2\/posts"}],"about":[{"href":"https:\/\/www.europesays.com\/fr\/wp-json\/wp\/v2\/types\/post"}],"author":[{"embeddable":true,"href":"https:\/\/www.europesays.com\/fr\/wp-json\/wp\/v2\/users\/2"}],"replies":[{"embeddable":true,"href":"https:\/\/www.europesays.com\/fr\/wp-json\/wp\/v2\/comments?post=45719"}],"version-history":[{"count":0,"href":"https:\/\/www.europesays.com\/fr\/wp-json\/wp\/v2\/posts\/45719\/revisions"}],"wp:featuredmedia":[{"embeddable":true,"href":"https:\/\/www.europesays.com\/fr\/wp-json\/wp\/v2\/media\/45720"}],"wp:attachment":[{"href":"https:\/\/www.europesays.com\/fr\/wp-json\/wp\/v2\/media?parent=45719"}],"wp:term":[{"taxonomy":"category","embeddable":true,"href":"https:\/\/www.europesays.com\/fr\/wp-json\/wp\/v2\/categories?post=45719"},{"taxonomy":"post_tag","embeddable":true,"href":"https:\/\/www.europesays.com\/fr\/wp-json\/wp\/v2\/tags?post=45719"}],"curies":[{"name":"wp","href":"https:\/\/api.w.org\/{rel}","templated":true}]}}