{"id":457190,"date":"2025-10-12T10:19:13","date_gmt":"2025-10-12T10:19:13","guid":{"rendered":"https:\/\/www.europesays.com\/fr\/457190\/"},"modified":"2025-10-12T10:19:13","modified_gmt":"2025-10-12T10:19:13","slug":"le-bouchon-a-la-sauce-forezienne-va-passer-a-la-tele","status":"publish","type":"post","link":"https:\/\/www.europesays.com\/fr\/457190\/","title":{"rendered":"le bouchon \u00e0 la sauce for\u00e9zienne va passer \u00e0 la t\u00e9l\u00e9"},"content":{"rendered":"<p>Institution st\u00e9phanoise depuis pr\u00e8s de trente ans, le Bistrot de Vingr\u00e9 s\u2019appr\u00eate \u00e0 passer sur le petit \u00e9cran. L\u2019\u00e9tablissement, bien connu des habitu\u00e9s du centre-ville de Saint-Etienne, participera \u00e0 l\u2019\u00e9mission La Meilleure Cuisine r\u00e9gionale, c\u2019est chez moi\u00a0!, diffus\u00e9e sur M6 le 15\u00a0octobre prochain.<\/p>\n<p>N\u00e9e \u00e0 Alger et arriv\u00e9e \u00e0 Saint-\u00c9tienne \u00e0 18 ans, Nadia Almi conna\u00eet chaque recoin du lieu. \u00ab Je travaillais ici comme serveuse pour l\u2019ancien propri\u00e9taire. Quand il a pris sa retraite, j\u2019ai d\u00e9cid\u00e9 de reprendre. Aujourd\u2019hui, c\u2019est ma maison\u00a0\u00bb, nous confie-t-elle.<\/p>\n<p>L\u2019esprit du bistrot d\u2019antan<\/p>\n<p>En salle, elle perp\u00e9tue l\u2019esprit du bistrot d\u2019antan\u00a0:&#8230;<\/p>\n","protected":false},"excerpt":{"rendered":"Institution st\u00e9phanoise depuis pr\u00e8s de trente ans, le Bistrot de Vingr\u00e9 s\u2019appr\u00eate \u00e0 passer sur le petit \u00e9cran.&hellip;\n","protected":false},"author":2,"featured_media":457191,"comment_status":"","ping_status":"","sticky":false,"template":"","format":"standard","meta":{"footnotes":""},"categories":[9653],"tags":[1111,11,2430,1687,7539,1777,674,107,1011,27,3367,6016,20065,12,2610,25,4001,7538,10806],"class_list":{"0":"post-457190","1":"post","2":"type-post","3":"status-publish","4":"format-standard","5":"has-post-thumbnail","7":"category-saint-etienne","8":"tag-actu","9":"tag-actualites","10":"tag-auvergne-rhone-alpes","11":"tag-culture-loisirs","12":"tag-edition-loire-sud","13":"tag-eu","14":"tag-europe","15":"tag-fil-info","16":"tag-fr","17":"tag-france","18":"tag-loire","19":"tag-magazine-cuisine-et-vins","20":"tag-magazine-tourisme-et-patrimoine","21":"tag-news","22":"tag-recettes","23":"tag-republique-francaise","24":"tag-saint-etienne","25":"tag-saint-etienne-ville","26":"tag-selection-de-la-redaction-42"},"share_on_mastodon":{"url":"https:\/\/pubeurope.com\/@fr\/115360691906847178","error":""},"_links":{"self":[{"href":"https:\/\/www.europesays.com\/fr\/wp-json\/wp\/v2\/posts\/457190","targetHints":{"allow":["GET"]}}],"collection":[{"href":"https:\/\/www.europesays.com\/fr\/wp-json\/wp\/v2\/posts"}],"about":[{"href":"https:\/\/www.europesays.com\/fr\/wp-json\/wp\/v2\/types\/post"}],"author":[{"embeddable":true,"href":"https:\/\/www.europesays.com\/fr\/wp-json\/wp\/v2\/users\/2"}],"replies":[{"embeddable":true,"href":"https:\/\/www.europesays.com\/fr\/wp-json\/wp\/v2\/comments?post=457190"}],"version-history":[{"count":0,"href":"https:\/\/www.europesays.com\/fr\/wp-json\/wp\/v2\/posts\/457190\/revisions"}],"wp:featuredmedia":[{"embeddable":true,"href":"https:\/\/www.europesays.com\/fr\/wp-json\/wp\/v2\/media\/457191"}],"wp:attachment":[{"href":"https:\/\/www.europesays.com\/fr\/wp-json\/wp\/v2\/media?parent=457190"}],"wp:term":[{"taxonomy":"category","embeddable":true,"href":"https:\/\/www.europesays.com\/fr\/wp-json\/wp\/v2\/categories?post=457190"},{"taxonomy":"post_tag","embeddable":true,"href":"https:\/\/www.europesays.com\/fr\/wp-json\/wp\/v2\/tags?post=457190"}],"curies":[{"name":"wp","href":"https:\/\/api.w.org\/{rel}","templated":true}]}}