{"id":457192,"date":"2025-10-12T10:20:13","date_gmt":"2025-10-12T10:20:13","guid":{"rendered":"https:\/\/www.europesays.com\/fr\/457192\/"},"modified":"2025-10-12T10:20:13","modified_gmt":"2025-10-12T10:20:13","slug":"pour-louverture-du-festival-lumiere-kad-merad-revendique-son-cote-vert","status":"publish","type":"post","link":"https:\/\/www.europesays.com\/fr\/457192\/","title":{"rendered":"pour l\u2019ouverture du Festival Lumi\u00e8re, Kad Merad revendique son c\u00f4t\u00e9 \u00ab\u00a0vert \u00bb"},"content":{"rendered":"<p>L\u2019un des acteurs fran\u00e7ais les plus populaires depuis des ann\u00e9es. Le com\u00e9dien Kad Merad fait partie des c\u00e9l\u00e9brit\u00e9s qui pr\u00e9senteront des films au Festival Lumi\u00e8res. L\u2019acteur de Bienvenue chez les Ch\u2019tis et des Choristes pour ne citer qu\u2019eux, pr\u00e9sentera ce dimanche Apocalypse Now<\/p>\n<p>Celui qui a grandi \u00e0 Balbigny, dans la Loire, n\u2019a pas tari d\u2019\u00e9loges sur le festival d\u00e9di\u00e9 au septi\u00e8me art. \u00ab\u00a0C\u2019est un festival important parce qu\u2019il met en avant les grands classiques comme ce samedi avec Vol au-dessus d\u2019un nid de coucous. C\u2019est un festival indispensable parce qu\u2019il pr\u00e9serve la m\u00e9moire de tout le cin\u00e9ma et il a une place pr\u00e9pond\u00e9rante.\u00a0\u00bb<\/p>\n<p>  Les atouts de Lyon par Kad Merad<\/p>\n<p>Dans la suite de notre entretien avec Kad Merad, ce dernier d\u00e9voile les raisons pour lesquelles il aime Lyon. \u00ab\u00a0J\u2019aime bien les Lyonnais. Je ne viens pas connait pas tr\u00e8s bien Lyon mais \u00e0 chaque fois que je viens je mange tr\u00e8s bien dans les bouchons.\u00a0\u00bb Le com\u00e9dien en a aussi profit\u00e9 pour revendiquer son c\u00f4t\u00e9 st\u00e9phanois. \u00ab\u00a0J\u2019aime bien que vous ne soyez pas tr\u00e8s loin de Saint-Etienne. J\u2019ai grandi dans la r\u00e9gion. Je suis un Vert mais il ne faut pas le dire ici\u00a0\u00bb, a plaisant\u00e9 l\u2019acteur \u00e0 l\u2019issue de la c\u00e9r\u00e9monie d\u2019ouverture.<\/p>\n<p>Le Festival Lumi\u00e8re se d\u00e9roule jusqu\u2019au 19 octobre dans de nombreux lieux dans la m\u00e9tropole de Lyon.<\/p>\n","protected":false},"excerpt":{"rendered":"L\u2019un des acteurs fran\u00e7ais les plus populaires depuis des ann\u00e9es. Le com\u00e9dien Kad Merad fait partie des c\u00e9l\u00e9brit\u00e9s&hellip;\n","protected":false},"author":2,"featured_media":457193,"comment_status":"","ping_status":"","sticky":false,"template":"","format":"standard","meta":{"footnotes":""},"categories":[9653],"tags":[1111,11,4000,2430,36772,650,9840,16734,7539,2757,1777,674,34755,107,63,1011,27,3367,2428,12,2755,25,2429,4001],"class_list":{"0":"post-457192","1":"post","2":"type-post","3":"status-publish","4":"format-standard","5":"has-post-thumbnail","7":"category-saint-etienne","8":"tag-actu","9":"tag-actualites","10":"tag-asse-as-saint-etienne-football","11":"tag-auvergne-rhone-alpes","12":"tag-balbigny","13":"tag-cinema","14":"tag-derby","15":"tag-edition-loire-nord","16":"tag-edition-loire-sud","17":"tag-edition-lyon-villeurbanne","18":"tag-eu","19":"tag-europe","20":"tag-festival-lumiere","21":"tag-fil-info","22":"tag-football","23":"tag-fr","24":"tag-france","25":"tag-loire","26":"tag-lyon","27":"tag-news","28":"tag-ol-olympique-lyonnais-football","29":"tag-republique-francaise","30":"tag-rhone","31":"tag-saint-etienne"},"share_on_mastodon":{"url":"https:\/\/pubeurope.com\/@fr\/115360695879718425","error":""},"_links":{"self":[{"href":"https:\/\/www.europesays.com\/fr\/wp-json\/wp\/v2\/posts\/457192","targetHints":{"allow":["GET"]}}],"collection":[{"href":"https:\/\/www.europesays.com\/fr\/wp-json\/wp\/v2\/posts"}],"about":[{"href":"https:\/\/www.europesays.com\/fr\/wp-json\/wp\/v2\/types\/post"}],"author":[{"embeddable":true,"href":"https:\/\/www.europesays.com\/fr\/wp-json\/wp\/v2\/users\/2"}],"replies":[{"embeddable":true,"href":"https:\/\/www.europesays.com\/fr\/wp-json\/wp\/v2\/comments?post=457192"}],"version-history":[{"count":0,"href":"https:\/\/www.europesays.com\/fr\/wp-json\/wp\/v2\/posts\/457192\/revisions"}],"wp:featuredmedia":[{"embeddable":true,"href":"https:\/\/www.europesays.com\/fr\/wp-json\/wp\/v2\/media\/457193"}],"wp:attachment":[{"href":"https:\/\/www.europesays.com\/fr\/wp-json\/wp\/v2\/media?parent=457192"}],"wp:term":[{"taxonomy":"category","embeddable":true,"href":"https:\/\/www.europesays.com\/fr\/wp-json\/wp\/v2\/categories?post=457192"},{"taxonomy":"post_tag","embeddable":true,"href":"https:\/\/www.europesays.com\/fr\/wp-json\/wp\/v2\/tags?post=457192"}],"curies":[{"name":"wp","href":"https:\/\/api.w.org\/{rel}","templated":true}]}}