{"id":457196,"date":"2025-10-12T10:23:15","date_gmt":"2025-10-12T10:23:15","guid":{"rendered":"https:\/\/www.europesays.com\/fr\/457196\/"},"modified":"2025-10-12T10:23:15","modified_gmt":"2025-10-12T10:23:15","slug":"photos-decouverte-des-metiers-du-batiment-grace-au-chantier-du-grand-hotel-de-la-reine","status":"publish","type":"post","link":"https:\/\/www.europesays.com\/fr\/457196\/","title":{"rendered":"Photos . D\u00e9couverte\u00a0des m\u00e9tiers du b\u00e2timent gr\u00e2ce au chantier du Grand h\u00f4tel de la Reine"},"content":{"rendered":"<p>Dans le cadre de l&rsquo;op\u00e9ration nationale Les coulisses du b\u00e2timent organis\u00e9e par la F\u00e9d\u00e9ration fran\u00e7aise du b\u00e2timent, le chantier du Grand h\u00f4tel de la Reine \u00e0 Nancy a ouvert ses portes ce vendredi. Cette journ\u00e9e a permis \u00e0 des \u00e9l\u00e8ves issus de diff\u00e9rents \u00e9tablissements de d\u00e9couvrir la diversit\u00e9 des m\u00e9tiers du BTP au\u00a0c\u0153ur d&rsquo;un chantier embl\u00e9matique du patrimoine nanc\u00e9ien.<\/p>\n","protected":false},"excerpt":{"rendered":"Dans le cadre de l&rsquo;op\u00e9ration nationale Les coulisses du b\u00e2timent organis\u00e9e par la F\u00e9d\u00e9ration fran\u00e7aise du b\u00e2timent, le&hellip;\n","protected":false},"author":2,"featured_media":457197,"comment_status":"","ping_status":"","sticky":false,"template":"","format":"standard","meta":{"footnotes":""},"categories":[9635],"tags":[1111,11,4749,1704,1057,1777,674,1011,27,2798,775,1702,12,25,104],"class_list":{"0":"post-457196","1":"post","2":"type-post","3":"status-publish","4":"format-standard","5":"has-post-thumbnail","7":"category-nancy","8":"tag-actu","9":"tag-actualites","10":"tag-btp-et-chantiers","11":"tag-edition-nancy-et-agglomeration","12":"tag-education","13":"tag-eu","14":"tag-europe","15":"tag-fr","16":"tag-france","17":"tag-galerie-photo","18":"tag-grand-est","19":"tag-nancy","20":"tag-news","21":"tag-republique-francaise","22":"tag-societe"},"share_on_mastodon":{"url":"https:\/\/pubeurope.com\/@fr\/115360707576539577","error":""},"_links":{"self":[{"href":"https:\/\/www.europesays.com\/fr\/wp-json\/wp\/v2\/posts\/457196","targetHints":{"allow":["GET"]}}],"collection":[{"href":"https:\/\/www.europesays.com\/fr\/wp-json\/wp\/v2\/posts"}],"about":[{"href":"https:\/\/www.europesays.com\/fr\/wp-json\/wp\/v2\/types\/post"}],"author":[{"embeddable":true,"href":"https:\/\/www.europesays.com\/fr\/wp-json\/wp\/v2\/users\/2"}],"replies":[{"embeddable":true,"href":"https:\/\/www.europesays.com\/fr\/wp-json\/wp\/v2\/comments?post=457196"}],"version-history":[{"count":0,"href":"https:\/\/www.europesays.com\/fr\/wp-json\/wp\/v2\/posts\/457196\/revisions"}],"wp:featuredmedia":[{"embeddable":true,"href":"https:\/\/www.europesays.com\/fr\/wp-json\/wp\/v2\/media\/457197"}],"wp:attachment":[{"href":"https:\/\/www.europesays.com\/fr\/wp-json\/wp\/v2\/media?parent=457196"}],"wp:term":[{"taxonomy":"category","embeddable":true,"href":"https:\/\/www.europesays.com\/fr\/wp-json\/wp\/v2\/categories?post=457196"},{"taxonomy":"post_tag","embeddable":true,"href":"https:\/\/www.europesays.com\/fr\/wp-json\/wp\/v2\/tags?post=457196"}],"curies":[{"name":"wp","href":"https:\/\/api.w.org\/{rel}","templated":true}]}}