{"id":457200,"date":"2025-10-12T10:26:10","date_gmt":"2025-10-12T10:26:10","guid":{"rendered":"https:\/\/www.europesays.com\/fr\/457200\/"},"modified":"2025-10-12T10:26:10","modified_gmt":"2025-10-12T10:26:10","slug":"les-policiers-tombent-sur-un-couple-arme-a-bord-dune-voiture-de-luxe","status":"publish","type":"post","link":"https:\/\/www.europesays.com\/fr\/457200\/","title":{"rendered":"les policiers tombent sur un couple arm\u00e9 \u00e0 bord d\u2019une voiture de luxe"},"content":{"rendered":"<p>            Par<br \/>\n        <strong><br \/>\n            <a href=\"https:\/\/actu.fr\/auteur\/lea-pippinato\" title=\"Consulter tous les articles de L\u00e9a Pippinato\" target=\"_blank\" rel=\"noopener\">L\u00e9a Pippinato<\/a><br \/>\n        <\/strong><\/p>\n<p>        Publi\u00e9 le<\/p>\n<p>            12 oct. 2025 \u00e0 12h02<br \/>\n        ; mis \u00e0 jour le 12 oct. 2025 \u00e0 12h04    <\/p>\n<p>Il est un peu plus de deux heures du matin, dans la nuit <strong>de ce samedi 11 \u00e0 ce dimanche 12 octobre 2025<\/strong>. Rue de Montels \u00c9glise, \u00e0 Lattes, au sud de Montpellier, les policiers de la Bac (brigade anticriminalit\u00e9) et de police-secours effectuent une s\u00e9rie de contr\u00f4les. Un v\u00e9hicule allemand de grosse cylindr\u00e9e attire soudain leur attention. Les agents d\u00e9cident d\u2019intercepter la voiture. \u00c0 son bord, un couple d\u2019une quarantaine d\u2019ann\u00e9es.\u00a0<\/p>\n<p>    <a href=\"https:\/\/www.google.com\/maps\/embed?pb=!1m18!1m12!1m3!1d2890.253773187237!2d3.8784021764585273!3d43.58043017110568!2m3!1f0!2f0!3f0!3m2!1i1024!2i768!4f13.1!3m3!1m2!1s0x12b6afdc994218e3%3A0x16e61fb9469df890!2sRue%20de%20Montels%20%C3%89glise!5e0!3m2!1sen!2sfr!4v1760263187976!5m2!1sen!2sfr\" title=\"Ouvrie le lien\" target=\"_blank\" rel=\"noopener\">Cliquez ici pour visualiser le contenu<\/a><\/p>\n<p>Une arme charg\u00e9e d\u00e9couverte<\/p>\n<p class=\" wall-content\">Les premiers contr\u00f4les r\u00e9v\u00e8lent que les plaques d\u2019immatriculation ont \u00e9t\u00e9 usurp\u00e9es. L\u2019inspection de l\u2019habitacle aboutit \u00e0 une seconde d\u00e9couverte. Sous l\u2019un des si\u00e8ges, les policiers nationaux mettent la main sur un pistolet automatique approvisionn\u00e9, contenant plusieurs cartouches de calibre 9 mm. Les deux occupants sont alors interpell\u00e9s et plac\u00e9s en garde \u00e0 vue.<\/p>\n<p class=\" wall-content\">Personnalisez votre actualit\u00e9 en ajoutant vos villes et m\u00e9dias en favori avec <a href=\"https:\/\/moncompte.actu.fr\" title=\"D\u00e9couvez Mon Actu\" rel=\"nofollow noopener\" data-trk=\"{&quot;cta&quot;:{&quot;action&quot;:&quot;https:\\\/\\\/moncompte.actu.fr&quot;,&quot;category&quot;:&quot;mon compte&quot;,&quot;from&quot;:&quot;article footer&quot;,&quot;name&quot;:&quot;Mon actu&quot;,&quot;type&quot;:&quot;cta&quot;}}\" target=\"_blank\">Mon Actu<\/a>.<\/p>\n","protected":false},"excerpt":{"rendered":"Par L\u00e9a Pippinato Publi\u00e9 le 12 oct. 2025 \u00e0 12h02 ; mis \u00e0 jour le 12 oct. 2025&hellip;\n","protected":false},"author":2,"featured_media":457201,"comment_status":"","ping_status":"","sticky":false,"template":"","format":"standard","meta":{"footnotes":""},"categories":[9599],"tags":[1111,11,1777,674,118,1011,27,2425,2208,12,2680,1072,25],"class_list":{"0":"post-457200","1":"post","2":"type-post","3":"status-publish","4":"format-standard","5":"has-post-thumbnail","7":"category-montpellier","8":"tag-actu","9":"tag-actualites","10":"tag-eu","11":"tag-europe","12":"tag-faits-divers","13":"tag-fr","14":"tag-france","15":"tag-luxe","16":"tag-montpellier","17":"tag-news","18":"tag-occitanie","19":"tag-police","20":"tag-republique-francaise"},"share_on_mastodon":{"url":"https:\/\/pubeurope.com\/@fr\/115360719407979003","error":""},"_links":{"self":[{"href":"https:\/\/www.europesays.com\/fr\/wp-json\/wp\/v2\/posts\/457200","targetHints":{"allow":["GET"]}}],"collection":[{"href":"https:\/\/www.europesays.com\/fr\/wp-json\/wp\/v2\/posts"}],"about":[{"href":"https:\/\/www.europesays.com\/fr\/wp-json\/wp\/v2\/types\/post"}],"author":[{"embeddable":true,"href":"https:\/\/www.europesays.com\/fr\/wp-json\/wp\/v2\/users\/2"}],"replies":[{"embeddable":true,"href":"https:\/\/www.europesays.com\/fr\/wp-json\/wp\/v2\/comments?post=457200"}],"version-history":[{"count":0,"href":"https:\/\/www.europesays.com\/fr\/wp-json\/wp\/v2\/posts\/457200\/revisions"}],"wp:featuredmedia":[{"embeddable":true,"href":"https:\/\/www.europesays.com\/fr\/wp-json\/wp\/v2\/media\/457201"}],"wp:attachment":[{"href":"https:\/\/www.europesays.com\/fr\/wp-json\/wp\/v2\/media?parent=457200"}],"wp:term":[{"taxonomy":"category","embeddable":true,"href":"https:\/\/www.europesays.com\/fr\/wp-json\/wp\/v2\/categories?post=457200"},{"taxonomy":"post_tag","embeddable":true,"href":"https:\/\/www.europesays.com\/fr\/wp-json\/wp\/v2\/tags?post=457200"}],"curies":[{"name":"wp","href":"https:\/\/api.w.org\/{rel}","templated":true}]}}