{"id":457204,"date":"2025-10-12T10:28:11","date_gmt":"2025-10-12T10:28:11","guid":{"rendered":"https:\/\/www.europesays.com\/fr\/457204\/"},"modified":"2025-10-12T10:28:11","modified_gmt":"2025-10-12T10:28:11","slug":"pres-de-rouen-une-boucherie-en-circuit-court-ouvre-ses-portes-dans-le-domaine-du-manoir","status":"publish","type":"post","link":"https:\/\/www.europesays.com\/fr\/457204\/","title":{"rendered":"Pr\u00e8s de Rouen, une boucherie en circuit court ouvre ses portes dans le domaine du Manoir"},"content":{"rendered":"<p>            Par<br \/>\n        <strong><br \/>\n            <a href=\"https:\/\/actu.fr\/auteur\/laredaction\" title=\"Consulter tous les articles de R\u00e9daction Normandie\" rel=\"nofollow noopener\" target=\"_blank\">R\u00e9daction Normandie<\/a><br \/>\n        <\/strong><\/p>\n<p>        Publi\u00e9 le<\/p>\n<p>            12 oct. 2025 \u00e0 12h00        <\/p>\n<p>Les \u00e9leveurs de la <strong>Charentonne<\/strong> est l\u2019un des huit nouveaux commerces qui a vu le jour \u00e0 Isneauville, depuis le d\u00e9but de l\u2019ann\u00e9e, dans <strong>le domaine du Manoir<\/strong>, \u00e0 <a href=\"https:\/\/actu.fr\/normandie\/isneauville_76377\" rel=\"nofollow noopener\" target=\"_blank\">Isneauville (Seine-Maritime)<\/a>.<\/p>\n<p class=\" wall-content\">Et ce commerce tient son nom\u2026 de la <strong>Charentonne<\/strong> qui est un affluent de la Risle, elle-m\u00eame affluent de la Seine. C\u2019est dans cette r\u00e9gion qu\u2019en 2005, naissait l\u2019entreprise<strong> Les \u00e9leveurs de la Charentonne (EDC)<\/strong> qui, \u00e0 l\u2019origine, regroupait cinq agriculteurs situ\u00e9s autour de Gacey, adeptes du fonctionnement en circuit court.<\/p>\n<p>Charte stricte autour du bien-\u00eatre animal<\/p>\n<p class=\" wall-content\">Aujourd\u2019hui, le partenariat avec la soci\u00e9t\u00e9 coop\u00e9rative agricole Nat\u2019Up, dont le si\u00e8ge est \u00e0 Mont-Saint-Aignan, a conduit EDC \u00e0 regrouper<strong> une centaine d\u2019\u00e9leveurs<\/strong> et \u00e0 cr\u00e9er une filiale d\u00e9di\u00e9e au poulet sous le label <strong>Bleu Blanc C\u0153ur<\/strong>, sur la base d\u2019une charte stricte autour du bien-\u00eatre animal avec une alimentation saine.<\/p>\n<p>Des produits vari\u00e9s disponibles toute la semaine<\/p>\n<p class=\" wall-content\">Parmi les trente-neuf magasins actuels d\u2019EDC, tous d\u00e9ploy\u00e9s dans le Calvados, l\u2019Eure, l\u2019Orne, la Seine-Maritime et les Yvelines, celui d\u2019Isneauville, ouvert depuis <strong>le 16 avril 2025<\/strong>, est le 38e cr\u00e9\u00e9.<\/p>\n<p class=\" wall-content\">Caroline, responsable de toutes les coordinatrices de magasins (C\u00e9cilia s\u2019occupe de ceux d\u2019Isneauville, Magnanville, <strong>\u00c9vreux<\/strong>, Vernonet Sainte-Marie-des-Champs) pr\u00e9cise : \u00ab EDC emploie 180 collaborateurs. \u00c0 Isneauville, quatre vendeuses (Cassandra, Marie, Sandrine et Sira) accueillent la client\u00e8le du lundi au samedi de 9 h \u00e0 19 h et le dimanche de 9 h \u00e0 12 h 30 pour proposer de <strong>nombreux produits de boucherie<\/strong> et charcuterie pr\u00e9par\u00e9s dans nos ateliers de Ch\u00e2teau-Renard (Loiret) tout comme de la cr\u00e9merie fa\u00e7onn\u00e9e dans ceux de Gacey, mais \u00e9galement une offre d\u2019\u00e9picerie et une cave. \u00bb<\/p>\n<p>    <img   decoding=\"async\" loading=\"lazy\" class=\"size-large\" src=\"https:\/\/www.europesays.com\/fr\/wp-content\/uploads\/2025\/10\/ce74b610dfd869384b610dfd802a5bv-960x640.jpg\" alt=\"Isneauville Eleveurs de la Charentonne\" width=\"960\" height=\"640\"\/><br \/>\n    Isneauville \u00c9leveurs de la Charentonne. \u00a9 Le BulletinUn d\u00e9marrage encourageant<\/p>\n<p class=\" wall-content\">Le premier bilan des cinq <strong>premiers mois d\u2019activit\u00e9<\/strong> s\u2019av\u00e8re en tout cas tr\u00e8s positif avec des clients au rendez-vous, attir\u00e9s, entre autres, par l\u2019imposante r\u00f4tissoire dress\u00e9e sur le c\u00f4t\u00e9 de l\u2019entr\u00e9e du magasin.<\/p>\n<p class=\" wall-content\">\u00ab Avec nos voisins commer\u00e7ants, nous appr\u00e9cions nos compl\u00e9mentarit\u00e9s respectives. Nous avons \u00e9galement de <strong>tr\u00e8s bonnes relations<\/strong> avec ceux d\u00e9j\u00e0 en place dans notre environnement et notre client\u00e8le nous per\u00e7oit comme chaleureux et accueillants \u00bb, conclut la responsable.<\/p>\n<p>Votre r\u00e9gion, votre actu !<\/p>\n<p>Recevez chaque jour les infos qui comptent pour vous.<\/p>\n<p>\t<a href=\"https:\/\/actu.fr\/newsletter\" class=\"ac-btn ac-btn--corner ac-btn--medium ac-btn--blue800\" rel=\"nofollow noopener\" target=\"_blank\">S&rsquo;incrire<\/a><br \/>\nContact : 02 35 16 67 69 \/<a href=\"https:\/\/www.leseleveursdelacharentonne.fr\/\" rel=\"nofollow noopener\" target=\"_blank\">www.leseleveursdelacharentonne.fr<\/a> \/ Facebook : Les-\u00c9leveurs-de-la-Charentonne-Isneauville<\/p>\n<p class=\" wall-content\">Personnalisez votre actualit\u00e9 en ajoutant vos villes et m\u00e9dias en favori avec <a href=\"https:\/\/moncompte.actu.fr\" title=\"D\u00e9couvez Mon Actu\" rel=\"nofollow noopener\" data-trk=\"{&quot;cta&quot;:{&quot;action&quot;:&quot;https:\\\/\\\/moncompte.actu.fr&quot;,&quot;category&quot;:&quot;mon compte&quot;,&quot;from&quot;:&quot;article footer&quot;,&quot;name&quot;:&quot;Mon actu&quot;,&quot;type&quot;:&quot;cta&quot;}}\" target=\"_blank\">Mon Actu<\/a>.<\/p>\n","protected":false},"excerpt":{"rendered":"Par R\u00e9daction Normandie Publi\u00e9 le 12 oct. 2025 \u00e0 12h00 Les \u00e9leveurs de la Charentonne est l\u2019un des&hellip;\n","protected":false},"author":2,"featured_media":457205,"comment_status":"","ping_status":"","sticky":false,"template":"","format":"standard","meta":{"footnotes":""},"categories":[9587],"tags":[1111,11,1477,9086,215,1777,674,1011,27,1652,12,5161,25,9590],"class_list":{"0":"post-457204","1":"post","2":"type-post","3":"status-publish","4":"format-standard","5":"has-post-thumbnail","7":"category-rouen","8":"tag-actu","9":"tag-actualites","10":"tag-artisanat","11":"tag-bon-plan-a-rouen","12":"tag-commerce","13":"tag-eu","14":"tag-europe","15":"tag-fr","16":"tag-france","17":"tag-loisirs-culture","18":"tag-news","19":"tag-normandie","20":"tag-republique-francaise","21":"tag-rouen"},"share_on_mastodon":{"url":"https:\/\/pubeurope.com\/@fr\/115360728328612771","error":""},"_links":{"self":[{"href":"https:\/\/www.europesays.com\/fr\/wp-json\/wp\/v2\/posts\/457204","targetHints":{"allow":["GET"]}}],"collection":[{"href":"https:\/\/www.europesays.com\/fr\/wp-json\/wp\/v2\/posts"}],"about":[{"href":"https:\/\/www.europesays.com\/fr\/wp-json\/wp\/v2\/types\/post"}],"author":[{"embeddable":true,"href":"https:\/\/www.europesays.com\/fr\/wp-json\/wp\/v2\/users\/2"}],"replies":[{"embeddable":true,"href":"https:\/\/www.europesays.com\/fr\/wp-json\/wp\/v2\/comments?post=457204"}],"version-history":[{"count":0,"href":"https:\/\/www.europesays.com\/fr\/wp-json\/wp\/v2\/posts\/457204\/revisions"}],"wp:featuredmedia":[{"embeddable":true,"href":"https:\/\/www.europesays.com\/fr\/wp-json\/wp\/v2\/media\/457205"}],"wp:attachment":[{"href":"https:\/\/www.europesays.com\/fr\/wp-json\/wp\/v2\/media?parent=457204"}],"wp:term":[{"taxonomy":"category","embeddable":true,"href":"https:\/\/www.europesays.com\/fr\/wp-json\/wp\/v2\/categories?post=457204"},{"taxonomy":"post_tag","embeddable":true,"href":"https:\/\/www.europesays.com\/fr\/wp-json\/wp\/v2\/tags?post=457204"}],"curies":[{"name":"wp","href":"https:\/\/api.w.org\/{rel}","templated":true}]}}