{"id":457208,"date":"2025-10-12T10:30:18","date_gmt":"2025-10-12T10:30:18","guid":{"rendered":"https:\/\/www.europesays.com\/fr\/457208\/"},"modified":"2025-10-12T10:30:18","modified_gmt":"2025-10-12T10:30:18","slug":"un-policier-percute-par-un-scooter","status":"publish","type":"post","link":"https:\/\/www.europesays.com\/fr\/457208\/","title":{"rendered":"un policier percut\u00e9 par un scooter"},"content":{"rendered":"<p>Samedi, vers 19\u00a0h\u00a030, inform\u00e9s que des rod\u00e9os \u00e9taient en cours avenue du G\u00e9n\u00e9ral-de-Gaulle, en bordure du quartier du Village II, \u00e0 \u00c9chirolles, les policiers de la brigade sp\u00e9cialis\u00e9e de terrain se sont rendus sur place pour y mettre fin.<\/p>\n<p>L\u2019un des policiers serait descendu de voiture pendant que ses coll\u00e8gues contournaient le secteur \u00e0 bord de leur v\u00e9hicule. Mais au moment o\u00f9 ces policiers se rejoignaient pour tenter de prendre l\u2019un des participants \u00e0 ce rod\u00e9o en tenaille, le conducteur non casqu\u00e9 de ce scooter d\u00e9pourvu de plaque d\u2019immatriculation aurait percut\u00e9 le policier \u00e0 pied afin d\u2019\u00e9chapper \u00e0 son interpellation. Le fonctionnaire de police n\u2019a \u00e9t\u00e9 que tr\u00e8s l\u00e9g\u00e8rement bless\u00e9.<\/p>\n<p>Une enqu\u00eate a \u00e9t\u00e9 ouverte pour tenter d\u2019identifier le conducteur du scooter.<\/p>\n<p>Ce contenu est bloqu\u00e9 car vous n&rsquo;avez pas accept\u00e9 les cookies et autres traceurs.<\/p>\n<p>En cliquant sur \u00ab J\u2019accepte \u00bb, les cookies et autres traceurs seront d\u00e9pos\u00e9s et vous pourrez visualiser les contenus  (<a href=\"\" class=\"consentModule_policy\" target=\"_blank\" title=\"Consulter la politique de protection des donn\u00e9es du fournisseur\">plus d&rsquo;informations<\/a>).<\/p>\n<p>En cliquant sur \u00ab J\u2019accepte tous les cookies \u00bb, vous autorisez des d\u00e9p\u00f4ts de cookies et autres traceurs pour le stockage de vos donn\u00e9es sur nos sites et applications \u00e0 des fins de personnalisation et de ciblage publicitaire.<\/p>\n<p class=\"consentModule_secondaryText\">Vous gardez la possibilit\u00e9 de retirer votre consentement \u00e0 tout moment en consultant notre <a href=\"https:\/\/www.ledauphine.com\/protection-des-donnees\" target=\"_blank\" title=\"Consulter notre politique de protection des donn\u00e9es\" rel=\"noopener\">politique de protection des donn\u00e9es<\/a>. <br \/>&#13;<br \/>\n            <a href=\"https:\/\/www.ledauphine.com\/faits-divers-justice\/2025\/10\/12\/javascript:Didomi.notice.show()\" class=\"consentModule_cmp\" target=\"_blank\" rel=\"noopener\">G\u00e9rer mes choix<\/a>&#13;\n        <\/p>\n<p>&#13;<br \/>\n                        J&rsquo;accepte&#13;<br \/>\n            J&rsquo;accepte tous les cookies&#13;\n        <\/p>\n<p>  Un rod\u00e9o \u00e0 trottinettes\u00a0<\/p>\n<p>Une heure auparavant, c\u2019est \u00e0 proximit\u00e9 d\u2019Alpexpo que les policiers grenoblois \u00e9taient intervenus pour mettre fin \u00e0 un rod\u00e9o \u00e0 trottinettes. L\u00e0 encore, l\u2019un des participants aurait fonc\u00e9 en direction d\u2019un policier. Ce dernier est tout juste parvenu \u00e0 \u00e9viter la collision tandis que le trottinettiste a r\u00e9ussi \u00e0 prendre la fuite.Une\u00a0enqu\u00eate a \u00e9t\u00e9 ouverte pour tenter de l&rsquo;identifier.\u00a0<\/p>\n","protected":false},"excerpt":{"rendered":"Samedi, vers 19\u00a0h\u00a030, inform\u00e9s que des rod\u00e9os \u00e9taient en cours avenue du G\u00e9n\u00e9ral-de-Gaulle, en bordure du quartier du&hellip;\n","protected":false},"author":2,"featured_media":457209,"comment_status":"","ping_status":"","sticky":false,"template":"","format":"standard","meta":{"footnotes":""},"categories":[9566],"tags":[1111,11,2430,271,272,9852,9853,112,1777,674,274,107,1011,27,2731,108,12,25],"class_list":{"0":"post-457208","1":"post","2":"type-post","3":"status-publish","4":"format-standard","5":"has-post-thumbnail","7":"category-grenoble","8":"tag-actu","9":"tag-actualites","10":"tag-auvergne-rhone-alpes","11":"tag-crime","12":"tag-delit-et-contravention","13":"tag-echirolles","14":"tag-echirolles-bassin","15":"tag-edition-grenoble-agglomeration","16":"tag-eu","17":"tag-europe","18":"tag-faits-divers-justice","19":"tag-fil-info","20":"tag-fr","21":"tag-france","22":"tag-grenoble","23":"tag-isere","24":"tag-news","25":"tag-republique-francaise"},"share_on_mastodon":{"url":"https:\/\/pubeurope.com\/@fr\/115360735144803724","error":""},"_links":{"self":[{"href":"https:\/\/www.europesays.com\/fr\/wp-json\/wp\/v2\/posts\/457208","targetHints":{"allow":["GET"]}}],"collection":[{"href":"https:\/\/www.europesays.com\/fr\/wp-json\/wp\/v2\/posts"}],"about":[{"href":"https:\/\/www.europesays.com\/fr\/wp-json\/wp\/v2\/types\/post"}],"author":[{"embeddable":true,"href":"https:\/\/www.europesays.com\/fr\/wp-json\/wp\/v2\/users\/2"}],"replies":[{"embeddable":true,"href":"https:\/\/www.europesays.com\/fr\/wp-json\/wp\/v2\/comments?post=457208"}],"version-history":[{"count":0,"href":"https:\/\/www.europesays.com\/fr\/wp-json\/wp\/v2\/posts\/457208\/revisions"}],"wp:featuredmedia":[{"embeddable":true,"href":"https:\/\/www.europesays.com\/fr\/wp-json\/wp\/v2\/media\/457209"}],"wp:attachment":[{"href":"https:\/\/www.europesays.com\/fr\/wp-json\/wp\/v2\/media?parent=457208"}],"wp:term":[{"taxonomy":"category","embeddable":true,"href":"https:\/\/www.europesays.com\/fr\/wp-json\/wp\/v2\/categories?post=457208"},{"taxonomy":"post_tag","embeddable":true,"href":"https:\/\/www.europesays.com\/fr\/wp-json\/wp\/v2\/tags?post=457208"}],"curies":[{"name":"wp","href":"https:\/\/api.w.org\/{rel}","templated":true}]}}