{"id":457212,"date":"2025-10-12T10:32:12","date_gmt":"2025-10-12T10:32:12","guid":{"rendered":"https:\/\/www.europesays.com\/fr\/457212\/"},"modified":"2025-10-12T10:32:12","modified_gmt":"2025-10-12T10:32:12","slug":"cest-une-premiere-a-26-ans-ce-rennais-cree-une-bombe-de-peinture-sans-gaz-ni-solvant","status":"publish","type":"post","link":"https:\/\/www.europesays.com\/fr\/457212\/","title":{"rendered":"\u00ab\u00a0C\u2019est une premi\u00e8re\u00a0\u00bb\u00a0: \u00e0 26 ans, ce Rennais cr\u00e9e une bombe de peinture sans gaz ni solvant"},"content":{"rendered":"<p>Le Mensuel : Vous avez cr\u00e9\u00e9, \u00e0 Rennes, ce que vous pr\u00e9sentez comme la premi\u00e8re bombe de peinture \u00e0 air comprim\u00e9, sans gaz ni solvant. D\u2019o\u00f9 vient cette id\u00e9e ?<\/p>\n<p>Thomas Bernad : C\u2019est effectivement une premi\u00e8re car aujourd\u2019hui, 100 % des a\u00e9rosols de peinture disponibles fonctionnent avec du gaz. Je ne suis pas tomb\u00e9 dans les bombes de peinture par hasard ! J\u2019ai grandi en Dordogne dans une famille d\u2019entrepreneurs, avec des parents entrepreneurs qui produisaient et vendaient des a\u00e9rosols de peinture traditionnels \u00e0 destination du monde professionnel.<\/p>\n<p><a class=\"tlg-kiosque tlg-kiosque-rennes gtm-kiosque-rennes\" href=\"https:\/\/www.lemensuel.com\/rennes\" target=\"_blank\" rel=\"nofollow noopener\"><img decoding=\"async\" src=\"https:\/\/www.europesays.com\/fr\/wp-content\/uploads\/2025\/10\/MDR_une_complete.png\" alt=\"Couverture Mensuel Rennes\"\/><\/p>\n<p>Le Mensuel de Rennes<\/p>\n<p>Magazine curieux et (im)pertinent !<\/p>\n<p>D\u00e9couvrez<\/a>C\u2019est donc l\u00e0 que vous avez attrap\u00e9 le virus de l\u2019a\u00e9rosol ?<\/p>\n<p>J\u2019ai grandi avec cette entreprise. Ensuite, j\u2019ai fait des \u00e9tudes d\u2019ing\u00e9nieur en m\u00e9canique (\u00e0 l\u2019Insa de Rennes, NDLR) et un master d\u2019entrepreneuriat (\u00e0 la Rennes School of Business, NDLR), en voyant qu\u2019il y avait quelque chose \u00e0 faire dans un secteur qui n\u2018a pas beaucoup \u00e9volu\u00e9 depuis la Seconde Guerre mondiale. Une bombe de peinture, c\u2019est globalement toujours la m\u00eame chose : du gaz de p\u00e9trole inflammable et des peintures \u00e0 base de solvants.<\/p>\n<p>C\u2019est qui ?<\/p>\n<p>Originaire de Dordogne et issu d\u2019une famille d\u2019industriels de la peinture, Thomas Bernad (26 ans) s\u2019installe \u00e0 Rennes pour ses \u00e9tudes d\u2019ing\u00e9nieur \u00e0 l\u2019Insa, qu\u2019il compl\u00e8te par un master \u00e0 la Rennes School of Business. C\u2019est en 2023 qu\u2019il cr\u00e9e Aerosolution, l\u2019entreprise qui porte son projet de bombe de peinture innovante.<\/p>\n<p>Donc votre objectif, c\u2019\u00e9tait de concevoir un produit plus vertueux ?<\/p>\n<p>Tout \u00e0 fait. Le gaz, d\u2018un point de vue technique, c\u2019est tr\u00e8s bien. C\u2019est moins bien d\u2019un point de vue environnemental, sanitaire et de s\u00e9curit\u00e9. Or les besoins sont l\u00e0. J\u2019ai rencontr\u00e9 des industriels qui veulent d\u00e9carboner leurs activit\u00e9s ou diminuer les risques d\u2019inflammabilit\u00e9, des graffeurs qui ont des probl\u00e8mes de sant\u00e9 ou encore des d\u00e9corateurs qui n\u2019utilisent pas de bombes parce que l\u2019odeur est trop forte en int\u00e9rieur.<\/p>\n<p>Quelle technologie avez-vous privil\u00e9gi\u00e9 pour d\u00e9velopper un a\u00e9rosol alternatif ?<\/p>\n<p>Je me suis orient\u00e9 vers des peintures \u00e0 base d\u2019eau et une propulsion par air comprim\u00e9. Contrairement au gaz, il est ininflammable, inodore et sans danger, mais il pose plusieurs d\u00e9fis techniques. La propulsion est moins forte avec de l\u2019air qu\u2019avec du gaz, par exemple. J\u2019ai aussi d\u00fb trouver un syst\u00e8me pour \u00e9viter que la peinture s\u00e8che et bouche le conduit. Au total, il m\u2019a fallu trois ans et plus de 600 formulations pour arriver \u00e0 un r\u00e9sultat qui fonctionne.<\/p>\n<p>Comment avez-vous fait pour d\u00e9velopper cette innovation ?<\/p>\n<p>Au d\u00e9but, j\u2019ai fait \u00e7a en parall\u00e8le de mes \u00e9tudes et apr\u00e8s mon dipl\u00f4me, en 2023, j\u2019ai cr\u00e9\u00e9 ma soci\u00e9t\u00e9, Aerosolution (ils sont deux \u00e0 temps plein aujourd\u2019hui, NDLR). J\u2019ai pu travailler sur mon projet dans le laboratoire de mes parents, en Dordogne. Mais leur entreprise a \u00e9t\u00e9 vendue en novembre 2024, donc il a fallu que je trouve un autre endroit. C\u2019est finalement la Celtique industrielle (une entreprise de Saint-Brieuc, NDLR) qui m\u2019a accueilli dans un petit laboratoire, o\u00f9 j\u2019ai pu installer mes propres machines.<\/p>\n<p>Vous \u00eates un peu comme Steve Jobs, qui a commenc\u00e9 \u00e0 travailler sur ce qui deviendra Apple dans son garage\u2026<\/p>\n<p>C\u2019est un peu \u00e7a ! D\u00e8s aujourd\u2018hui, je suis en mesure de produire. Et pas de fa\u00e7on artisanale, mais plusieurs milliers de bombes de peinture, si besoin.<\/p>\n<p>Pourquoi aucun produit \u00e0 air comprim\u00e9 n\u2019a \u00e9t\u00e9 lanc\u00e9 jusqu\u2019ici ?<\/p>\n<p>Parce que la technologie actuelle est \u00e9prouv\u00e9e depuis soixante ans et qu\u2019elle fonctionne bien. Par ailleurs, quand on enl\u00e8ve le gaz et les solvants, de nombreuses probl\u00e9matiques techniques se posent, ce qui a pu freiner ou stopper les d\u00e9veloppements.<\/p>\n<p>Quels march\u00e9s visez-vous ?<\/p>\n<p>En soi, je pourrais cibler de nombreux march\u00e9s. Mais parce qu\u2019on ne peut pas tout faire en m\u00eame temps, on se concentre dans un premier temps sur les sujets plus difficiles, ceux qui demandent une pulv\u00e9risation tr\u00e8s pr\u00e9cise : la d\u00e9coration et le street art. Ce n\u2019est pas tr\u00e8s grave si un trait au sol sur un chantier n\u2019est pas parfaitement atomis\u00e9. C\u2019est diff\u00e9rent lorsqu\u2019on r\u00e9nove un meuble ou qu\u2019on fait du graff, il faut que ce soit parfait.<\/p>\n<p>Potentiellement, votre client\u00e8le est assez large.<\/p>\n<p>Absolument, on touche les particuliers comme les professionnels. Puisque le produit est nouveau, nous avons d\u00e9cid\u00e9 de nous lancer avec notre propre marque, Be morpho, plut\u00f4t que de produire en marque blanche pour d\u2019autres.<\/p>\n<p>Vous d\u00eetes que vous \u00eates en mesure de produire. Votre produit est-il d\u00e9j\u00e0 disponible \u00e0 la vente ?<\/p>\n<p>La formule pour la d\u00e9coration est pr\u00eate et elle le sera prochainement pour les grapheurs. Nous avons commenc\u00e9 les ventes cet \u00e9t\u00e9 dans le cadre d\u2019une campagne de pr\u00e9-commandes en ligne sur le site Ulule. Cela me permet de comprendre les couleurs que les gens recherchent le plus et d\u2019adapter la production derri\u00e8re. Les livraisons seront faites en septembre. On passera \u00e0 la vitesse sup\u00e9rieure ensuite.<\/p>\n<p>En termes de prix, comment vous positionnerez-vous ?<\/p>\n<p>Pour la d\u00e9coration, on essaye d\u2018\u00eatre dans les prix du march\u00e9, entre 12 et 15 \u20ac la bombe. Pour les graffeurs, il y a un sujet. Leur portefeuille, souvent, n\u2019est pas extensible et ils consomment \u00e9norm\u00e9ment de peinture. Or multiplier les bombes \u00e0 12 ou 15 \u20ac revient vite cher. Nous travaillons donc avec eux pour optimiser les choses et nous permettre d\u2019\u00eatre plus proches de leur positionnement.<\/p>\n<p>Pour qu\u2019une petite entreprise se d\u00e9veloppe, il faut de l\u2019argent. Pr\u00e9voyez-vous de r\u00e9aliser une lev\u00e9e de fonds ?<\/p>\n<p>Jusqu\u2019ici, nous avons \u00e9t\u00e9 aid\u00e9s par la R\u00e9gion Bretagne et j\u2019ai contract\u00e9 plusieurs pr\u00eats, sans compter le capital que j\u2019ai investi initialement avec le soutien de ma famille. Tant qu\u2018on n\u2019a pas de preuve claire que le march\u00e9 est int\u00e9ress\u00e9, notre politique est de ne pas trop investir. C\u2019est \u00e7a qui nous a permis de tenir jusqu\u2019ici. \u00c7a, et manger beaucoup de p\u00e2tes aussi !<\/p>\n","protected":false},"excerpt":{"rendered":"Le Mensuel : Vous avez cr\u00e9\u00e9, \u00e0 Rennes, ce que vous pr\u00e9sentez comme la premi\u00e8re bombe de peinture&hellip;\n","protected":false},"author":2,"featured_media":457213,"comment_status":"","ping_status":"","sticky":false,"template":"","format":"standard","meta":{"footnotes":""},"categories":[2821],"tags":[1111,11,829,33,1777,674,1011,27,848,12,584,25],"class_list":{"0":"post-457212","1":"post","2":"type-post","3":"status-publish","4":"format-standard","5":"has-post-thumbnail","7":"category-rennes","8":"tag-actu","9":"tag-actualites","10":"tag-bretagne","11":"tag-economie","12":"tag-eu","13":"tag-europe","14":"tag-fr","15":"tag-france","16":"tag-ille-et-vilaine","17":"tag-news","18":"tag-rennes","19":"tag-republique-francaise"},"share_on_mastodon":{"url":"https:\/\/pubeurope.com\/@fr\/115360743716434385","error":""},"_links":{"self":[{"href":"https:\/\/www.europesays.com\/fr\/wp-json\/wp\/v2\/posts\/457212","targetHints":{"allow":["GET"]}}],"collection":[{"href":"https:\/\/www.europesays.com\/fr\/wp-json\/wp\/v2\/posts"}],"about":[{"href":"https:\/\/www.europesays.com\/fr\/wp-json\/wp\/v2\/types\/post"}],"author":[{"embeddable":true,"href":"https:\/\/www.europesays.com\/fr\/wp-json\/wp\/v2\/users\/2"}],"replies":[{"embeddable":true,"href":"https:\/\/www.europesays.com\/fr\/wp-json\/wp\/v2\/comments?post=457212"}],"version-history":[{"count":0,"href":"https:\/\/www.europesays.com\/fr\/wp-json\/wp\/v2\/posts\/457212\/revisions"}],"wp:featuredmedia":[{"embeddable":true,"href":"https:\/\/www.europesays.com\/fr\/wp-json\/wp\/v2\/media\/457213"}],"wp:attachment":[{"href":"https:\/\/www.europesays.com\/fr\/wp-json\/wp\/v2\/media?parent=457212"}],"wp:term":[{"taxonomy":"category","embeddable":true,"href":"https:\/\/www.europesays.com\/fr\/wp-json\/wp\/v2\/categories?post=457212"},{"taxonomy":"post_tag","embeddable":true,"href":"https:\/\/www.europesays.com\/fr\/wp-json\/wp\/v2\/tags?post=457212"}],"curies":[{"name":"wp","href":"https:\/\/api.w.org\/{rel}","templated":true}]}}