{"id":457222,"date":"2025-10-12T10:38:21","date_gmt":"2025-10-12T10:38:21","guid":{"rendered":"https:\/\/www.europesays.com\/fr\/457222\/"},"modified":"2025-10-12T10:38:21","modified_gmt":"2025-10-12T10:38:21","slug":"plus-dhabitants-dans-les-villages-des-pays-de-la-loire-la-revanche-des-communes-rurales","status":"publish","type":"post","link":"https:\/\/www.europesays.com\/fr\/457222\/","title":{"rendered":"Plus d\u2019habitants dans les villages des Pays de la Loire : la revanche des communes rurales"},"content":{"rendered":"<p>Les grandes villes attirent moins de nouveaux habitants dans les Pays de la Loire. C\u2019est ce qui ressort de l\u2019\u00e9tude publi\u00e9e r\u00e9cemment par l\u2019Insee\u00a0: <a href=\"https:\/\/www.insee.fr\/fr\/statistiques\/8643805\" target=\"_self\" rel=\"noopener\">\u00ab\u00a0de l\u2019urbain vers le rural, les Lig\u00e9riens s\u2019\u00e9loignent des plus grandes villes.\u00a0\u00bb<\/a><\/p>\n<p>Globalement, le dynamisme d\u00e9mographique reste tr\u00e8s fort dans la r\u00e9gion, avec 24\u00a0000\u00a0habitants suppl\u00e9mentaires chaque ann\u00e9e. Mais il ralentit dans les centres-villes depuis les ann\u00e9es 2000. La population s\u2019\u00e9tend \u00e0 pr\u00e9sent en bordure des plus grandes agglom\u00e9rations, comme c\u2019est le cas \u00e0 La Roche-Neuville, en bordure de Ch\u00e2teau-Gonthier (Mayenne).<\/p>\n<p>Le Covid a t-il acc\u00e9l\u00e9r\u00e9 le ph\u00e9nom\u00e8ne\u00a0? En tout cas, l\u2019Insee rel\u00e8ve que <strong>\u00ab\u00a0les communes rurales les plus \u00e9loign\u00e9es redeviennent attractives\u00a0\u00bb.<\/strong><\/p>\n<\/p>\n<p>76\u00a0% des m\u00e9nages propri\u00e9taires dans les bourgs ruraux<\/p>\n<p>Aujourd\u2019hui, la croissance d\u00e9mographique est plus dynamique dans les communes rurales que dans les grandes villes et les bourgs ruraux sont les principaux contributeurs de cette croissance. Ils r\u00e9pondent \u00e0 une recherche d\u2019espace et un prix du foncier abordable. <strong>\u00ab\u00a076\u00a0% des m\u00e9nages y sont propri\u00e9taires, contre 53\u00a0% dans les communes urbaines.\u00a0\u00bb<\/strong><\/p>\n<p>L\u2019Insee explique <strong>\u00ab\u00a0qu\u2019en 2022 d\u00e9j\u00e0, un\u00a0Lig\u00e9rien sur trois\u00a0habitait dans un bourg rural \u00bb.<\/strong> Et souligne qu\u2019un <strong>\u00ab\u00a0nombre croissant d\u2019habitants choisissent de s\u2019installer sur le littoral. La population a m\u00eame doubl\u00e9 depuis 1999 dans certaines communes plus \u00e9loign\u00e9es de Nantes, comme Sainte-Pazanne et Grandchamp-des-Fontaines, ou de La Roche-sur-Yon (Vend\u00e9e), comme Froidfond\u00a0\u00bb.<\/strong><\/p>\n<p>La question des voies de circulation est essentielle\u00a0: <strong>\u00ab\u00a048\u00a0% des m\u00e9nages dans les communes rurales disposent de deux voitures, car ils sont plus \u00e9loign\u00e9s des principaux \u00e9quipements et services, alors que 41\u00a0% des m\u00e9nages des grandes villes poss\u00e8dent deux voitures.\u00a0\u00bb<\/strong>\u00a0<\/p>\n<p>\u00a0<\/p>\n","protected":false},"excerpt":{"rendered":"Les grandes villes attirent moins de nouveaux habitants dans les Pays de la Loire. C\u2019est ce qui ressort&hellip;\n","protected":false},"author":2,"featured_media":457223,"comment_status":"","ping_status":"","sticky":false,"template":"","format":"standard","meta":{"footnotes":""},"categories":[2818],"tags":[1111,11,1674,1777,674,1011,27,4021,3367,766,12,5457,2636,25,19901,58230,6317],"class_list":{"0":"post-457222","1":"post","2":"type-post","3":"status-publish","4":"format-standard","5":"has-post-thumbnail","7":"category-nantes","8":"tag-actu","9":"tag-actualites","10":"tag-communes","11":"tag-eu","12":"tag-europe","13":"tag-fr","14":"tag-france","15":"tag-habitants","16":"tag-loire","17":"tag-nantes","18":"tag-news","19":"tag-pays","20":"tag-pays-de-la-loire","21":"tag-republique-francaise","22":"tag-revanche","23":"tag-rurales","24":"tag-villages"},"share_on_mastodon":{"url":"https:\/\/pubeurope.com\/@fr\/115360766741553115","error":""},"_links":{"self":[{"href":"https:\/\/www.europesays.com\/fr\/wp-json\/wp\/v2\/posts\/457222","targetHints":{"allow":["GET"]}}],"collection":[{"href":"https:\/\/www.europesays.com\/fr\/wp-json\/wp\/v2\/posts"}],"about":[{"href":"https:\/\/www.europesays.com\/fr\/wp-json\/wp\/v2\/types\/post"}],"author":[{"embeddable":true,"href":"https:\/\/www.europesays.com\/fr\/wp-json\/wp\/v2\/users\/2"}],"replies":[{"embeddable":true,"href":"https:\/\/www.europesays.com\/fr\/wp-json\/wp\/v2\/comments?post=457222"}],"version-history":[{"count":0,"href":"https:\/\/www.europesays.com\/fr\/wp-json\/wp\/v2\/posts\/457222\/revisions"}],"wp:featuredmedia":[{"embeddable":true,"href":"https:\/\/www.europesays.com\/fr\/wp-json\/wp\/v2\/media\/457223"}],"wp:attachment":[{"href":"https:\/\/www.europesays.com\/fr\/wp-json\/wp\/v2\/media?parent=457222"}],"wp:term":[{"taxonomy":"category","embeddable":true,"href":"https:\/\/www.europesays.com\/fr\/wp-json\/wp\/v2\/categories?post=457222"},{"taxonomy":"post_tag","embeddable":true,"href":"https:\/\/www.europesays.com\/fr\/wp-json\/wp\/v2\/tags?post=457222"}],"curies":[{"name":"wp","href":"https:\/\/api.w.org\/{rel}","templated":true}]}}