{"id":457224,"date":"2025-10-12T10:39:38","date_gmt":"2025-10-12T10:39:38","guid":{"rendered":"https:\/\/www.europesays.com\/fr\/457224\/"},"modified":"2025-10-12T10:39:38","modified_gmt":"2025-10-12T10:39:38","slug":"les-feminines-du-fc-nantes-visent-la-premiere-place-de-leur-groupe-a-saint-malo-en-coupe-lffp","status":"publish","type":"post","link":"https:\/\/www.europesays.com\/fr\/457224\/","title":{"rendered":"Les f\u00e9minines du FC Nantes visent la premi\u00e8re place de leur groupe \u00e0 Saint-Malo en Coupe LFFP"},"content":{"rendered":"<p><strong>Ce samedi 11 octobre, les Nantaises jouent leur deuxi\u00e8me match dans la nouvelle Coupe de la LFFP. Face \u00e0 l\u2019US Saint-Malo \u00e0 15h au stade de Marville, elles doivent confirmer apr\u00e8s une entr\u00e9e r\u00e9ussie.<\/strong><\/p>\n<p data-start=\"502\" data-end=\"683\">Apr\u00e8s une premi\u00e8re <a href=\"https:\/\/lfpl.fff.fr\/simple\/coupe-lffp-une-rentree-reussie-pour-le-fcn-et-lmfc\/\" target=\"_blank\" rel=\"noopener\"><strong>victoire contre Le Havre (1-0)<\/strong>, les joueuses de Nicolas Chabot entendent encha\u00eener pour consolider leur position en poule.\u00a0<\/a><\/p>\n<p data-start=\"685\" data-end=\"945\">Le groupe nantais compte 18 joueuses convoqu\u00e9es pour ce d\u00e9placement. <strong>Boklach, Burns, Cosme, Cosson, Sarasola, Rodrigues, Araya, Bethi, Paljevic, Mossard, Rabanne, Swierot, Sumo, Eloissaint, Calba, Saoud, Fleury, Toloba.\u00a0<\/strong><\/p>\n<p data-start=\"947\" data-end=\"1115\"><a href=\"https:\/\/www.ussm.fr\" target=\"_blank\" rel=\"noopener\">L\u2019US Saint-Malo<\/a> a d\u00e9j\u00e0 relev\u00e9 la t<a href=\"https:\/\/www.sportcorico.com\/clubs\/us-st-malo\/us-saint-malo-1\" target=\"_blank\" rel=\"noopener\"><strong>\u00eate lors de son premier match de Coupe, apr\u00e8s un succ\u00e8s 3-0 face \u00e0 Guingamp<\/strong><\/a>. <strong>Le match se joue \u00e0 15h, au stade de Marville, et ne sera pas diffus\u00e9<\/strong>. Outre la victoire, l\u2019objectif pour Nantes est clair : <a href=\"https:\/\/www.fcnantes.com\/articles\/article2809.php?num=47917\" target=\"_blank\" rel=\"noopener\">finir <strong data-start=\"1288\" data-end=\"1313\">premier de la poule E<\/strong> pour acc\u00e9der aux quarts de finale.\u00a0<\/a><\/p>\n<p data-start=\"1390\" data-end=\"1562\">Nantes doit trouver l\u2019\u00e9quilibre entre <strong>prudence d\u00e9fensive et ambition offensive<\/strong>. L\u2019US Saint-Malo sera sans doute accul\u00e9e, <strong>mais elle jouera avec ses armes, sur son terrain.<\/strong> Avec un mental aff\u00fbt\u00e9 et une coh\u00e9sion de groupe, <strong>les Canaries peuvent pr\u00e9tendre \u00e0 la victoire ce samedi.<\/strong><\/p>\n","protected":false},"excerpt":{"rendered":"Ce samedi 11 octobre, les Nantaises jouent leur deuxi\u00e8me match dans la nouvelle Coupe de la LFFP. Face&hellip;\n","protected":false},"author":2,"featured_media":457225,"comment_status":"","ping_status":"","sticky":false,"template":"","format":"standard","meta":{"footnotes":""},"categories":[2818],"tags":[1111,11,1777,674,1011,27,766,12,2636,25],"class_list":{"0":"post-457224","1":"post","2":"type-post","3":"status-publish","4":"format-standard","5":"has-post-thumbnail","7":"category-nantes","8":"tag-actu","9":"tag-actualites","10":"tag-eu","11":"tag-europe","12":"tag-fr","13":"tag-france","14":"tag-nantes","15":"tag-news","16":"tag-pays-de-la-loire","17":"tag-republique-francaise"},"share_on_mastodon":{"url":"https:\/\/pubeurope.com\/@fr\/115360770616015291","error":""},"_links":{"self":[{"href":"https:\/\/www.europesays.com\/fr\/wp-json\/wp\/v2\/posts\/457224","targetHints":{"allow":["GET"]}}],"collection":[{"href":"https:\/\/www.europesays.com\/fr\/wp-json\/wp\/v2\/posts"}],"about":[{"href":"https:\/\/www.europesays.com\/fr\/wp-json\/wp\/v2\/types\/post"}],"author":[{"embeddable":true,"href":"https:\/\/www.europesays.com\/fr\/wp-json\/wp\/v2\/users\/2"}],"replies":[{"embeddable":true,"href":"https:\/\/www.europesays.com\/fr\/wp-json\/wp\/v2\/comments?post=457224"}],"version-history":[{"count":0,"href":"https:\/\/www.europesays.com\/fr\/wp-json\/wp\/v2\/posts\/457224\/revisions"}],"wp:featuredmedia":[{"embeddable":true,"href":"https:\/\/www.europesays.com\/fr\/wp-json\/wp\/v2\/media\/457225"}],"wp:attachment":[{"href":"https:\/\/www.europesays.com\/fr\/wp-json\/wp\/v2\/media?parent=457224"}],"wp:term":[{"taxonomy":"category","embeddable":true,"href":"https:\/\/www.europesays.com\/fr\/wp-json\/wp\/v2\/categories?post=457224"},{"taxonomy":"post_tag","embeddable":true,"href":"https:\/\/www.europesays.com\/fr\/wp-json\/wp\/v2\/tags?post=457224"}],"curies":[{"name":"wp","href":"https:\/\/api.w.org\/{rel}","templated":true}]}}