{"id":457226,"date":"2025-10-12T10:40:16","date_gmt":"2025-10-12T10:40:16","guid":{"rendered":"https:\/\/www.europesays.com\/fr\/457226\/"},"modified":"2025-10-12T10:40:16","modified_gmt":"2025-10-12T10:40:16","slug":"dans-ce-festival-parraine-par-philippe-etchebest-la-meilleure-chocolatine-de-gironde-va-etre-elue","status":"publish","type":"post","link":"https:\/\/www.europesays.com\/fr\/457226\/","title":{"rendered":"Dans ce festival parrain\u00e9 par Philippe Etchebest, la meilleure chocolatine de Gironde va \u00eatre \u00e9lue"},"content":{"rendered":"<p>            Par<br \/>\n        <strong><br \/>\n            <a href=\"https:\/\/actu.fr\/auteur\/redaction-bordeaux\" title=\"Consulter tous les articles de R\u00e9daction Bordeaux\" target=\"_blank\" rel=\"noopener\">R\u00e9daction Bordeaux<\/a><br \/>\n        <\/strong><\/p>\n<p>        Publi\u00e9 le<\/p>\n<p>            12 oct. 2025 \u00e0 11h32        <\/p>\n<p>La <strong>chocolatine<\/strong> va \u00eatre mise \u00e0 l\u2019honneur par la Ville de Bordeaux. Mardi 14 octobre 2025, un concours de la meilleure chocolatine de Gironde est organis\u00e9 dans le cadre du festival <strong>Bon\u2009!<\/strong>, parrain\u00e9 par <a href=\"https:\/\/actu.fr\/nouvelle-aquitaine\/bordeaux_33063\/philippe-etchebest-va-ouvrir-un-nouveau-restaurant-a-bordeaux-et-on-connait-le-concept_63007841.html\" target=\"_blank\" rel=\"noopener\">Philippe Etchebest<\/a>, qui se tient \u00e0 Bordeaux du 13 au 19\u00a0octobre.<\/p>\n<p class=\" wall-content\">Durant cet \u00e9v\u00e8nement qui f\u00eate sa troisi\u00e8me \u00e9dition, de nombreuses animations sont pr\u00e9vues dont ce concours qui est port\u00e9 par la F\u00e9d\u00e9ration des Artisans Boulangers P\u00e2tissiers de Gironde. L\u2019an dernier, c\u2019est la <a href=\"https:\/\/actu.fr\/nouvelle-aquitaine\/bordeaux_33063\/le-concours-de-la-meilleure-chocolatine-de-gironde-a-couronne-une-boulangerie-bordelaise_61744162.html\" target=\"_blank\" rel=\"noopener\">boulangerie bordelaise Grain<\/a>, situ\u00e9e dans le quartier Saint-Seurin qui avait <strong>rafl\u00e9 la mise<\/strong>. Au total, 40 chocolatines avaient \u00e9t\u00e9 d\u00e9gust\u00e9es. Le jury, pr\u00e9sid\u00e9 par Vivien Durand, chef \u00e9toil\u00e9, s\u2019\u00e9tait charg\u00e9 de d\u00e9partager les viennoiseries con\u00e7ues par les candidats.<\/p>\n<p>Deux cat\u00e9gories, deux gagnants<\/p>\n<p class=\" wall-content\">Pour cette troisi\u00e8me \u00e9dition du festival Bon\u2009!, le jury sera pr\u00e9sid\u00e9 par <strong>Pascal Rigo<\/strong>, boulanger bordelais qui a fait succ\u00e8s aux \u00c9tats-Unis. \u00c9galement, n\u2019importe quelle personne peut venir <strong>d\u00e9guster<\/strong> les chocolatines des participants et assister \u00e0 la remise des prix. Le concours va se tenir de 8h30 \u00e0 13h30 dans les salons de l\u2019H\u00f4tel de Ville sur la place Pey-Berland.<\/p>\n<p class=\" wall-content\">Apr\u00e8s la d\u00e9lib\u00e9ration, deux personnes seront couronn\u00e9es : une chez les apprentis et l\u2019autre dans la cat\u00e9gorie principale des salari\u00e9s et chefs d\u2019entreprise.\u00a0<\/p>\n<p>Festival Bon !\u00a0<br \/>Du 13 au 19 octobre<br \/>Plus de 90 \u00e9v\u00e8nements r\u00e9partis dans huit quartiers de Bordeaux<\/p>\n<p class=\" wall-content\">Personnalisez votre actualit\u00e9 en ajoutant vos villes et m\u00e9dias en favori avec <a href=\"https:\/\/moncompte.actu.fr\" title=\"D\u00e9couvez Mon Actu\" rel=\"nofollow noopener\" data-trk=\"{&quot;cta&quot;:{&quot;action&quot;:&quot;https:\\\/\\\/moncompte.actu.fr&quot;,&quot;category&quot;:&quot;mon compte&quot;,&quot;from&quot;:&quot;article footer&quot;,&quot;name&quot;:&quot;Mon actu&quot;,&quot;type&quot;:&quot;cta&quot;}}\" target=\"_blank\">Mon Actu<\/a>.<\/p>\n","protected":false},"excerpt":{"rendered":"Par R\u00e9daction Bordeaux Publi\u00e9 le 12 oct. 2025 \u00e0 11h32 La chocolatine va \u00eatre mise \u00e0 l\u2019honneur par&hellip;\n","protected":false},"author":2,"featured_media":457227,"comment_status":"","ping_status":"","sticky":false,"template":"","format":"standard","meta":{"footnotes":""},"categories":[2817],"tags":[1111,11,1063,1997,1777,674,1011,27,12,2219,5387,25,104],"class_list":{"0":"post-457226","1":"post","2":"type-post","3":"status-publish","4":"format-standard","5":"has-post-thumbnail","7":"category-bordeaux","8":"tag-actu","9":"tag-actualites","10":"tag-animations","11":"tag-bordeaux","12":"tag-eu","13":"tag-europe","14":"tag-fr","15":"tag-france","16":"tag-news","17":"tag-nouvelle-aquitaine","18":"tag-philippe-etchebest","19":"tag-republique-francaise","20":"tag-societe"},"share_on_mastodon":{"url":"https:\/\/pubeurope.com\/@fr\/115360774575270129","error":""},"_links":{"self":[{"href":"https:\/\/www.europesays.com\/fr\/wp-json\/wp\/v2\/posts\/457226","targetHints":{"allow":["GET"]}}],"collection":[{"href":"https:\/\/www.europesays.com\/fr\/wp-json\/wp\/v2\/posts"}],"about":[{"href":"https:\/\/www.europesays.com\/fr\/wp-json\/wp\/v2\/types\/post"}],"author":[{"embeddable":true,"href":"https:\/\/www.europesays.com\/fr\/wp-json\/wp\/v2\/users\/2"}],"replies":[{"embeddable":true,"href":"https:\/\/www.europesays.com\/fr\/wp-json\/wp\/v2\/comments?post=457226"}],"version-history":[{"count":0,"href":"https:\/\/www.europesays.com\/fr\/wp-json\/wp\/v2\/posts\/457226\/revisions"}],"wp:featuredmedia":[{"embeddable":true,"href":"https:\/\/www.europesays.com\/fr\/wp-json\/wp\/v2\/media\/457227"}],"wp:attachment":[{"href":"https:\/\/www.europesays.com\/fr\/wp-json\/wp\/v2\/media?parent=457226"}],"wp:term":[{"taxonomy":"category","embeddable":true,"href":"https:\/\/www.europesays.com\/fr\/wp-json\/wp\/v2\/categories?post=457226"},{"taxonomy":"post_tag","embeddable":true,"href":"https:\/\/www.europesays.com\/fr\/wp-json\/wp\/v2\/tags?post=457226"}],"curies":[{"name":"wp","href":"https:\/\/api.w.org\/{rel}","templated":true}]}}