{"id":457234,"date":"2025-10-12T10:44:11","date_gmt":"2025-10-12T10:44:11","guid":{"rendered":"https:\/\/www.europesays.com\/fr\/457234\/"},"modified":"2025-10-12T10:44:11","modified_gmt":"2025-10-12T10:44:11","slug":"ces-incroyables-ballets-a-voir-au-sebasto","status":"publish","type":"post","link":"https:\/\/www.europesays.com\/fr\/457234\/","title":{"rendered":"ces incroyables ballets \u00e0 voir au S\u00e9basto"},"content":{"rendered":"<p>            Par<br \/>\n        <strong><br \/>\n            <a href=\"https:\/\/actu.fr\/auteur\/amandine-vachez\" title=\"Consulter tous les articles de Amandine Vachez\" target=\"_blank\" rel=\"noopener\">Amandine Vachez<\/a><br \/>\n        <\/strong><\/p>\n<p>        Publi\u00e9 le<\/p>\n<p>            12 oct. 2025 \u00e0 12h10        <\/p>\n<p>Il y en aura pour les amateurs de <a href=\"https:\/\/actu.fr\/loisirs-culture\/danse\" target=\"_blank\" rel=\"noopener\">danse<\/a> de tout \u00e2ge\u2009: plusieurs ballets sont pr\u00e9vus \u00e0 <a href=\"https:\/\/actu.fr\/hauts-de-france\/lille_59350\" target=\"_blank\" rel=\"noopener\">Lille<\/a> (Nord) dans les prochaines semaines, dans l\u2019\u00e9crin d\u2019exception du<b> S\u00e9basto<\/b>. Le <a href=\"https:\/\/actu.fr\/hauts-de-france\/lille_59350\/lille-le-saviez-vous-le-theatre-sebastopol-a-ete-construit-en-100-jours_62055489.html\" target=\"_blank\" rel=\"noopener\">th\u00e9\u00e2tre \u00e0 l\u2019italienne<\/a> accueillera des<b> spectacles d\u2019exception <\/b>de plusieurs compagnies, de novembre\u00a02025 \u00e0 janvier\u00a02026. Les prochains ballets \u00e0 l\u2019affiche.<\/p>\n<p>Casse-Noisette pour No\u00ebl, dont une version jeune public<\/p>\n<p class=\" wall-content\">C\u2019est un incontournable de la fin d\u2019ann\u00e9e\u2009: le <b>ballet Casse-Noisette<\/b> sera propos\u00e9 dans plusieurs versions, de novembre \u00e0 janvier prochain.<\/p>\n<p class=\" wall-content\">Pour rappel, Casse-Noisette est un ballet f\u00e9erique de Piotr Ilitch Tcha\u00efkovski, qui raconte l\u2019histoire de Clara, une jeune fille qui, la veille de No\u00ebl, re\u00e7oit un casse-noisette en cadeau. Alors qu\u2019elle s\u2019endort, elle r\u00eave que le jouet prend vie et se transforme en prince. Ensemble, ils partent dans un royaume magique peupl\u00e9 de cr\u00e9atures fantastiques\u2026 Un voyage f\u00e9erique pour petits et grands spectateurs, dans l\u2019esprit de No\u00ebl\u2009!<\/p>\n<p class=\" wall-content\">Vous pourrez voir plusieurs versions \u00e0 Lille\u2009:<\/p>\n<ul class=\" wall-content\">\n<li>Les <b>vendredi 28\u00a0novembre <\/b>et<b> jeudi 18\u00a0d\u00e9cembre <\/b>\u00e0 20\u2009h, par <a href=\"https:\/\/theatre-sebastopol.fr\/spectacle\/casse-noisette-2\/\" target=\"_blank\" rel=\"noopener\">Baltic Magical Ballet<\/a><br \/>Comptez entre 40,20\u00a0euros et 60,20\u00a0euros pour ce spectacle.<\/li>\n<li>\n<p>Le<b> lundi 15\u00a0d\u00e9cembre <\/b>\u00e0 20\u2009h par <a href=\"https:\/\/theatre-sebastopol.fr\/spectacle\/le-lac-des-cygnes-4\/\" target=\"_blank\" rel=\"noopener\">Sofia City Ballet<\/a><br \/>Les places sont affich\u00e9es \u00e0 un tarif allant de 28 \u00e0 48\u00a0euros.<\/p>\n<\/li>\n<li>\n<p>Le <b>vendredi 2\u00a0janvier 2026 <\/b>\u00e0 14\u2009h sp\u00e9cialement <a href=\"https:\/\/theatre-sebastopol.fr\/spectacle\/mon-premier-casse-noisette\/\" target=\"_blank\" rel=\"noopener\">pour le jeune public<\/a><\/p>\n<p>Comptez entre 35 et 52\u00a0euros, en fonction des places choisies.<\/p>\n<\/li>\n<\/ul>\n<p>Trois repr\u00e9sentations et deux versions du Lac des Cygnes<\/p>\n<p class=\" wall-content\">Le Lac des Cygnes, autre ballet majeur de Tcha\u00efkovski, raconte l\u2019histoire tragique d\u2019Odette, une princesse transform\u00e9e en cygne par un sort mal\u00e9fique. Chaque nuit, elle reprend sa forme humaine, mais elle doit retourner sous l\u2019emprise de la mal\u00e9diction le jour. Le prince Siegfried, venu chasser dans la for\u00eat, tombe amoureux d\u2019elle et jure de briser la mal\u00e9diction. Mais c\u2019est sans compter sur les rebondissements de l\u2019histoire\u2026<\/p>\n<p class=\" wall-content\">Ce ballet \u00e9mouvant, d\u2019abord incompris puis chor\u00e9graphi\u00e9 avec panache par Marius Petipa, est aujourd\u2019hui l\u2019une des cr\u00e9ations les plus populaires du monde. Venez vibrer aux sonorit\u00e9s devenues incontournables, dans un chef-d\u2019\u0153uvre o\u00f9 la beaut\u00e9 n\u2019a d\u2019\u00e9gal que la dimension dramatique de l\u2019intrigue.<\/p>\n<p>Votre r\u00e9gion, votre actu !<\/p>\n<p>Recevez chaque jour les infos qui comptent pour vous.<\/p>\n<p>\t<a href=\"https:\/\/actu.fr\/newsletter\" class=\"ac-btn ac-btn--corner ac-btn--medium ac-btn--blue800\" target=\"_blank\" rel=\"noopener\">S&rsquo;incrire<\/a><\/p>\n<p class=\" wall-content\">Le ballet sera pr\u00e9sent\u00e9\u2009:<\/p>\n<ul class=\" wall-content\">\n<li>Le <b>samedi 29\u00a0novembre<\/b> <a href=\"https:\/\/theatre-sebastopol.fr\/spectacle\/le-lac-des-cygnes-3\/\" target=\"_blank\" rel=\"noopener\">\u00e0 20\u2009h<\/a> et le <b>dimanche 19\u00a0d\u00e9cembre<\/b> <a href=\"https:\/\/theatre-sebastopol.fr\/spectacle\/le-lac-des-cygnes-2\/\" target=\"_blank\" rel=\"noopener\">\u00e0 20\u2009h<\/a> par le Baltic Magical Ballet<br \/>Le spectacle est affich\u00e9 de 40,20 \u00e0 60,20\u00a0euros.<\/li>\n<li>Le <b>mardi 13\u00a0janvier 2026<\/b> \u00e0 20\u2009h par le <a href=\"https:\/\/theatre-sebastopol.fr\/spectacle\/le-lac-des-cygnes\/\" target=\"_blank\" rel=\"noopener\">Sofia City Ballet<\/a>.<br \/>Comptez de 28 \u00e0 48\u00a0euros pour le spectacle.<\/li>\n<\/ul>\n<p>La Reine des neiges en spectacle de danse<\/p>\n<p class=\" wall-content\">Ce sera assur\u00e9ment une date qui attirera l\u2019attention de plusieurs g\u00e9n\u00e9rations\u2009! Le conte \u00e9crit en 1844 par Hans Christian Andersen a fait le tour du monde et voit une nouvelle adaptation en ballet, s\u2019inviter dans les murs du S\u00e9basto.<\/p>\n<p class=\" wall-content\">S\u2019inspirant du conte original, mais aussi des derni\u00e8res adaptations, les quarante danseurs du Grand Ballet d\u2019Ukraine vous entra\u00eenent dans cette aventure passionnante, alliant des moments tour \u00e0 tour spectaculaires, intimes et touchants. Ce r\u00e9cit palpitant dans des d\u00e9cors enneig\u00e9s et tr\u00e8s impressionnants sera pr\u00e9sent\u00e9 par Madame Rose, h\u00f4te-ballerine-pr\u00e9sentatrice, qui vous emm\u00e8nera par la main, introduisant les personnages et l\u2019action. Ainsi, chacun, du plus grand au plus petit, comprendra parfaitement le r\u00e9cit. Un enchantement\u2009!<\/p>\n<p class=\" wall-content\">Vous pourrez d\u00e9couvrir ce show qui s\u2019annonce \u00e9poustouflant\u2009:<\/p>\n<ul class=\" wall-content\">\n<li>Le <b>vendredi 2\u00a0janvier 2026<\/b> \u00e0 18\u2009h, par le Grand Ballet d\u2019Ukraine<br \/>Les places sont affich\u00e9es entre 35 et 52\u00a0euros.<\/li>\n<\/ul>\n<p class=\" wall-content\">Spectacles, concerts\u2026 Retrouvez toute la programmation du Th\u00e9\u00e2tre S\u00e9bastopol <a href=\"https:\/\/theatre-sebastopol.fr\/programmation\/\" target=\"_blank\" rel=\"noopener\">en ligne<\/a>.<\/p>\n<p class=\" wall-content\">Personnalisez votre actualit\u00e9 en ajoutant vos villes et m\u00e9dias en favori avec <a href=\"https:\/\/moncompte.actu.fr\" title=\"D\u00e9couvez Mon Actu\" rel=\"nofollow noopener\" data-trk=\"{&quot;cta&quot;:{&quot;action&quot;:&quot;https:\\\/\\\/moncompte.actu.fr&quot;,&quot;category&quot;:&quot;mon compte&quot;,&quot;from&quot;:&quot;article footer&quot;,&quot;name&quot;:&quot;Mon actu&quot;,&quot;type&quot;:&quot;cta&quot;}}\" target=\"_blank\">Mon Actu<\/a>.<\/p>\n","protected":false},"excerpt":{"rendered":"Par Amandine Vachez Publi\u00e9 le 12 oct. 2025 \u00e0 12h10 Il y en aura pour les amateurs de&hellip;\n","protected":false},"author":2,"featured_media":457235,"comment_status":"","ping_status":"","sticky":false,"template":"","format":"standard","meta":{"footnotes":""},"categories":[2815],"tags":[1111,11,5972,1777,674,652,1011,27,811,1307,1652,12,25,853],"class_list":{"0":"post-457234","1":"post","2":"type-post","3":"status-publish","4":"format-standard","5":"has-post-thumbnail","7":"category-lille","8":"tag-actu","9":"tag-actualites","10":"tag-danse","11":"tag-eu","12":"tag-europe","13":"tag-famille","14":"tag-fr","15":"tag-france","16":"tag-hauts-de-france","17":"tag-lille","18":"tag-loisirs-culture","19":"tag-news","20":"tag-republique-francaise","21":"tag-spectacles"},"share_on_mastodon":{"url":"https:\/\/pubeurope.com\/@fr\/115360790330553622","error":""},"_links":{"self":[{"href":"https:\/\/www.europesays.com\/fr\/wp-json\/wp\/v2\/posts\/457234","targetHints":{"allow":["GET"]}}],"collection":[{"href":"https:\/\/www.europesays.com\/fr\/wp-json\/wp\/v2\/posts"}],"about":[{"href":"https:\/\/www.europesays.com\/fr\/wp-json\/wp\/v2\/types\/post"}],"author":[{"embeddable":true,"href":"https:\/\/www.europesays.com\/fr\/wp-json\/wp\/v2\/users\/2"}],"replies":[{"embeddable":true,"href":"https:\/\/www.europesays.com\/fr\/wp-json\/wp\/v2\/comments?post=457234"}],"version-history":[{"count":0,"href":"https:\/\/www.europesays.com\/fr\/wp-json\/wp\/v2\/posts\/457234\/revisions"}],"wp:featuredmedia":[{"embeddable":true,"href":"https:\/\/www.europesays.com\/fr\/wp-json\/wp\/v2\/media\/457235"}],"wp:attachment":[{"href":"https:\/\/www.europesays.com\/fr\/wp-json\/wp\/v2\/media?parent=457234"}],"wp:term":[{"taxonomy":"category","embeddable":true,"href":"https:\/\/www.europesays.com\/fr\/wp-json\/wp\/v2\/categories?post=457234"},{"taxonomy":"post_tag","embeddable":true,"href":"https:\/\/www.europesays.com\/fr\/wp-json\/wp\/v2\/tags?post=457234"}],"curies":[{"name":"wp","href":"https:\/\/api.w.org\/{rel}","templated":true}]}}