{"id":457236,"date":"2025-10-12T10:45:20","date_gmt":"2025-10-12T10:45:20","guid":{"rendered":"https:\/\/www.europesays.com\/fr\/457236\/"},"modified":"2025-10-12T10:45:20","modified_gmt":"2025-10-12T10:45:20","slug":"chrysoline-de-gastines-et-son-mari-victorien-nous-ouvrent-les-portes-de-leur-havre-chic-en-plein-coeur-de-lille","status":"publish","type":"post","link":"https:\/\/www.europesays.com\/fr\/457236\/","title":{"rendered":"Chrysoline de Gastines et son mari Victorien nous ouvrent les portes de leur havre chic en plein c\u0153ur de Lille"},"content":{"rendered":"<p>\n    La cr\u00e9atrice de Balzac Paris et sa famille ont quitt\u00e9 le tumulte parisien pour une \u00e9l\u00e9gante maison lilloise. Un lieu qui leur ressemble.<\/p>\n<p class=\"fig-paragraph\">Vive le TGV\u00a0! Gr\u00e2ce \u00e0 lui, Lille est \u00e0 une heure de Paris. Un avantage pr\u00e9cieux pour Chrysoline de Gastines, cofondatrice, avec son mari, Victorien, et son beau-fr\u00e8re Charles, de la marque de pr\u00eat-\u00e0-porter\u00a0<a href=\"http:\/\/madame.lefigaro.fr\/shopping\/mode\/le-blanc-la-couleur-de-l-ete-en-3-pieces-balzac-20250726\" target=\"_blank\" data-fig-type=\"Article\" rel=\"sponsored noopener\" data-gtm-custom-categorie=\"navigation\" data-gtm-custom-action=\"crossclick\" data-gtm-custom-label=\"Contextuel\" data-gtm-event=\"customEventSPE\" data-fig-domain=\"MADAME\">Balzac Paris<\/a>. Elle a, en effet, d\u00e9cid\u00e9 de retourner vivre dans la capitale des Hauts-de-France, dont elle est originaire, et qui lui semble plus adapt\u00e9e \u00e0 la vie d\u2019une famille avec quatre\u00a0enfants. En moins de temps qu\u2019il n\u2019en faut pour traverser la capitale d\u2019est en ouest ou du nord au sud, elle peut rejoindre ses bureaux parisiens et, le soir, rentrer au calme et profiter de sa tribu. C\u2019est enceinte de Georges, le petit dernier, qu\u2019elle d\u00e9bute les visites et tombe amoureuse d\u2019une maison de 300 m\u00b2 entour\u00e9e d\u2019un ravissant jardin. Si le coup de c\u0153ur est imm\u00e9diat, elle veut que la maison lui ressemble. Elle d\u00e9cide donc de repenser int\u00e9gralement l\u2019int\u00e9rieur.<\/p>\n<p>    <a href=\"https:\/\/photo-madame.lefigaro.fr\/deco-design\/la-decoration-d-interieur-de-chrysoline-de-gastines-20251002\" target=\"_blank\" rel=\"noopener\"><\/p>\n<p class=\"fig-slideshow__title\">\n                    La d\u00e9coration d\u2019int\u00e9rieur de Chrysoline de Gastines\n                <\/p>\n<p>                            <img decoding=\"async\" src=\"https:\/\/www.europesays.com\/fr\/wp-content\/uploads\/2025\/10\/77101bfb44065cf9946e74b427aec7627678f4ea265a996c03494ef3be2df91c.jpg\" class=\"fig-slideshow__hidden\" alt=\"\"\/><br \/>\n                    <img decoding=\"async\" src=\"https:\/\/www.europesays.com\/fr\/wp-content\/uploads\/2025\/10\/37b1a08d5f46e0406c96635bd28f7e609d31d9e339b7904916be2c1d7cadc7f8.jpg\" class=\"fig-slideshow__hidden\" alt=\"\"\/><\/p>\n<p>    <\/a><\/p>\n<p class=\"fig-paragraph\">Pour\u00a0<a href=\"http:\/\/madame.lefigaro.fr\/deco-design\/tendances-deco\/les-10-choses-a-savoir-absolument-avant-de-se-lancer-dans-un-chantier-de-renovation-20251002\" data-fig-type=\"Article\" data-gtm-custom-categorie=\"navigation\" data-gtm-custom-action=\"crossclick\" data-gtm-custom-label=\"Contextuel\" data-gtm-event=\"customEventSPE\" data-fig-domain=\"MADAME\" target=\"_blank\" rel=\"noopener\">ce chantier<\/a>\u00a0qui va durer un\u2008an, elle est \u00e9paul\u00e9e par l\u2019architecte d\u2019int\u00e9rieur Cyrielle Wattinne, avec qui elle a d\u00e9j\u00e0 collabor\u00e9 pour ses appartements parisiens et son pied-\u00e0-terre au Touquet. La complicit\u00e9 qui s\u2019est install\u00e9e entre elles, au fil du temps et des projets, leur a permis de travailler harmonieusement \u00e0 quatre\u00a0mains. Leur coup de ma\u00eetre\u00a0? Avoir enti\u00e8rement d\u00e9cloisonn\u00e9 le rez-de-chauss\u00e9e. De l\u2019entr\u00e9e \u00e0 la cuisine, du salon \u00e0 la salle \u00e0 manger, il n\u2019y a aucune porte\u00a0: on circule librement. Pour apporter du rythme \u00e0 cet ensemble, les volumes sont structur\u00e9s autour d\u2019arches en bois.<\/p>\n<p>                                    <a class=\"fig-a11y-skip a11y-hidden\" href=\"#fig-a11y-skip-main-inarticle\"><br \/>\n        Passer la publicit\u00e9<br \/>\n    <\/a><\/p>\n<p>Addict aux rayures<\/p>\n<p class=\"fig-paragraph\">\u00abNous avons privil\u00e9gi\u00e9, un peu partout, le bois, mat\u00e9riau naturel et chaleureux, afin d\u2019apporter un contraste aux murs blancs, aux sols en b\u00e9ton et ainsi r\u00e9chauffer l\u2019atmosph\u00e8re, pr\u00e9cise Chrysoline de\u00a0Gastines. Si je suis s\u00e9duite par les<a href=\"http:\/\/madame.lefigaro.fr\/deco-design\/tendances-deco\/adieu-les-murs-blancs-on-se-lance-dans-le-drenching-l-art-d-utiliser-la-couleur-du-sol-au-plafond-20250502\" target=\"_blank\" data-fig-type=\"Article\" rel=\"noopener\" data-gtm-custom-categorie=\"navigation\" data-gtm-custom-action=\"crossclick\" data-gtm-custom-label=\"Contextuel\" data-gtm-event=\"customEventSPE\" data-fig-domain=\"MADAME\">\u00a0int\u00e9rieurs color\u00e9s<\/a>\u00a0des autres, le blanc est mon v\u00e9ritable terrain d\u2019expression. C\u2019est lui qui me permet d\u2019exprimer ma personnalit\u00e9.\u00bb Et en effet, il refl\u00e8te ici merveilleusement la lumi\u00e8re qui entre \u00e0 flots par les baies vitr\u00e9es et qui rebondit sur les nombreux miroirs afin d\u2019\u00e9clairer chaque recoin. Il est surtout une parfaite toile de fond pour mettre en sc\u00e8ne meubles et objets, tapis et \u0153uvres d\u2019artistes contemporains, avec un art ma\u00eetris\u00e9 du mix &amp; match. \u00abOn retrouve \u00e0 la maison les m\u00eames codes que dans les boutiques Balzac Paris, ajoute Chrysoline de Gastines.<\/p>\n<p>    <strong>Dans le salon baign\u00e9 de lumi\u00e8re, le canap\u00e9 \u00e0 double assise sur mesure, recouvert d\u2019un tissu Pierre Frey, est la pi\u00e8ce ma\u00eetresse. Sur le tapis Nordic Knots, un savant m\u00e9lange de pi\u00e8ces chin\u00e9es\u00a0: fauteuils Alky, de Giancarlo Piretti, et Pacha, de Pierre Paulin pour Gubi, table basse Sesann, de Gianfranco Frattini. Dessus, vase Cosin Paris, cendrier Bello et Bello. Au mur, \u0153uvre d\u2019Agathe Prouvost.<\/strong><br \/>\n                Matias Indjic \/ Matias Indjic<\/p>\n<p class=\"fig-paragraph\">Soit un \u00e9crin blanc dans lequel on peut s\u2019amuser avec des couleurs et des motifs, comme le\u00a0<a href=\"http:\/\/madame.lefigaro.fr\/shopping\/mode\/imprime-leopard-5-pieces-parfaites-pour-la-rentree-a-retrouver-chez-sezane-20250909\" target=\"_blank\" data-fig-type=\"Article\" rel=\"sponsored noopener\" data-gtm-custom-categorie=\"navigation\" data-gtm-custom-action=\"crossclick\" data-gtm-custom-label=\"Contextuel\" data-gtm-event=\"customEventSPE\" data-fig-domain=\"MADAME\">l\u00e9opard\u00a0<\/a>ou les rayures, qui ornent, par exemple, la t\u00eate de lit de ma chambre. Je crois que je suis addict aux rayures tant dans la garde-robe que dans la d\u00e9co\u00a0!\u00bb Autre passion\u00a0: le vert kiwi, sa teinte f\u00e9tiche, d\u00e9clin\u00e9e sur le tapis du salon, la banquette de la cuisine ou encore en un gros galet en tissu chenille qui habille le banc-\u00eelot de l\u2019entr\u00e9e.<\/p>\n<p class=\"fig-paragraph\">\u00abJe me sens bien ici, poursuit-elle, car chaque d\u00e9tail nous ressemble. Nous avons fait r\u00e9aliser une partie des meubles sur mesure, pour r\u00e9pondre \u00e0 nos go\u00fbts, bien s\u00fbr, mais aussi pour qu\u2019ils correspondent \u00e0 notre mani\u00e8re de vivre. Ainsi, dans la cuisine, tout a \u00e9t\u00e9 minutieusement dessin\u00e9. \u00c0 l\u2019\u00e9tage, dans la chambre de notre fille Colombe, nous avons imagin\u00e9 un lit fonctionnel avec deux\u2008\u00e9normes tiroirs afin qu\u2019elle puisse ranger rapidement et facilement son petit bazar. Dans le salon, le canap\u00e9 et la biblioth\u00e8que en acier ont \u00e9t\u00e9 fabriqu\u00e9s pour nous. J\u2019ai, en revanche, chin\u00e9 une table basse miroir Sesann, de Gianfranco Frattini, \u00e9dit\u00e9e par Cassina, et un fauteuil gris Alky, de Giancarlo Piretti. Dans la salle \u00e0 manger, la table laqu\u00e9e Gabrielle Paris, marque de ma belle-s\u0153ur, s\u2019accorde quant \u00e0 elle avec des chaises vintage Matteo Grassi. Ce m\u00e9lange de cr\u00e9ations uniques, de pi\u00e8ces neuves et vintage apporte une \u00e2me \u00e0 la maison.\u00bb<\/p>\n<p>    <strong>Sur la biblioth\u00e8que con\u00e7ue sur mesure, une composition de Dubouquet, fleuriste \u00e0 Lille, dans un vase &amp;Klevering. Lampe Di Fretto, vase Ferm Living, coupe Zara Home, double vase chin\u00e9.<\/strong><br \/>\n                Matias Indjic \/ Matias Indjic<\/p>\n<blockquote class=\"fig-quote&#10;    \">\n<p class=\"fig-quote__text\">\u201cJe me sens bien ici, car chaque d\u00e9tail nous ressemble\u201d<\/p>\n<p>            Chrysoline de Gastines\n    <\/p><\/blockquote>\n<p>Au plus pr\u00e8s du jardin<\/p>\n<p class=\"fig-paragraph\">Le jardin ajoute au charme du lieu et semble s\u2019immiscer \u00e0 l\u2019int\u00e9rieur. Des bouquets de fleurs ponctuent chaque pi\u00e8ce, et la chambre du couple, au rez-de-chauss\u00e9e, est comme noy\u00e9e dans la nature. \u00abInitialement, notre architecte, Cyrielle Wattinne, souhaitait que notre chambre soit \u00e0 l\u2019\u00e9tage, avec\u00a0<a href=\"http:\/\/madame.lefigaro.fr\/beaute\/quelle-est-cette-etrange-machine-a-20-000-euros-que-madonna-a-dans-sa-salle-de-bains-20250527\" target=\"_blank\" data-fig-type=\"Article\" rel=\"noopener\" data-gtm-custom-categorie=\"navigation\" data-gtm-custom-action=\"crossclick\" data-gtm-custom-label=\"Contextuel\" data-gtm-event=\"customEventSPE\" data-fig-domain=\"MADAME\">salle de bains<\/a>\u00a0et dressing attenants. Mais je voulais absolument \u00eatre au plus pr\u00e8s du jardin, pouvoir m\u2019y connecter le matin en ouvrant ma fen\u00eatre.\u00bb Ce choix a permis de faire du premier\u00a0niveau un paradis pour Garance, Colombe, Lazare et Georges. Chacun a sa chambre. Tous peuvent aussi se retrouver pour jouer dans un espace commun.<\/p>\n<p class=\"fig-paragraph\">Ils sont \u00e9galement souvent dans le jardin, qui accueille un trampoline. Comme \u00e0 l\u2019int\u00e9rieur, ce terrain verdoyant avec ses massifs d\u2019inspiration japonaise a \u00e9t\u00e9 pens\u00e9 pour que petits et grands puissent vivre leur vie ensemble ou s\u00e9par\u00e9ment, selon les envies de chacun et les moments de la journ\u00e9e. Dedans comme dehors, on se sent bien\u2026 Peut-\u00eatre n\u2019est ce pas un hasard si Balzac Paris inaugurera le 1er d\u00e9cembre une toute premi\u00e8re boutique \u00e0 Lille. On y trouvera, d\u00e8s No\u00ebl, le premier\u00a0vase de la marque\u00a0: un pas vers l\u2019univers de l\u2019art de vivre qui, on le devine, ne laisse pas Chrysoline de\u00a0Gastines indiff\u00e9rente.<\/p>\n","protected":false},"excerpt":{"rendered":"La cr\u00e9atrice de Balzac Paris et sa famille ont quitt\u00e9 le tumulte parisien pour une \u00e9l\u00e9gante maison lilloise.&hellip;\n","protected":false},"author":2,"featured_media":457237,"comment_status":"","ping_status":"","sticky":false,"template":"","format":"standard","meta":{"footnotes":""},"categories":[2815],"tags":[1111,11,49562,8114,1386,1777,674,1011,27,811,1307,12,25],"class_list":{"0":"post-457236","1":"post","2":"type-post","3":"status-publish","4":"format-standard","5":"has-post-thumbnail","7":"category-lille","8":"tag-actu","9":"tag-actualites","10":"tag-astuces-deco","11":"tag-decoration-dinterieur","12":"tag-design","13":"tag-eu","14":"tag-europe","15":"tag-fr","16":"tag-france","17":"tag-hauts-de-france","18":"tag-lille","19":"tag-news","20":"tag-republique-francaise"},"share_on_mastodon":{"url":"https:\/\/pubeurope.com\/@fr\/115360794807989596","error":""},"_links":{"self":[{"href":"https:\/\/www.europesays.com\/fr\/wp-json\/wp\/v2\/posts\/457236","targetHints":{"allow":["GET"]}}],"collection":[{"href":"https:\/\/www.europesays.com\/fr\/wp-json\/wp\/v2\/posts"}],"about":[{"href":"https:\/\/www.europesays.com\/fr\/wp-json\/wp\/v2\/types\/post"}],"author":[{"embeddable":true,"href":"https:\/\/www.europesays.com\/fr\/wp-json\/wp\/v2\/users\/2"}],"replies":[{"embeddable":true,"href":"https:\/\/www.europesays.com\/fr\/wp-json\/wp\/v2\/comments?post=457236"}],"version-history":[{"count":0,"href":"https:\/\/www.europesays.com\/fr\/wp-json\/wp\/v2\/posts\/457236\/revisions"}],"wp:featuredmedia":[{"embeddable":true,"href":"https:\/\/www.europesays.com\/fr\/wp-json\/wp\/v2\/media\/457237"}],"wp:attachment":[{"href":"https:\/\/www.europesays.com\/fr\/wp-json\/wp\/v2\/media?parent=457236"}],"wp:term":[{"taxonomy":"category","embeddable":true,"href":"https:\/\/www.europesays.com\/fr\/wp-json\/wp\/v2\/categories?post=457236"},{"taxonomy":"post_tag","embeddable":true,"href":"https:\/\/www.europesays.com\/fr\/wp-json\/wp\/v2\/tags?post=457236"}],"curies":[{"name":"wp","href":"https:\/\/api.w.org\/{rel}","templated":true}]}}