{"id":457239,"date":"2025-10-12T10:47:10","date_gmt":"2025-10-12T10:47:10","guid":{"rendered":"https:\/\/www.europesays.com\/fr\/457239\/"},"modified":"2025-10-12T10:47:10","modified_gmt":"2025-10-12T10:47:10","slug":"katia-bourdarel-expose-son-univers-realiste-et-onirique-au-musee-regards-de-provence-a-marseille","status":"publish","type":"post","link":"https:\/\/www.europesays.com\/fr\/457239\/","title":{"rendered":"Katia Bourdarel expose son univers r\u00e9aliste et onirique au mus\u00e9e Regards de Provence \u00e0 Marseille"},"content":{"rendered":"<p>Ce qui frappe le visiteur, en entrant dans la nouvelle exposition du <a href=\"https:\/\/www.laprovence.com\/article\/culture-loisirs\/2864012437388215\/marseille-au-musee-regards-de-provence-le-public-selectionne-ses-oeuvres\" target=\"_blank\" rel=\"noopener\">mus\u00e9e Regards de Provence <\/a>qui ouvre au public le 16\u00a0octobre, c\u2019est le r\u00e9alisme du trait, la perfection du d\u00e9tail. Les peintures de <a href=\"https:\/\/laprovence.com\/article\/sortie-loisirs\/37019325326343\/avignon-lexposition-de-la-macaf-ait-rayonner-lart-figuratif-de-katia-bourdarel-et-youcef-korichia\" target=\"_blank\" rel=\"noopener\">Katia Bourdarel<\/a>, artiste n\u00e9e \u00e0 Marseille en\u00a01970 et qui travaille \u00e0 Paris, sont impressionnantes de r\u00e9alisme. Un trompe-l\u2019\u0153il avec lequel l\u2019artiste aime jouer. Car le regard fait partie des th\u00e8mes qui reviennent dans chacune de ses toiles et de ses installations.<\/p>\n<p>Le reflet, l\u2019\u0153il cach\u00e9 dans les feuillages, les miroirs, les trous par lesquels transparaissent une autre peinture ou une autre v\u00e9rit\u00e9, les visages cach\u00e9s qui donnent \u00e0 voir un corps libre, les cabanes perch\u00e9es dans les arbres qui permettent de sur\u00e9lever le regard, \u00ab\u00a0comme dans le figuier de mon jardin \u00e0 Marseille, quand j\u2019\u00e9tais petite, et d\u2019o\u00f9 je regardais les autres vivre, d\u2019en haut.\u00a0\u00bb<\/p>\n<p>Un parcours initiatique<\/p>\n<p>Le regard de Katia Bourdarel se pose sur la vie, sa po\u00e9sie et son c\u00f4t\u00e9 plus \u00ab\u00a0dark\u00a0\u00bb. Elle sugg\u00e8re dans cette exposition \u00ab\u00a0un parcours initiatique\u00a0\u00bb o\u00f9 \u00ab\u00a0le fiel et le miel\u00a0\u00bb de l\u2019existence se m\u00ealent. \u00ab\u00a0Il y a des moments de douceur et d\u2019amertume, c\u2019est un entrem\u00ealement de la vie et de la mort\u00a0\u00bb. Tandis que le sel \u00ab\u00a0est bien s\u00fbr le l&#8230;<\/p>\n","protected":false},"excerpt":{"rendered":"Ce qui frappe le visiteur, en entrant dans la nouvelle exposition du mus\u00e9e Regards de Provence qui ouvre&hellip;\n","protected":false},"author":2,"featured_media":457240,"comment_status":"","ping_status":"","sticky":false,"template":"","format":"standard","meta":{"footnotes":""},"categories":[2814],"tags":[17,1111,11,58232,251,1777,674,8110,1011,27,58231,884,12,58233,882,51424,25,3711,387],"class_list":{"0":"post-457239","1":"post","2":"type-post","3":"status-publish","4":"format-standard","5":"has-post-thumbnail","7":"category-marseille","8":"tag-17","9":"tag-actu","10":"tag-actualites","11":"tag-bourdarel","12":"tag-culture","13":"tag-eu","14":"tag-europe","15":"tag-expose","16":"tag-fr","17":"tag-france","18":"tag-katia","19":"tag-marseille","20":"tag-news","21":"tag-onirique","22":"tag-provence-alpes-cote-dazur","23":"tag-realiste","24":"tag-republique-francaise","25":"tag-son","26":"tag-univers"},"share_on_mastodon":{"url":"https:\/\/pubeurope.com\/@fr\/115360802005411577","error":""},"_links":{"self":[{"href":"https:\/\/www.europesays.com\/fr\/wp-json\/wp\/v2\/posts\/457239","targetHints":{"allow":["GET"]}}],"collection":[{"href":"https:\/\/www.europesays.com\/fr\/wp-json\/wp\/v2\/posts"}],"about":[{"href":"https:\/\/www.europesays.com\/fr\/wp-json\/wp\/v2\/types\/post"}],"author":[{"embeddable":true,"href":"https:\/\/www.europesays.com\/fr\/wp-json\/wp\/v2\/users\/2"}],"replies":[{"embeddable":true,"href":"https:\/\/www.europesays.com\/fr\/wp-json\/wp\/v2\/comments?post=457239"}],"version-history":[{"count":0,"href":"https:\/\/www.europesays.com\/fr\/wp-json\/wp\/v2\/posts\/457239\/revisions"}],"wp:featuredmedia":[{"embeddable":true,"href":"https:\/\/www.europesays.com\/fr\/wp-json\/wp\/v2\/media\/457240"}],"wp:attachment":[{"href":"https:\/\/www.europesays.com\/fr\/wp-json\/wp\/v2\/media?parent=457239"}],"wp:term":[{"taxonomy":"category","embeddable":true,"href":"https:\/\/www.europesays.com\/fr\/wp-json\/wp\/v2\/categories?post=457239"},{"taxonomy":"post_tag","embeddable":true,"href":"https:\/\/www.europesays.com\/fr\/wp-json\/wp\/v2\/tags?post=457239"}],"curies":[{"name":"wp","href":"https:\/\/api.w.org\/{rel}","templated":true}]}}