{"id":457241,"date":"2025-10-12T10:48:11","date_gmt":"2025-10-12T10:48:11","guid":{"rendered":"https:\/\/www.europesays.com\/fr\/457241\/"},"modified":"2025-10-12T10:48:11","modified_gmt":"2025-10-12T10:48:11","slug":"un-homme-condamne-pour-avoir-terrorise-une-famille-devant-lecole-maternelle","status":"publish","type":"post","link":"https:\/\/www.europesays.com\/fr\/457241\/","title":{"rendered":"un homme condamn\u00e9 pour avoir terroris\u00e9 une famille devant l\u2019\u00e9cole maternelle"},"content":{"rendered":"<p>Un homme de 39 ans, a \u00e9t\u00e9 condamn\u00e9 cette semaine par le tribunal correctionnel de Villefranche-sur-Sa\u00f4ne pour avoir vol\u00e9 et agress\u00e9 une m\u00e8re \u00e0 la sortie de l\u2019\u00e9cole maternelle.<\/p>\n<p>La sc\u00e8ne s\u2019est d\u00e9roul\u00e9e le 29 janvier 2024 devant l\u2019\u00e9cole maternelle de Lamure-sur-Azergues, \u00e0 l\u2019heure de la sortie des classes. Une m\u00e8re, en train d\u2019\u00e9changer avec l\u2019enseignante apr\u00e8s avoir r\u00e9cup\u00e9r\u00e9 son enfant, d\u00e9couvre un homme install\u00e9 \u00e0 l\u2019arri\u00e8re de sa voiture, en train de fouiller dans son sac \u00e0 main. Elle crie, appelle \u00e0 l\u2019aide, tandis que l\u2019individu tente de s\u2019\u00e9chapper.<\/p>\n<p>Les portes \u00e9tant verrouill\u00e9es par la s\u00e9curit\u00e9 enfant, ce ressortissant alg\u00e9rien, sans domicile et sans papiers,\u00a0percute la victime avec la porte avant pour tenter de forcer sa fuite, pr\u00e9cise le progr\u00e8s. Dans la panique, il lui lance son sac \u00e0 main au visage. Des parents d\u2019\u00e9l\u00e8ves interviennent alors et parviennent \u00e0 immobiliser le suspect au sol jusqu\u2019\u00e0 l\u2019arriv\u00e9e des forces de l\u2019ordre.<\/p>\n<p>Lors de son interpellation, il se montre r\u00e9calcitrant : les policiers ont du mal \u00e0 le menotter et d\u00e9couvrent le t\u00e9l\u00e9phone sur lui. Durant son transfert \u00e0 l\u2019h\u00f4pital, il prof\u00e8re des insultes, vomit dans le v\u00e9hicule et se r\u00e9v\u00e8le positif \u00e0 l\u2019alcool (1,26 g\/l) ainsi qu\u2019au cannabis.<\/p>\n<p>D\u00e9tenu \u00e0 la maison d&rsquo;arr\u00eat de Corbas en attente d\u2019un autre proc\u00e8s \u00e0 Lyon pour des faits criminels, il comparaissait par visioconf\u00e9rence. En larmes, confus, il pr\u00e9sente de nombreuses excuses, affirmant que l\u2019alcool a guid\u00e9 ses actes. La victime, pr\u00e9sente \u00e0 l\u2019audience, confirme les faits et \u00e9voque l\u2019impact sur son fils, encore marqu\u00e9 par la sc\u00e8ne.<\/p>\n<p>Le tribunal correctionnel le condamne \u00e0\u00a0dix mois de prison ferme, sans am\u00e9nagement possible en raison de son incarc\u00e9ration actuelle. Une\u00a0interdiction du territoire fran\u00e7ais de dix ans\u00a0est prononc\u00e9e. La victime obtient\u00a01 500 euros de dommages et int\u00e9r\u00eats pour pr\u00e9judice moral.<\/p>\n","protected":false},"excerpt":{"rendered":"Un homme de 39 ans, a \u00e9t\u00e9 condamn\u00e9 cette semaine par le tribunal correctionnel de Villefranche-sur-Sa\u00f4ne pour avoir&hellip;\n","protected":false},"author":2,"featured_media":457242,"comment_status":"","ping_status":"","sticky":false,"template":"","format":"standard","meta":{"footnotes":""},"categories":[1889],"tags":[1111,11,2813,2190,2430,1109,251,1112,2811,1777,674,118,1011,27,1922,1110,1114,2428,2810,12,241,316,25,2812,517,800],"class_list":{"0":"post-457241","1":"post","2":"type-post","3":"status-publish","4":"format-standard","5":"has-post-thumbnail","7":"category-lyon","8":"tag-actu","9":"tag-actualites","10":"tag-article","11":"tag-asvel","12":"tag-auvergne-rhone-alpes","13":"tag-breves","14":"tag-culture","15":"tag-depeches","16":"tag-economique","17":"tag-eu","18":"tag-europe","19":"tag-faits-divers","20":"tag-fr","21":"tag-france","22":"tag-info","23":"tag-informations","24":"tag-infos","25":"tag-lyon","26":"tag-lyonmag","27":"tag-news","28":"tag-ol","29":"tag-politique","30":"tag-republique-francaise","31":"tag-sociale","32":"tag-sport","33":"tag-transports"},"share_on_mastodon":{"url":"https:\/\/pubeurope.com\/@fr\/115360805951284026","error":""},"_links":{"self":[{"href":"https:\/\/www.europesays.com\/fr\/wp-json\/wp\/v2\/posts\/457241","targetHints":{"allow":["GET"]}}],"collection":[{"href":"https:\/\/www.europesays.com\/fr\/wp-json\/wp\/v2\/posts"}],"about":[{"href":"https:\/\/www.europesays.com\/fr\/wp-json\/wp\/v2\/types\/post"}],"author":[{"embeddable":true,"href":"https:\/\/www.europesays.com\/fr\/wp-json\/wp\/v2\/users\/2"}],"replies":[{"embeddable":true,"href":"https:\/\/www.europesays.com\/fr\/wp-json\/wp\/v2\/comments?post=457241"}],"version-history":[{"count":0,"href":"https:\/\/www.europesays.com\/fr\/wp-json\/wp\/v2\/posts\/457241\/revisions"}],"wp:featuredmedia":[{"embeddable":true,"href":"https:\/\/www.europesays.com\/fr\/wp-json\/wp\/v2\/media\/457242"}],"wp:attachment":[{"href":"https:\/\/www.europesays.com\/fr\/wp-json\/wp\/v2\/media?parent=457241"}],"wp:term":[{"taxonomy":"category","embeddable":true,"href":"https:\/\/www.europesays.com\/fr\/wp-json\/wp\/v2\/categories?post=457241"},{"taxonomy":"post_tag","embeddable":true,"href":"https:\/\/www.europesays.com\/fr\/wp-json\/wp\/v2\/tags?post=457241"}],"curies":[{"name":"wp","href":"https:\/\/api.w.org\/{rel}","templated":true}]}}