{"id":457243,"date":"2025-10-12T10:49:13","date_gmt":"2025-10-12T10:49:13","guid":{"rendered":"https:\/\/www.europesays.com\/fr\/457243\/"},"modified":"2025-10-12T10:49:13","modified_gmt":"2025-10-12T10:49:13","slug":"forte-emotion-au-goncourt-des-lyceens","status":"publish","type":"post","link":"https:\/\/www.europesays.com\/fr\/457243\/","title":{"rendered":"forte \u00e9motion au Goncourt des lyc\u00e9ens"},"content":{"rendered":"<p>La Maison du peuple peinait \u00e0 contenir, vendredi 10\u00a0octobre, les 270 \u00e9l\u00e8ves venus de dix classes de la r\u00e9gion \u2013 de Brioude \u00e0 Chamb\u00e9ry, de Mende \u00e0 Valence. Objectif\u00a0: rencontrer les dix auteurs dont les ouvrages ont \u00e9t\u00e9 s\u00e9lectionn\u00e9s pour le prix Goncourt des lyc\u00e9ens 2025.<\/p>\n<p>Sur sc\u00e8ne, cinq \u00e9crivains ont ouvert la journ\u00e9e\u00a0: Charif Majdalani ( Le nom des rois ), Nathacha Appanah ( La nuit au c\u0153ur ), Alfred de Montesquiou ( Le cr\u00e9puscule des hommes ), Guillaume Poix ( Perp\u00e9tuit&amp;&#8230;<\/p>\n","protected":false},"excerpt":{"rendered":"La Maison du peuple peinait \u00e0 contenir, vendredi 10\u00a0octobre, les 270 \u00e9l\u00e8ves venus de dix classes de la&hellip;\n","protected":false},"author":2,"featured_media":457244,"comment_status":"","ping_status":"","sticky":false,"template":"","format":"standard","meta":{"footnotes":""},"categories":[1889],"tags":[1111,11,2430,3599,1687,3154,1057,1777,674,1011,27,2410,2428,12,15665,15666,25],"class_list":{"0":"post-457243","1":"post","2":"type-post","3":"status-publish","4":"format-standard","5":"has-post-thumbnail","7":"category-lyon","8":"tag-actu","9":"tag-actualites","10":"tag-auvergne-rhone-alpes","11":"tag-college-lycee","12":"tag-culture-loisirs","13":"tag-edition-sud-lyonnais","14":"tag-education","15":"tag-eu","16":"tag-europe","17":"tag-fr","18":"tag-france","19":"tag-livres-bd","20":"tag-lyon","21":"tag-news","22":"tag-oullins-pierre-benite","23":"tag-oullins-ville","24":"tag-republique-francaise"},"share_on_mastodon":{"url":"https:\/\/pubeurope.com\/@fr\/115360809851276718","error":""},"_links":{"self":[{"href":"https:\/\/www.europesays.com\/fr\/wp-json\/wp\/v2\/posts\/457243","targetHints":{"allow":["GET"]}}],"collection":[{"href":"https:\/\/www.europesays.com\/fr\/wp-json\/wp\/v2\/posts"}],"about":[{"href":"https:\/\/www.europesays.com\/fr\/wp-json\/wp\/v2\/types\/post"}],"author":[{"embeddable":true,"href":"https:\/\/www.europesays.com\/fr\/wp-json\/wp\/v2\/users\/2"}],"replies":[{"embeddable":true,"href":"https:\/\/www.europesays.com\/fr\/wp-json\/wp\/v2\/comments?post=457243"}],"version-history":[{"count":0,"href":"https:\/\/www.europesays.com\/fr\/wp-json\/wp\/v2\/posts\/457243\/revisions"}],"wp:featuredmedia":[{"embeddable":true,"href":"https:\/\/www.europesays.com\/fr\/wp-json\/wp\/v2\/media\/457244"}],"wp:attachment":[{"href":"https:\/\/www.europesays.com\/fr\/wp-json\/wp\/v2\/media?parent=457243"}],"wp:term":[{"taxonomy":"category","embeddable":true,"href":"https:\/\/www.europesays.com\/fr\/wp-json\/wp\/v2\/categories?post=457243"},{"taxonomy":"post_tag","embeddable":true,"href":"https:\/\/www.europesays.com\/fr\/wp-json\/wp\/v2\/tags?post=457243"}],"curies":[{"name":"wp","href":"https:\/\/api.w.org\/{rel}","templated":true}]}}