{"id":457245,"date":"2025-10-12T10:52:22","date_gmt":"2025-10-12T10:52:22","guid":{"rendered":"https:\/\/www.europesays.com\/fr\/457245\/"},"modified":"2025-10-12T10:52:22","modified_gmt":"2025-10-12T10:52:22","slug":"spectaculaire-incendie-et-nouvel-hopital-en-construction-lactualite-dile-de-france","status":"publish","type":"post","link":"https:\/\/www.europesays.com\/fr\/457245\/","title":{"rendered":"Spectaculaire incendie et nouvel h\u00f4pital en construction : l&rsquo;actualit\u00e9 d&rsquo;\u00cele-de-France"},"content":{"rendered":"<p>L\u2019actualit\u00e9 francilienne de cette mi-journ\u00e9e du vendredi 3 octobre 2025 r\u00e9v\u00e8le plusieurs \u00e9v\u00e9nements marquants qui retiennent l\u2019attention. Je vous propose de faire le point sur ces informations qui touchent diff\u00e9rents secteurs, des transports en commun aux infrastructures de sant\u00e9, en passant par les perturbations ferroviaires.<\/p>\n<p>Transdev Sud Yvelines touch\u00e9 par un violent sinistre \u00e0 Rambouillet<\/p>\n<p>Dans la nuit du jeudi 2 au vendredi 3 octobre, <strong>un incendie spectaculaire<\/strong> a ravag\u00e9 le d\u00e9p\u00f4t de bus de Transdev Sud Yvelines, situ\u00e9 \u00e0 Rambouillet. Les flammes ont enti\u00e8rement d\u00e9truit six v\u00e9hicules de transport dans ce qui constitue l\u2019un des sinistres les plus impressionnants observ\u00e9s r\u00e9cemment dans les Yvelines.<\/p>\n<p>Les riverains ont \u00e9t\u00e9 t\u00e9moins de cet <strong>\u00e9v\u00e9nement dramatique<\/strong> qui s\u2019est d\u00e9roul\u00e9 tard dans la soir\u00e9e. L\u2019ampleur du brasier a n\u00e9cessit\u00e9 l\u2019intervention de plusieurs \u00e9quipes de secours pour ma\u00eetriser la situation. Pour m\u00e9moire, la r\u00e9gion parisienne a d\u00e9j\u00e0 \u00e9t\u00e9 confront\u00e9e \u00e0 des incidents similaires, notamment avec <a href=\"https:\/\/pompieractu.fr\/deux-maisons-detruites-impressionnant-incendie-mantes-la-ville\/\" rel=\"nofollow noopener\" target=\"_blank\">l\u2019impressionnant incendie de Mantes-la-Ville<\/a> qui avait \u00e9galement marqu\u00e9 les esprits.<\/p>\n<p>Les autorit\u00e9s enqu\u00eatent actuellement pour d\u00e9terminer l\u2019origine exacte du sinistre. Aucune piste n\u2019est \u00e9cart\u00e9e \u00e0 ce stade, qu\u2019il s\u2019agisse d\u2019une cause accidentelle ou criminelle. Cette investigation permettra de comprendre les circonstances qui ont men\u00e9 \u00e0 la destruction de ces <strong>six bus de transport public<\/strong>.<\/p>\n<p>Infrastructures hospitali\u00e8res et nouveaux projets en Seine-et-Marne<\/p>\n<p>Le secteur hospitalier francilien conna\u00eet des d\u00e9veloppements significatifs avec <strong>la construction d\u2019un nouveau b\u00e2timent<\/strong> face \u00e0 l\u2019h\u00f4pital de Jossigny. Cette extension majeure s\u2019\u00e9tendra sur pr\u00e8s de 10 000 m\u00e8tres carr\u00e9s r\u00e9partis sur trois \u00e9tages, repr\u00e9sentant un investissement consid\u00e9rable pour am\u00e9liorer l\u2019offre de soins.<\/p>\n<p>Les travaux de ce projet hospitalier ambitieux devraient s\u2019achever d\u2019ici la fin de l\u2019\u00e9t\u00e9 2026. Cette nouvelle infrastructure t\u00e9moigne de l\u2019effort continu des autorit\u00e9s sanitaires pour r\u00e9pondre aux besoins croissants de la population francilienne en mati\u00e8re de soins m\u00e9dicaux.<\/p>\n<p>Parall\u00e8lement, le d\u00e9veloppement du <strong>Grand Paris Express<\/strong> se poursuit avec la conception de la gare du Vert-de-Maisons sur la ligne 15. Situ\u00e9e entre Alfortville et Maisons-Alfort dans le Val-de-Marne, cette station pr\u00e9sentera une architecture originale inspir\u00e9e d\u2019une carri\u00e8re de calcaire, rendant hommage au patrimoine g\u00e9ologique local.<\/p>\n<p>Perturbations ferroviaires et nouveaut\u00e9s commerciales<\/p>\n<p>Les usagers du <strong>r\u00e9seau TGV sud-ouest<\/strong> subissent ce vendredi des d\u00e9sagr\u00e9ments importants avec des retards significatifs au d\u00e9part de la gare Montparnasse. Ces perturbations affectent les liaisons vers l\u2019ouest de la France et compliquent les d\u00e9placements des voyageurs franciliens.<\/p>\n<p>La circulation ferroviaire reste fortement perturb\u00e9e depuis ce matin, obligeant les passagers \u00e0 r\u00e9viser leurs programmes de voyage. Ces incidents rappellent la complexit\u00e9 du r\u00e9seau de transport francilien et l\u2019impact que peuvent avoir les dysfonctionnements sur des milliers d\u2019usagers.<\/p>\n<p>Dans un registre plus positif, <strong>l\u2019enseigne Pouletos<\/strong> a inaugur\u00e9 son premier \u00e9tablissement en Essonne le 25 septembre dernier. Cette nouvelle cha\u00eene de restauration propose un concept original avec du poulet brais\u00e9 et des menus accessibles \u00e0 partir de 7 euros. Une deuxi\u00e8me adresse est pr\u00e9vue d\u2019ici la fin de l\u2019ann\u00e9e dans le d\u00e9partement.<\/p>\n<p>Cette diversification de l\u2019offre commerciale illustre le dynamisme \u00e9conomique de l\u2019\u00cele-de-France, m\u00eame dans un contexte o\u00f9 les infrastructures de transport connaissent parfois des difficult\u00e9s. Ces d\u00e9veloppements t\u00e9moignent de la vitalit\u00e9 constante de la r\u00e9gion parisienne dans diff\u00e9rents secteurs d\u2019activit\u00e9.<\/p>\n<p>                         <a href=\"https:\/\/pompieractu.fr\/author\/nb\/\" class=\"url\" title=\"Herv\u00e9\" rel=\"nofollow noopener\" target=\"_blank\"> <img loading=\"lazy\" width=\"250\" height=\"332\" decoding=\"async\" src=\"data:image\/svg+xml,%3Csvg%20xmlns=\" http:=\"\" class=\"photo\" alt=\"Herv\u00e9\" data-lazy-src=\"https:\/\/www.europesays.com\/fr\/wp-content\/uploads\/2025\/10\/f27de897-2c00-42c0-9ef5-f5ef357e3b63.png\"\/><\/a> Le g\u00e9rant de Pompier Actu est un passionn\u00e9 du monde des sapeurs-pompiers et de l\u2019univers du secours en g\u00e9n\u00e9ral. Curieux et impliqu\u00e9, il s\u2019est donn\u00e9 pour mission de partager l\u2019actualit\u00e9, les innovations et les initiatives qui touchent ce domaine. \u00c0 travers son travail, il contribue \u00e0 valoriser l\u2019engagement des pompiers et \u00e0 rendre accessibles au grand public des informations essentielles sur leur quotidien, leurs missions et les enjeux de la s\u00e9curit\u00e9 civile.<\/p>\n<p>Avec rigueur et enthousiasme, il met en avant les femmes et les hommes qui \u0153uvrent sur le terrain, tout en restant lui-m\u00eame un observateur passionn\u00e9.<\/p>\n<p> <a href=\"https:\/\/pompieractu.fr\/author\/nb\/\" class=\"url\" title=\"Herv\u00e9\" rel=\"nofollow noopener\" target=\"_blank\"><img loading=\"lazy\" width=\"250\" height=\"332\" decoding=\"async\" src=\"data:image\/svg+xml,%3Csvg%20xmlns=\" http:=\"\" class=\"photo\" alt=\"Herv\u00e9\" data-lazy-src=\"https:\/\/www.europesays.com\/fr\/wp-content\/uploads\/2025\/10\/f27de897-2c00-42c0-9ef5-f5ef357e3b63.png\"\/><\/a>  \t\t<\/p>\n","protected":false},"excerpt":{"rendered":"L\u2019actualit\u00e9 francilienne de cette mi-journ\u00e9e du vendredi 3 octobre 2025 r\u00e9v\u00e8le plusieurs \u00e9v\u00e9nements marquants qui retiennent l\u2019attention. Je&hellip;\n","protected":false},"author":2,"featured_media":457246,"comment_status":"","ping_status":"","sticky":false,"template":"","format":"standard","meta":{"footnotes":""},"categories":[1592],"tags":[1111,11,1777,674,1011,27,662,12,626,25],"class_list":{"0":"post-457245","1":"post","2":"type-post","3":"status-publish","4":"format-standard","5":"has-post-thumbnail","7":"category-ile-de-france","8":"tag-actu","9":"tag-actualites","10":"tag-eu","11":"tag-europe","12":"tag-fr","13":"tag-france","14":"tag-ile-de-france","15":"tag-news","16":"tag-paris","17":"tag-republique-francaise"},"share_on_mastodon":{"url":"https:\/\/pubeurope.com\/@fr\/115360821709378074","error":""},"_links":{"self":[{"href":"https:\/\/www.europesays.com\/fr\/wp-json\/wp\/v2\/posts\/457245","targetHints":{"allow":["GET"]}}],"collection":[{"href":"https:\/\/www.europesays.com\/fr\/wp-json\/wp\/v2\/posts"}],"about":[{"href":"https:\/\/www.europesays.com\/fr\/wp-json\/wp\/v2\/types\/post"}],"author":[{"embeddable":true,"href":"https:\/\/www.europesays.com\/fr\/wp-json\/wp\/v2\/users\/2"}],"replies":[{"embeddable":true,"href":"https:\/\/www.europesays.com\/fr\/wp-json\/wp\/v2\/comments?post=457245"}],"version-history":[{"count":0,"href":"https:\/\/www.europesays.com\/fr\/wp-json\/wp\/v2\/posts\/457245\/revisions"}],"wp:featuredmedia":[{"embeddable":true,"href":"https:\/\/www.europesays.com\/fr\/wp-json\/wp\/v2\/media\/457246"}],"wp:attachment":[{"href":"https:\/\/www.europesays.com\/fr\/wp-json\/wp\/v2\/media?parent=457245"}],"wp:term":[{"taxonomy":"category","embeddable":true,"href":"https:\/\/www.europesays.com\/fr\/wp-json\/wp\/v2\/categories?post=457245"},{"taxonomy":"post_tag","embeddable":true,"href":"https:\/\/www.europesays.com\/fr\/wp-json\/wp\/v2\/tags?post=457245"}],"curies":[{"name":"wp","href":"https:\/\/api.w.org\/{rel}","templated":true}]}}