{"id":457247,"date":"2025-10-12T10:53:10","date_gmt":"2025-10-12T10:53:10","guid":{"rendered":"https:\/\/www.europesays.com\/fr\/457247\/"},"modified":"2025-10-12T10:53:10","modified_gmt":"2025-10-12T10:53:10","slug":"un-homme-agresse-un-conducteur-de-bus-pour-un-ticket-lagent-hospitalise","status":"publish","type":"post","link":"https:\/\/www.europesays.com\/fr\/457247\/","title":{"rendered":"un homme agresse un conducteur de bus pour un ticket, l&rsquo;agent hospitalis\u00e9"},"content":{"rendered":"<p>            Par<br \/>\n        <strong><br \/>\n            <a href=\"https:\/\/actu.fr\/auteur\/antoine-grotteria02\" title=\"Consulter tous les articles de Antoine Grotteria\" target=\"_blank\" rel=\"noopener\">Antoine Grotteria<\/a><br \/>\n        <\/strong><\/p>\n<p>        Publi\u00e9 le<\/p>\n<p>            12 oct. 2025 \u00e0 12h20        <\/p>\n<p>Une nouvelle <strong>agression<\/strong> de chauffeur. Ce samedi 11\u00a0octobre 2025, \u00e0 la <a href=\"https:\/\/actu.fr\/ile-de-france\/paris_75056\/les-travaux-ont-dure-trop-longtemps-a-paris-les-boutiques-du-palais-des-congres-regrettent-leurs-clients_62513812.html\" target=\"_blank\" rel=\"noopener\">porte Maillot<\/a>, dans le 17e arrondissement de <a href=\"https:\/\/actu.fr\/paris\/\" target=\"_blank\" rel=\"noopener\">Paris<\/a>, un <strong>machiniste<\/strong> de la ligne 244 a \u00e9t\u00e9 molest\u00e9 par un voyageur, a appris actu Paris aupr\u00e8s de la <a href=\"https:\/\/actu.fr\/tag\/ratp\" target=\"_blank\" rel=\"noopener\">RATP<\/a>. Selon une information r\u00e9v\u00e9l\u00e9e X par l\u2019\u00e9lu de la CSSCT, Ahmed Berrahal, l\u2019agent aurait \u00e9galement \u00e9t\u00e9 <strong>menac\u00e9 par un couteau<\/strong> brandi par l\u2019agresseur pr\u00e9sum\u00e9.<\/p>\n<p>L\u2019auteur en fuite<\/p>\n<p class=\" wall-content\">Selon la R\u00e9gie, cet incident, qui s\u2019est d\u00e9roul\u00e9 vers 12h30 au terminus de la ligne 244, fait suite \u00e0 \u00ab\u2009un diff\u00e9rend relatif \u00e0 la <strong>vente d\u2019un titre de transport<\/strong>\u2009\u00bb. La RATP fait savoir que l\u2019employ\u00e9 a pris un \u00ab\u2009coup\u2009\u00bb. Suffisant pour \u00eatre transport\u00e9 par les secours \u00e0 <strong>l\u2019h\u00f4pital<\/strong>. De son c\u00f4t\u00e9, l\u2019auteur a pris la fuite, alors que la police a \u00e9tabli un dispositif de s\u00e9curit\u00e9 autour de la ligne.<\/p>\n<p class=\" wall-content\">\n<p class=\" wall-content\">La R\u00e9gie \u00ab\u2009fait part de son indignation face \u00e0 cet acte de violence inacceptable commise sur l\u2019un de ses agents\u2009\u00bb. Une <strong>enqu\u00eate<\/strong> a \u00e9t\u00e9 ouverte pour d\u00e9terminer les circonstances exactes de cette agression.<\/p>\n<p class=\" wall-content\">Alors que le nombre d\u2019agressions a augment\u00e9 ces derni\u00e8res ann\u00e9es dans les transports en \u00cele-de-France,<a href=\"https:\/\/actu.fr\/economie\/idfm-n-a-pas-a-payer-les-deficits-de-la-ratp-crispations-en-vue-entre-jean-castex-et-valerie-pecresse_62346265.html\" target=\"_blank\" rel=\"noopener\"> \u00cele-de-France Mobilit\u00e9s<\/a> souhaite <strong>doubler<\/strong> les effectifs de la Brigade r\u00e9gionale de s\u00fbret\u00e9 des transports (BRT) d\u2019ici \u00e0 2027.<\/p>\n<p class=\" wall-content\">Personnalisez votre actualit\u00e9 en ajoutant vos villes et m\u00e9dias en favori avec <a href=\"https:\/\/moncompte.actu.fr\" title=\"D\u00e9couvez Mon Actu\" rel=\"nofollow noopener\" data-trk=\"{&quot;cta&quot;:{&quot;action&quot;:&quot;https:\\\/\\\/moncompte.actu.fr&quot;,&quot;category&quot;:&quot;mon compte&quot;,&quot;from&quot;:&quot;article footer&quot;,&quot;name&quot;:&quot;Mon actu&quot;,&quot;type&quot;:&quot;cta&quot;}}\" target=\"_blank\">Mon Actu<\/a>.<\/p>\n","protected":false},"excerpt":{"rendered":"Par Antoine Grotteria Publi\u00e9 le 12 oct. 2025 \u00e0 12h20 Une nouvelle agression de chauffeur. Ce samedi 11\u00a0octobre&hellip;\n","protected":false},"author":2,"featured_media":457248,"comment_status":"","ping_status":"","sticky":false,"template":"","format":"standard","meta":{"footnotes":""},"categories":[1888],"tags":[1111,1928,11,1927,1777,674,1011,27,12,1926,626,1925,1072,625,25,104],"class_list":{"0":"post-457247","1":"post","2":"type-post","3":"status-publish","4":"format-standard","5":"has-post-thumbnail","7":"category-paris","8":"tag-actu","9":"tag-actu-paris","10":"tag-actualites","11":"tag-actualites-paris","12":"tag-eu","13":"tag-europe","14":"tag-fr","15":"tag-france","16":"tag-news","17":"tag-news-paris","18":"tag-paris","19":"tag-paris-news","20":"tag-police","21":"tag-ratp","22":"tag-republique-francaise","23":"tag-societe"},"share_on_mastodon":{"url":"https:\/\/pubeurope.com\/@fr\/115360825657584336","error":""},"_links":{"self":[{"href":"https:\/\/www.europesays.com\/fr\/wp-json\/wp\/v2\/posts\/457247","targetHints":{"allow":["GET"]}}],"collection":[{"href":"https:\/\/www.europesays.com\/fr\/wp-json\/wp\/v2\/posts"}],"about":[{"href":"https:\/\/www.europesays.com\/fr\/wp-json\/wp\/v2\/types\/post"}],"author":[{"embeddable":true,"href":"https:\/\/www.europesays.com\/fr\/wp-json\/wp\/v2\/users\/2"}],"replies":[{"embeddable":true,"href":"https:\/\/www.europesays.com\/fr\/wp-json\/wp\/v2\/comments?post=457247"}],"version-history":[{"count":0,"href":"https:\/\/www.europesays.com\/fr\/wp-json\/wp\/v2\/posts\/457247\/revisions"}],"wp:featuredmedia":[{"embeddable":true,"href":"https:\/\/www.europesays.com\/fr\/wp-json\/wp\/v2\/media\/457248"}],"wp:attachment":[{"href":"https:\/\/www.europesays.com\/fr\/wp-json\/wp\/v2\/media?parent=457247"}],"wp:term":[{"taxonomy":"category","embeddable":true,"href":"https:\/\/www.europesays.com\/fr\/wp-json\/wp\/v2\/categories?post=457247"},{"taxonomy":"post_tag","embeddable":true,"href":"https:\/\/www.europesays.com\/fr\/wp-json\/wp\/v2\/tags?post=457247"}],"curies":[{"name":"wp","href":"https:\/\/api.w.org\/{rel}","templated":true}]}}