{"id":457253,"date":"2025-10-12T10:56:13","date_gmt":"2025-10-12T10:56:13","guid":{"rendered":"https:\/\/www.europesays.com\/fr\/457253\/"},"modified":"2025-10-12T10:56:13","modified_gmt":"2025-10-12T10:56:13","slug":"un-concert-de-rap-gratuit-derape-quatre-policiers-blesses-et-huit-gardes-a-vue-liberation","status":"publish","type":"post","link":"https:\/\/www.europesays.com\/fr\/457253\/","title":{"rendered":"un concert de rap gratuit d\u00e9rape, quatre policiers bless\u00e9s et huit gardes \u00e0 vue \u2013 Lib\u00e9ration"},"content":{"rendered":"<p class=\"sc-cPiKLX AiZTS text-element\">Quatre policiers ont \u00e9t\u00e9 bless\u00e9s et huit personnes plac\u00e9es en garde \u00e0 vue lors de la dispersion de la foule par les forces de l\u2019ordre apr\u00e8s un concert de rap gratuit samedi au Forum des Halles, dans le centre de Paris, a indiqu\u00e9 ce dimanche 12 octobre la pr\u00e9fecture de police.<\/p>\n<p class=\"sc-cPiKLX AiZTS text-element\">Ce concert en ext\u00e9rieur du groupe L2B \u00e9tait organis\u00e9 dans le cadre de la troisi\u00e8me \u00e9dition du festival de rap Centrale Place, qui s\u2019est tenu de mercredi \u00e0 samedi.<\/p>\n<p class=\"sc-cPiKLX AiZTS text-element\">\u00abL\u2019organisateur a ouvert les portes au public \u00e0 16 h 15 pour une jauge de 800 personnes\u00bb mais \u00ab\u00e0 17 heures, 2 000 personnes \u00e9taient recens\u00e9es\u00bb, relate dans un communiqu\u00e9 la pr\u00e9fecture de police. <\/p>\n<\/p>\n<p class=\"sc-cPiKLX AiZTS text-element\">\u00abUne foule importante se massait par ailleurs aux abords imm\u00e9diats pour acc\u00e9der \u00e0 ce concert, provoquant de fortes pouss\u00e9es et un mouvement de foule\u00bb, poursuit-elle. <\/p>\n<p class=\"sc-cPiKLX AiZTS text-element\">Le dispositif de s\u00e9curit\u00e9 a \u00e9t\u00e9 renforc\u00e9 eu \u00e9gard \u00e0 l\u2019affluence, mais, \u00e0 l\u2019issue de la premi\u00e8re partie du concert, \u00abla pr\u00e9fecture de police a demand\u00e9 un peu avant 19 heures \u00e0 l\u2019organisateur de ne pas tenir la deuxi\u00e8me partie et a proc\u00e9d\u00e9 \u00e0 la dispersion de la foule\u00bb, est-il pr\u00e9cis\u00e9. <\/p>\n<p class=\"sc-cPiKLX AiZTS text-element\">Les forces de l\u2019ordre ont \u00e9t\u00e9 prises \u00e0 partie pendant la dispersion et ont re\u00e7u des projectiles, selon la m\u00eame source.<\/p>\n<p class=\"sc-cPiKLX AiZTS text-element\">Sur des vid\u00e9os diffus\u00e9es sur les r\u00e9seaux sociaux, on voit un groupe de jeunes jeter des projectiles en direction de CRS qui r\u00e9pliquent en utilisant du gaz lacrymog\u00e8ne. On voit \u00e9galement un policier en civil, portant un brassard police, chuter avant d\u2019\u00eatre bri\u00e8vement frapp\u00e9 alors qu\u2019il est au sol.<\/p>\n<p class=\"sc-cPiKLX AiZTS text-element\">\u00abAu total, quatre policiers ont \u00e9t\u00e9 bless\u00e9s et huit personnes ont \u00e9t\u00e9 interpell\u00e9es et plac\u00e9es en garde \u00e0 vue\u00bb, selon la pr\u00e9fecture de police. \u00abLa situation est revenue \u00e0 la normale\u00bb \u00e0 19 h 50 et \u00abun dispositif de s\u00e9curisation a perdur\u00e9 sur les lieux\u00bb, pr\u00e9cise-t-elle. <\/p>\n","protected":false},"excerpt":{"rendered":"Quatre policiers ont \u00e9t\u00e9 bless\u00e9s et huit personnes plac\u00e9es en garde \u00e0 vue lors de la dispersion de&hellip;\n","protected":false},"author":2,"featured_media":457254,"comment_status":"","ping_status":"","sticky":false,"template":"","format":"standard","meta":{"footnotes":""},"categories":[1888],"tags":[11,1777,674,1011,27,12,626,22600,25],"class_list":{"0":"post-457253","1":"post","2":"type-post","3":"status-publish","4":"format-standard","5":"has-post-thumbnail","7":"category-paris","8":"tag-actualites","9":"tag-eu","10":"tag-europe","11":"tag-fr","12":"tag-france","13":"tag-news","14":"tag-paris","15":"tag-rap-hip-hop","16":"tag-republique-francaise"},"share_on_mastodon":{"url":"https:\/\/pubeurope.com\/@fr\/115360837351841978","error":""},"_links":{"self":[{"href":"https:\/\/www.europesays.com\/fr\/wp-json\/wp\/v2\/posts\/457253","targetHints":{"allow":["GET"]}}],"collection":[{"href":"https:\/\/www.europesays.com\/fr\/wp-json\/wp\/v2\/posts"}],"about":[{"href":"https:\/\/www.europesays.com\/fr\/wp-json\/wp\/v2\/types\/post"}],"author":[{"embeddable":true,"href":"https:\/\/www.europesays.com\/fr\/wp-json\/wp\/v2\/users\/2"}],"replies":[{"embeddable":true,"href":"https:\/\/www.europesays.com\/fr\/wp-json\/wp\/v2\/comments?post=457253"}],"version-history":[{"count":0,"href":"https:\/\/www.europesays.com\/fr\/wp-json\/wp\/v2\/posts\/457253\/revisions"}],"wp:featuredmedia":[{"embeddable":true,"href":"https:\/\/www.europesays.com\/fr\/wp-json\/wp\/v2\/media\/457254"}],"wp:attachment":[{"href":"https:\/\/www.europesays.com\/fr\/wp-json\/wp\/v2\/media?parent=457253"}],"wp:term":[{"taxonomy":"category","embeddable":true,"href":"https:\/\/www.europesays.com\/fr\/wp-json\/wp\/v2\/categories?post=457253"},{"taxonomy":"post_tag","embeddable":true,"href":"https:\/\/www.europesays.com\/fr\/wp-json\/wp\/v2\/tags?post=457253"}],"curies":[{"name":"wp","href":"https:\/\/api.w.org\/{rel}","templated":true}]}}