{"id":457255,"date":"2025-10-12T10:57:10","date_gmt":"2025-10-12T10:57:10","guid":{"rendered":"https:\/\/www.europesays.com\/fr\/457255\/"},"modified":"2025-10-12T10:57:10","modified_gmt":"2025-10-12T10:57:10","slug":"la-russie-a-lance-plus-de-3-100-drones-92-missiles-et-environ-1-360-bombes-planantes-en-une-semaine-denonce-volodymyr-zelensky","status":"publish","type":"post","link":"https:\/\/www.europesays.com\/fr\/457255\/","title":{"rendered":"la Russie a lanc\u00e9 plus de 3\u00a0100 drones, 92\u00a0missiles et environ 1\u00a0360\u00a0bombes planantes en une semaine, d\u00e9nonce Volodymyr Zelensky"},"content":{"rendered":"<p>   A Kramatorsk, dans l\u2019est de l\u2019Ukraine, les autorit\u00e9s ordonnent des \u00e9vacuations face \u00e0 l\u2019intensification des frappes russes              <\/p>\n<p class=\"post__live-container--answer-text post__space-node\">Face \u00e0 l\u2019intensification des frappes russes, les autorit\u00e9s ont ordonn\u00e9 l\u2019\u00e9vacuation des familles avec enfants dans certains quartiers du sud-est de Kramatorsk, dans l\u2019est de l\u2019Ukraine, qui comptait 150\u00a0000 habitants avant le d\u00e9clenchement de l\u2019invasion russe en 2022 et a perdu les deux tiers de sa population.<\/p>\n<p class=\"post__live-container--answer-text post__space-node\">Kramatorsk, occup\u00e9e bri\u00e8vement par des s\u00e9paratistes prorusses en 2014 avant d\u2019\u00eatre reprise par Kiev, est dans cette guerre le centre logistique ukrainien du front de Donetsk, \u00e9picentre des combats. La ville incarne aussi la t\u00e9nacit\u00e9 ukrainienne dans l\u2019Est, et l\u2019annonce des \u00e9vacuations est un choc pour les habitants, m\u00eame si le front n\u2019est plus qu\u2019\u00e0 20 kilom\u00e8tres.<\/p>\n<p class=\"post__live-container--answer-text post__space-node\">La Russie contr\u00f4le presque 80\u00a0% de la r\u00e9gion de Donetsk, selon des estimations, et cherche \u00e0 s\u2019emparer de Kramatorsk, un des derniers remparts prot\u00e9geant les vastes plaines, difficiles \u00e0 d\u00e9fendre.<\/p>\n<p class=\"post__live-container--answer-text post__space-node\">Ces derniers mois, la Russie cherche \u00e0 saper la logistique de l\u2019arm\u00e9e ukrainienne dans les villes de Droujkivka et Kostiantynivka \u2013 postes avanc\u00e9s prot\u00e9geant Kramatorsk \u2212 par des assauts de drones incessants. Une intensification des combats en pr\u00e9vision de l\u2019hiver, quand les temp\u00e9ratures n\u00e9gatives \u00e9puiseront les batteries et r\u00e9duiront la port\u00e9e des drones explosifs FPV russes.<\/p>\n","protected":false},"excerpt":{"rendered":"A Kramatorsk, dans l\u2019est de l\u2019Ukraine, les autorit\u00e9s ordonnent des \u00e9vacuations face \u00e0 l\u2019intensification des frappes russes Face&hellip;\n","protected":false},"author":2,"featured_media":457256,"comment_status":"","ping_status":"","sticky":false,"template":"","format":"standard","meta":{"footnotes":""},"categories":[1591],"tags":[11,1887,12,1885,1886,132],"class_list":{"0":"post-457255","1":"post","2":"type-post","3":"status-publish","4":"format-standard","5":"has-post-thumbnail","7":"category-russie","8":"tag-actualites","9":"tag-federation-de-russie","10":"tag-news","11":"tag-russia","12":"tag-russian-federation","13":"tag-russie"},"share_on_mastodon":{"url":"https:\/\/pubeurope.com\/@fr\/115360841548662060","error":""},"_links":{"self":[{"href":"https:\/\/www.europesays.com\/fr\/wp-json\/wp\/v2\/posts\/457255","targetHints":{"allow":["GET"]}}],"collection":[{"href":"https:\/\/www.europesays.com\/fr\/wp-json\/wp\/v2\/posts"}],"about":[{"href":"https:\/\/www.europesays.com\/fr\/wp-json\/wp\/v2\/types\/post"}],"author":[{"embeddable":true,"href":"https:\/\/www.europesays.com\/fr\/wp-json\/wp\/v2\/users\/2"}],"replies":[{"embeddable":true,"href":"https:\/\/www.europesays.com\/fr\/wp-json\/wp\/v2\/comments?post=457255"}],"version-history":[{"count":0,"href":"https:\/\/www.europesays.com\/fr\/wp-json\/wp\/v2\/posts\/457255\/revisions"}],"wp:featuredmedia":[{"embeddable":true,"href":"https:\/\/www.europesays.com\/fr\/wp-json\/wp\/v2\/media\/457256"}],"wp:attachment":[{"href":"https:\/\/www.europesays.com\/fr\/wp-json\/wp\/v2\/media?parent=457255"}],"wp:term":[{"taxonomy":"category","embeddable":true,"href":"https:\/\/www.europesays.com\/fr\/wp-json\/wp\/v2\/categories?post=457255"},{"taxonomy":"post_tag","embeddable":true,"href":"https:\/\/www.europesays.com\/fr\/wp-json\/wp\/v2\/tags?post=457255"}],"curies":[{"name":"wp","href":"https:\/\/api.w.org\/{rel}","templated":true}]}}