{"id":457257,"date":"2025-10-12T10:58:28","date_gmt":"2025-10-12T10:58:28","guid":{"rendered":"https:\/\/www.europesays.com\/fr\/457257\/"},"modified":"2025-10-12T10:58:28","modified_gmt":"2025-10-12T10:58:28","slug":"ukraine-revoyez-le-reportage-de-tf1-lci-recompense-au-prix-bayeux-des-correspondants-de-guerre","status":"publish","type":"post","link":"https:\/\/www.europesays.com\/fr\/457257\/","title":{"rendered":"Ukraine : revoyez le reportage de TF1\/LCI r\u00e9compens\u00e9 au prix Bayeux des correspondants de guerre"},"content":{"rendered":"<ul class=\"jsx-862013697 ArticleChapo__List\">\n<li class=\"jsx-862013697 ArticleChapo__List_Item flex\">Les prix Bayeux Calvados-Normandie des correspondants de guerre ont \u00e9t\u00e9 remis samedi.<\/li>\n<li class=\"jsx-862013697 ArticleChapo__List_Item flex\">Ils r\u00e9compensent les meilleures productions internationales.<\/li>\n<li class=\"jsx-862013697 ArticleChapo__List_Item flex\">LCI fait partie des laur\u00e9ats avec le reportage exceptionnel \u00ab\u00a0En immersion avec les commandos ukrainiens sur le front\u00a0\u00bb, de Solenn Riou, Pauline Lormant et Oleksii Savchenko.<\/li>\n<\/ul>\n<p data-module=\"article-paragraph\" class=\"jsx-3046738180 Paragraph\">La remise des prix Bayeux Calvados-Normandie des correspondants de <a href=\"https:\/\/www.tf1info.fr\/international\/guerre-commerciale-donald-trump-relance-son-offensive-contre-la-chine-et-met-fin-a-une-accalmie-precaire-2399967.html\" target=\"_blank\" rel=\"noopener\">guerre <\/a>s&rsquo;est d\u00e9roul\u00e9e samedi 11 octobre. Le <a href=\"https:\/\/www.tf1info.fr\/international\/pas-de-prix-nobel-pour-trump-la-maison-blanche-accuse-le-comite-d-avoir-fait-passer-la-politique-avant-la-paix-2399943.html\" target=\"_blank\" rel=\"noopener\">prix<\/a>, dont c&rsquo;\u00e9tait la 32e \u00e9dition, r\u00e9compense les meilleures productions, que ce soit en photographie, en presse \u00e9crite, ou en reportage vid\u00e9o. De nombreux conflits ont \u00e9t\u00e9 repr\u00e9sent\u00e9s, notamment en <a href=\"https:\/\/www.tf1info.fr\/international\/guerre-en-ukraine-zelensky-poutine-accuse-moscou-de-vouloir-semer-le-chaos-avec-ses-frappes-sur-l-energie-2399513.html\" target=\"_blank\" rel=\"noopener\">Ukraine<\/a>, \u00c9thiopie, Syrie, Soudan.<\/p>\n<p data-module=\"article-paragraph\" class=\"jsx-3046738180 Paragraph Paragraph__End\">Parmi les reportages mis \u00e0 l&rsquo;honneur figure l&rsquo;un des sujets r\u00e9alis\u00e9s pour TF1\/LCI dans le cadre de la couverture de la guerre en Ukraine. Le prix Amnesty International, qui r\u00e9compense la cat\u00e9gorie TV, a ainsi r\u00e9compens\u00e9 trois de nos reporters, Solenn Riou, Pauline Lormant et Oleksii Savchenko. Ces derniers ont re\u00e7u le 2e prix pour le reportage \u00ab\u00a0En immersion avec les commandos ukrainiens sur le front\u00a0\u00bb. Un document exceptionnel qui suit le quotidien des troupes et de ces soldats imperturbables alors que les bombes explosent \u00e0 proximit\u00e9. D\u00e9couvrez des extraits du reportage dans la vid\u00e9o en t\u00eate de cet article, et retrouvez le sujet en int\u00e9gralit\u00e9 ci-dessous.\u00a0<\/p>\n<p>Notre \u00e9quipe au c\u0153ur des combats avec les commandos ukrainiensSource : JT 20h WE<\/p>\n<p><a href=\"https:\/\/www.tf1info.fr\/international\/document-lci-guerre-ukraine-russie-on-trouve-beaucoup-de-mines-avec-les-forces-speciales-ukrainiennes-en-mer-noire-2376062.html\" rel=\"noopener\" class=\"jsx-3308031228 Link flex\" target=\"_blank\"><img decoding=\"async\" src=\"https:\/\/www.europesays.com\/fr\/wp-content\/uploads\/2025\/10\/lci-en-ukraine-mer-noire-6403f2-0@1x.jpeg\" alt=\"LCI\" loading=\"lazy\" importance=\"low\" fetchpriority=\"low\" class=\"\" aria-hidden=\"true\"\/><\/p>\n<p class=\"jsx-3657663356 ReadMoreArticle__Title\">Lire aussi<\/p>\n<p class=\"jsx-3657663356\">DOCUMENT LCI &#8211; \u00ab\u00a0On trouve beaucoup de mines\u00a0\u00bb : avec les forces sp\u00e9ciales ukrainiennes en mer Noire<\/p>\n<p><\/a><\/p>\n<p data-module=\"article-paragraph\" class=\"jsx-3046738180 Paragraph Paragraph__End\">En photographie, le 1er prix a \u00e9t\u00e9 d\u00e9cern\u00e9 \u00e0 Saher Alghorra (Zuma press) pour son illustration repr\u00e9sentant la famine \u00e0 Gaza. En presse \u00e9crite, c&rsquo;est Wolfgang Bauer (Zeit Magazin, journal allemand), qui a \u00e9t\u00e9 r\u00e9compens\u00e9 pour son travail sur \u00ab\u00a0les oubli\u00e9s\u00a0\u00bb au Soudan. En radio, Maurine Mercier (RTS \u2013 RTBF) a re\u00e7u le 1er prix pour son reportage \u00ab\u00a0Pokrovsk : deux fleurs dans les ruines, Ukraine\u00a0\u00bb. Et en t\u00e9l\u00e9vision, Julie Dungelhoeff, James Andr\u00e9 et Sofia Amara (France 24) ont \u00e9t\u00e9 r\u00e9compens\u00e9s pour leur travail sur \u00ab\u00a0les rescap\u00e9s de l\u2019enfer des ge\u00f4les de Bachar al-Assad\u00a0\u00bb en Syrie. <a href=\"https:\/\/www.prixbayeux.org\/2025\/10\/11\/32e-prix-bayeux-calvados-normandie-des-correspondants-de-guerre-le-palmares\/\" target=\"_blank\" rel=\"nofollow noopener\">Retrouvez la liste compl\u00e8te ici (nouvelle fen\u00eatre)<\/a>.<\/p>\n<p>Ga\u00eblle SHEEHAN<\/p>\n","protected":false},"excerpt":{"rendered":"Les prix Bayeux Calvados-Normandie des correspondants de guerre ont \u00e9t\u00e9 remis samedi. Ils r\u00e9compensent les meilleures productions internationales.&hellip;\n","protected":false},"author":2,"featured_media":457258,"comment_status":"","ping_status":"","sticky":false,"template":"","format":"standard","meta":{"footnotes":""},"categories":[1590],"tags":[1111,11,1921,5925,1777,674,37385,1922,6225,12,220,1917,133,1920],"class_list":{"0":"post-457257","1":"post","2":"type-post","3":"status-publish","4":"format-standard","5":"has-post-thumbnail","7":"category-ukraine","8":"tag-actu","9":"tag-actualites","10":"tag-article-video","11":"tag-conflits-et-guerre","12":"tag-eu","13":"tag-europe","14":"tag-guerre-en-ukraine-tf1-et-lci-sur-le-terrain","15":"tag-info","16":"tag-la-matinale","17":"tag-news","18":"tag-ukraine","19":"tag-ukraine-4-annee-de-guerre","20":"tag-video","21":"tag-video-international"},"share_on_mastodon":{"url":"https:\/\/pubeurope.com\/@fr\/115360845932340148","error":""},"_links":{"self":[{"href":"https:\/\/www.europesays.com\/fr\/wp-json\/wp\/v2\/posts\/457257","targetHints":{"allow":["GET"]}}],"collection":[{"href":"https:\/\/www.europesays.com\/fr\/wp-json\/wp\/v2\/posts"}],"about":[{"href":"https:\/\/www.europesays.com\/fr\/wp-json\/wp\/v2\/types\/post"}],"author":[{"embeddable":true,"href":"https:\/\/www.europesays.com\/fr\/wp-json\/wp\/v2\/users\/2"}],"replies":[{"embeddable":true,"href":"https:\/\/www.europesays.com\/fr\/wp-json\/wp\/v2\/comments?post=457257"}],"version-history":[{"count":0,"href":"https:\/\/www.europesays.com\/fr\/wp-json\/wp\/v2\/posts\/457257\/revisions"}],"wp:featuredmedia":[{"embeddable":true,"href":"https:\/\/www.europesays.com\/fr\/wp-json\/wp\/v2\/media\/457258"}],"wp:attachment":[{"href":"https:\/\/www.europesays.com\/fr\/wp-json\/wp\/v2\/media?parent=457257"}],"wp:term":[{"taxonomy":"category","embeddable":true,"href":"https:\/\/www.europesays.com\/fr\/wp-json\/wp\/v2\/categories?post=457257"},{"taxonomy":"post_tag","embeddable":true,"href":"https:\/\/www.europesays.com\/fr\/wp-json\/wp\/v2\/tags?post=457257"}],"curies":[{"name":"wp","href":"https:\/\/api.w.org\/{rel}","templated":true}]}}