{"id":457270,"date":"2025-10-12T11:05:12","date_gmt":"2025-10-12T11:05:12","guid":{"rendered":"https:\/\/www.europesays.com\/fr\/457270\/"},"modified":"2025-10-12T11:05:12","modified_gmt":"2025-10-12T11:05:12","slug":"quelle-celebrite-a-ete-demasquee-ce-11-octobre","status":"publish","type":"post","link":"https:\/\/www.europesays.com\/fr\/457270\/","title":{"rendered":"quelle c\u00e9l\u00e9brit\u00e9 a \u00e9t\u00e9 d\u00e9masqu\u00e9e ce 11 octobre &#8230;"},"content":{"rendered":"<p>EN BREF<\/p>\n<ul class=\"bloc_resume_post_list\">\n<li>Vendredi 10 octobre 2025, TF1 a diffus\u00e9 un match de<br \/>\nl\u00a0\u00bb\u00e9quipe de France, d\u00e9calant Mask Singer au 12 octobre avec Camille<br \/>\nCombal.<\/li>\n<li>L&rsquo;\u00e9pisode sp\u00e9cial Halloween a introduit un nouveau<br \/>\npersonnage masqu\u00e9 et un enqu\u00eateur myst\u00e8re sur le<br \/>\nplateau.<\/li>\n<li>L&rsquo;identit\u00e9 de la Martienne a surpris les enqu\u00eateurs,<br \/>\ntandis que Tibo Inshape a \u00e9t\u00e9 \u00e9limin\u00e9 juste avant la<br \/>\ndemi-finale.<\/li>\n<\/ul>\n<p>Vendredi 10 octobre 2025, TF1 retransmettait en direct un match<br \/>\nde l&rsquo;\u00e9quipe de France de football sur son antenne. En raison de<br \/>\ncette programmation exceptionnelle. La diffusion du nouvel \u00e9pisode<br \/>\nde l&rsquo;\u00e9mission Mask Singer a \u00e9t\u00e9 <strong>d\u00e9cal\u00e9e au samedi 11<br \/>\noctobre 2025<\/strong>. Ce jour-l\u00e0, <a href=\"https:\/\/www.telestar.fr\/actu_tv\/camille-combal-dans-c-a-vous-linterview-a-vire-a-la-catastrophe-la-mere-de-lanimateur-furieuse-1736250\" rel=\"nofollow noopener\" target=\"_blank\"><br \/>\nCamille Combal<\/a> a pr\u00e9sent\u00e9 un num\u00e9ro un peu sp\u00e9cial du<br \/>\ndivertissement embl\u00e9matique de la premi\u00e8re cha\u00eene.<\/p>\n<p class=\"bo-p\">\u00ab\u00a0\u00c0 l&rsquo;approche d&rsquo;Halloween, le plateau de Mask<br \/>\nSinger se transforme pour une soir\u00e9e &lsquo;Sp\u00e9ciale Frisson&rsquo; avec<br \/>\n<strong>l&rsquo;arriv\u00e9e d&rsquo;un nouveau personnage sous un masque et un<br \/>\ncostume in\u00e9dit !\u00a0<\/strong>Le nouvel<br \/>\nenqu\u00eateur\u00a0Micha\u00ebl Youn, avec Chantal<br \/>\nLadesou, <a href=\"https:\/\/www.telestar.fr\/actu_tv\/les-grosses-tetes-laurent-ruquier-boycotte-par-une-des-plus-celebres-chanteuses-francaises-il-fait-des-revelations-1741336\" rel=\"nofollow noopener\" target=\"_blank\"><br \/>\nLaurent Ruquier<\/a> et Kev Adams, accueilleront \u00e0 leurs c\u00f4t\u00e9s un<br \/>\nenqu\u00eateur myst\u00e8re apr\u00e8s avoir tent\u00e9 de deviner son identit\u00e9 gr\u00e2ce \u00e0<br \/>\nune seule performance vocale\u00a0\u00bb, a tout d&rsquo;abord indiqu\u00e9 TF1 dans<br \/>\nun communiqu\u00e9.<\/p>\n<p>Mask Singer : cach\u00e9e sous le costume de la Martienne, Marie<br \/>\ns&rsquo;infiltre a rejoint les enqu\u00eateurs le temps d&rsquo;une soir\u00e9e<\/p>\n<p class=\"bo-p\">\u00ab\u00a0\u00c0 l&rsquo;issue de cette enqu\u00eate express, cet invit\u00e9<br \/>\nexceptionnel investiguera avec eux pour tenter de<br \/>\nd\u00e9masquer\u00a0les autres c\u00e9l\u00e9brit\u00e9s\u00a0encore<br \/>\nen comp\u00e9tition, qui s&rsquo;affronteront dans des tableaux plus<br \/>\nextraordinaires les uns que les autres\u00a0<strong>pour<br \/>\nnous faire frissonner et gagner leur place en demi-finale<br \/>\n!<\/strong>\u00ab\u00a0, a \u00e9galement soulign\u00e9 la premi\u00e8re cha\u00eene.<\/p>\n<p>Le fameux enqu\u00eateur myst\u00e8re s&rsquo;est pr\u00e9sent\u00e9 en plateau sous le<br \/>\ncostume de la Martienne. Les enqu\u00eateurs ont ainsi rapidement devin\u00e9<br \/>\nqu&rsquo;il s&rsquo;agissait d&rsquo;une femme. De son c\u00f4t\u00e9, <a href=\"https:\/\/www.telestar.fr\/actu_tv\/maison-de-retraite-vous-avez-adore-les-films-alors-vous-serez-comble-par-cette-annonce-de-kev-adams-1687200\" rel=\"nofollow noopener\" target=\"_blank\"><br \/>\nKev Adams<\/a> a imm\u00e9diatement reconnu la c\u00e9l\u00e9brit\u00e9 qui se cachait<br \/>\ndans ce costume. \u00ab\u00a0Elle est entr\u00e9e sur sc\u00e8ne. Elle a fait un<br \/>\ntruc avec les mains. Et elle sait tr\u00e8s bien que je sais que ce truc<br \/>\ndes mains, <strong>il n&rsquo;y a qu&rsquo;elle qui fait<br \/>\n\u00e7a<\/strong>\u00ab\u00a0, a ainsi lanc\u00e9 l&rsquo;humoriste.<\/p>\n<p>Tibo Inshape a \u00e9t\u00e9 contraint de retirer<br \/>\nson masque de DJ apr\u00e8s avoir \u00e9t\u00e9 \u00e9limin\u00e9 cette semaine<\/p>\n<p>Suite \u00e0 la prestation de la Martienne sur sc\u00e8ne. <strong>C&rsquo;est<br \/>\nChantal Ladesou qui a devin\u00e9 de qui il s&rsquo;agissait<\/strong>. La<br \/>\ncom\u00e9dienne a alors tent\u00e9 un kabuki avec succ\u00e8s. Au final, les<br \/>\nt\u00e9l\u00e9spectateurs de TF1 ont d\u00e9couvert que la c\u00e9l\u00e9brit\u00e9 qui se<br \/>\ncachait sous ce masque \u00e9tait l&rsquo;influenceuse <a href=\"https:\/\/www.closermag.fr\/people\/marie-s-infiltre-l-humoriste-evoque-sa-video-sur-les-influenceurs-a-dubai-qui-a-fait-polemique-1293055\" rel=\"nofollow noopener\" target=\"_blank\"><br \/>\nMarie s&rsquo;infiltre<\/a>. Cette derni\u00e8re a ensuite rejoint le reste des<br \/>\nenqu\u00eateurs de Mask Singer jusqu&rsquo;\u00e0 la fin de l&rsquo;\u00e9mission.<\/p>\n<p>Finalement, la c\u00e9l\u00e9brit\u00e9 \u00e9limin\u00e9e aux portes de la demi-finale<br \/>\n\u00e9tait <strong>d\u00e9j\u00e0 connue des t\u00e9l\u00e9spectateurs de TF1<\/strong>. Mais<br \/>\npas des enqu\u00eateurs. En effet, c&rsquo;est le DJ, alias <a href=\"https:\/\/www.telestar.fr\/people\/un-salaire-de-chirurgien-pour-tibo-inshape-le-youtubeur-gagne-grassement-sa-vie-1723319\" rel=\"nofollow noopener\" target=\"_blank\"><br \/>\nTibo Inshape<\/a>, qui a quitt\u00e9 l&rsquo;aventure samedi 11 octobre 2025.<br \/>\nPour rappel, le premier YouTubeur de France avait r\u00e9v\u00e9l\u00e9 son<br \/>\nidentit\u00e9 aux t\u00e9l\u00e9spectateurs d\u00e8s le d\u00e9but de la saison. \u00c9tant donn\u00e9<br \/>\nqu&rsquo;il avait \u00e9t\u00e9 choisi par la production pour d\u00e9voiler les<br \/>\ncoulisses du programme aux internautes sur les r\u00e9seaux sociaux.<\/p>\n","protected":false},"excerpt":{"rendered":"EN BREF Vendredi 10 octobre 2025, TF1 a diffus\u00e9 un match de l\u00a0\u00bb\u00e9quipe de France, d\u00e9calant Mask Singer&hellip;\n","protected":false},"author":2,"featured_media":457271,"comment_status":"","ping_status":"","sticky":false,"template":"","format":"standard","meta":{"footnotes":""},"categories":[2],"tags":[11,548,1011,27,5983,12,25],"class_list":{"0":"post-457270","1":"post","2":"type-post","3":"status-publish","4":"format-standard","5":"has-post-thumbnail","7":"category-actualites","8":"tag-actualites","9":"tag-article-simple","10":"tag-fr","11":"tag-france","12":"tag-mask-singer","13":"tag-news","14":"tag-republique-francaise"},"share_on_mastodon":{"url":"https:\/\/pubeurope.com\/@fr\/115360872771492230","error":""},"_links":{"self":[{"href":"https:\/\/www.europesays.com\/fr\/wp-json\/wp\/v2\/posts\/457270","targetHints":{"allow":["GET"]}}],"collection":[{"href":"https:\/\/www.europesays.com\/fr\/wp-json\/wp\/v2\/posts"}],"about":[{"href":"https:\/\/www.europesays.com\/fr\/wp-json\/wp\/v2\/types\/post"}],"author":[{"embeddable":true,"href":"https:\/\/www.europesays.com\/fr\/wp-json\/wp\/v2\/users\/2"}],"replies":[{"embeddable":true,"href":"https:\/\/www.europesays.com\/fr\/wp-json\/wp\/v2\/comments?post=457270"}],"version-history":[{"count":0,"href":"https:\/\/www.europesays.com\/fr\/wp-json\/wp\/v2\/posts\/457270\/revisions"}],"wp:featuredmedia":[{"embeddable":true,"href":"https:\/\/www.europesays.com\/fr\/wp-json\/wp\/v2\/media\/457271"}],"wp:attachment":[{"href":"https:\/\/www.europesays.com\/fr\/wp-json\/wp\/v2\/media?parent=457270"}],"wp:term":[{"taxonomy":"category","embeddable":true,"href":"https:\/\/www.europesays.com\/fr\/wp-json\/wp\/v2\/categories?post=457270"},{"taxonomy":"post_tag","embeddable":true,"href":"https:\/\/www.europesays.com\/fr\/wp-json\/wp\/v2\/tags?post=457270"}],"curies":[{"name":"wp","href":"https:\/\/api.w.org\/{rel}","templated":true}]}}