{"id":457279,"date":"2025-10-12T11:12:28","date_gmt":"2025-10-12T11:12:28","guid":{"rendered":"https:\/\/www.europesays.com\/fr\/457279\/"},"modified":"2025-10-12T11:12:28","modified_gmt":"2025-10-12T11:12:28","slug":"en-autriche-marc-marquez-remporte-son-12e-sprint-de-la-saison","status":"publish","type":"post","link":"https:\/\/www.europesays.com\/fr\/457279\/","title":{"rendered":"en Autriche, Marc Marquez remporte son 12e sprint de la saison"},"content":{"rendered":"<p>Le leader incontest\u00e9 au championnat du monde de MotoGP Marc Marquez a remport\u00e9 samedi la course sprint du Grand Prix d\u2019Autriche, 13e manche de la saison, devant son fr\u00e8re Alex Marquez (Ducati-Gresini) et tr\u00e8s loin devant le premier Fran\u00e7ais, Johann Zarco, neuvi\u00e8me.<\/p>\n<p>Sur le circuit court du Red Bull Ring (4,35 km) nich\u00e9 dans les montagnes de Styrie &#8211; et sous un ciel qui s\u2019est assombri au fil des tours -, le pilote espagnol Ducati a sign\u00e9 sa douzi\u00e8me victoire en sprint de l\u2019ann\u00e9e. <\/p>\n<p>\u00ab\u00a0Seulement\u00a0\u00bb quatri\u00e8me sur la grille apr\u00e8s avoir chut\u00e9 lors des qualifications, l\u2019ogre Marquez est rapidement remont\u00e9 deuxi\u00e8me \u00e0 l\u2019extinction des feux. Install\u00e9 dans la roue de son cadet alors leader, il a pris les commandes de la course \u00e0 cinq tours de l\u2019arriv\u00e9e. <\/p>\n<p>\u00ab\u00a0Je savais que Marc \u00e9tait plus rapide que moi, a reconnu Alex Marquez \u00e0 l\u2019arriv\u00e9e, et quand il m\u2019a d\u00e9pass\u00e9 il n\u2019y avait plus rien \u00e0 faire\u00a0\u00bb. <\/p>\n<p>Un autre Espagnol, Pedro Acosta (KTM), vient compl\u00e9ter le Top 3 de cette course de 14 tours seulement (contre 28 pour le GP dimanche), qui donne des points au championnat.<\/p>\n<p>Parti en pole position sur le trac\u00e9 du Red Bull Ring, l\u2019Italien Marco Bezzecchi a termin\u00e9 quatri\u00e8me au guidon de son Aprilia. <\/p>\n<p>Au championnat pilotes, Marc Marquez dispose d\u00e9sormais d\u2019une avance de 123 points sur Alex, un \u00e9cart qui monte \u00e0 180 points avec le troisi\u00e8me du g\u00e9n\u00e9ral, son co\u00e9quipier chez Ducati Francesco Bagnaia.  <\/p>\n<p>Bagnaia au tapis<\/p>\n<p>Bagnaia, double champion du monde 2022-2023, est le grand perdant du jour apr\u00e8s avoir abandonn\u00e9. Troisi\u00e8me sur la grille, l\u2019Italien a totalement cafouill\u00e9 son d\u00e9part, tombant \u00e0 la 14e place dans les premiers hectom\u00e8tres de la course. <\/p>\n<p>Incapable de remonter dans la hi\u00e9rarchie, le pilote a jet\u00e9 l\u2019\u00e9ponge \u00e0 la mi-course.<\/p>\n<p>    <img decoding=\"async\" src=\"https:\/\/www.europesays.com\/fr\/wp-content\/uploads\/2025\/10\/2170982-les-ingenieurs-de-ducati-preparant-la-moto-de-l-it.jpg\" alt=\"Les ing\u00e9nieurs de Ducati pr\u00e9parant la moto de l'Italien Francesco Bagnaia lors des s\u00e9ances d'essais libres du GP d'Autriche au Red Bull Ring de Spielberg, Autriche, vendredi 15 ao\u00fbt.\"   class=\"article-media__image\" loading=\"lazy\" style=\"aspect-ratio:2048\/1365\"\/><\/p>\n<p>\n                    Les ing\u00e9nieurs de Ducati pr\u00e9parant la moto de l&rsquo;Italien Francesco Bagnaia lors des s\u00e9ances d&rsquo;essais libres du GP d&rsquo;Autriche au Red Bull Ring de Spielberg, Autriche, vendredi 15 ao\u00fbt.<\/p>\n<p>                            Jure Makovec \/ AFP\/Archives<\/p>\n<p>\u00ab\u00a0J\u2019attends que les ing\u00e9nieurs m\u2019expliquent ce qui s\u2019est pass\u00e9, a indiqu\u00e9 Bagnaia. C\u2019est assez \u00e9trange ce qui s\u2019est pass\u00e9, d\u00e8s le tour de chauffe, je sentais quelque chose d\u2019\u00e9trange\u00a0\u00bb.<\/p>\n<p>Le Fran\u00e7ais Johann Zarco (Honda-LCR) a fini neuvi\u00e8me apr\u00e8s \u00eatre parti 12e, devant le champion en titre Jorge Martin (Aprilia).<\/p>\n<p>L\u2019autre Fran\u00e7ais de la grille, Fabio Quartararo (Yamaha), a franchi la ligne d\u2019arriv\u00e9e 11e.<\/p>\n<p>\u00ab\u00a0C\u2019est assez compliqu\u00e9 de constater \u00e0 quel point on est lents sur ce circuit et de ne rien trouver\u00a0\u00bb pour changer cela, a d\u00e9plor\u00e9 le champion du monde 2021, seulement 16e sur la grille. \u00ab\u00a0Il n\u2019y a rien qui va ce week-end\u00a0\u00bb, a-t-il admis.<\/p>\n<p>Sixi\u00e8me victoire de rang en GP?<\/p>\n<p>La grille de d\u00e9part du GP \u00e9tant la m\u00eame que celle du sprint, Marco Bezzecchi partira de nouveau en t\u00eate dimanche \u00e0 partir de 14h00 devant Alex Marquez et Bagnaia, avec un risque de pluie et d\u2019orages attendus.<\/p>\n<p>Le pilote Aprilia a sign\u00e9 samedi matin la cinqui\u00e8me pole position de sa carri\u00e8re dans l\u2019\u00e9lite &#8211; sa premi\u00e8re depuis 2023. Il a pourtant d\u00fb passer par les rep\u00eachages (Q1) plus t\u00f4t dans la matin\u00e9e pour pouvoir participer \u00e0 la deuxi\u00e8me partie des qualifications (Q2), o\u00f9 se joue la pole parmi les douze pilotes les plus rapides.<\/p>\n<p>Il a notamment b\u00e9n\u00e9fici\u00e9 en fin de s\u00e9ance de la chute sans gravit\u00e9 de Marc Marquez, que l\u2019on attendait logiquement devant tant l\u2019Espagnol domine cette saison. Il tentera de d\u00e9crocher dimanche une sixi\u00e8me victoire cons\u00e9cutive en GP, lui qui n\u2019avait encore jamais gagn\u00e9 en Autriche.<\/p>\n<p>\u00ab\u00a0Ce n\u2019est qu\u2019une course de sprint, ce n\u2019est pas la course principale, mais \u00e7a fait plaisir de s\u2019imposer ici, a r\u00e9agi le vainqueur du jour. On verra bien si on peut r\u00e9it\u00e9rer cette performance (dimanche) mais \u00e7a ne sera pas facile\u00a0\u00bb.<\/p>\n<p>Pass\u00e9 comme Bezzecchi par les rep\u00eachages, Fabio Quartararo a en revanche manqu\u00e9 son ticket pour la Q2 et s\u2019\u00e9lancera encore d\u2019une tr\u00e8s lointaine sixi\u00e8me ligne, sa pire performance de la saison.<\/p>\n<p>En difficult\u00e9 depuis le d\u00e9but du weekend, le champion du monde 2021 disait vendredi d\u00e9j\u00e0 s\u2019attendre \u00e0 vivre \u00ab\u00a0l\u2019un GP les plus compliqu\u00e9s de la saison\u00a0\u00bb jusqu\u2019\u00e0 pr\u00e9sent. <\/p>\n","protected":false},"excerpt":{"rendered":"Le leader incontest\u00e9 au championnat du monde de MotoGP Marc Marquez a remport\u00e9 samedi la course sprint du&hellip;\n","protected":false},"author":2,"featured_media":457280,"comment_status":"","ping_status":"","sticky":false,"template":"","format":"standard","meta":{"footnotes":""},"categories":[1413],"tags":[1011,27,1457,1456,60],"class_list":{"0":"post-457279","1":"post","2":"type-post","3":"status-publish","4":"format-standard","5":"has-post-thumbnail","7":"category-moto","8":"tag-fr","9":"tag-france","10":"tag-moto","11":"tag-motocycle","12":"tag-sports"},"share_on_mastodon":{"url":"https:\/\/pubeurope.com\/@fr\/115360900801015671","error":""},"_links":{"self":[{"href":"https:\/\/www.europesays.com\/fr\/wp-json\/wp\/v2\/posts\/457279","targetHints":{"allow":["GET"]}}],"collection":[{"href":"https:\/\/www.europesays.com\/fr\/wp-json\/wp\/v2\/posts"}],"about":[{"href":"https:\/\/www.europesays.com\/fr\/wp-json\/wp\/v2\/types\/post"}],"author":[{"embeddable":true,"href":"https:\/\/www.europesays.com\/fr\/wp-json\/wp\/v2\/users\/2"}],"replies":[{"embeddable":true,"href":"https:\/\/www.europesays.com\/fr\/wp-json\/wp\/v2\/comments?post=457279"}],"version-history":[{"count":0,"href":"https:\/\/www.europesays.com\/fr\/wp-json\/wp\/v2\/posts\/457279\/revisions"}],"wp:featuredmedia":[{"embeddable":true,"href":"https:\/\/www.europesays.com\/fr\/wp-json\/wp\/v2\/media\/457280"}],"wp:attachment":[{"href":"https:\/\/www.europesays.com\/fr\/wp-json\/wp\/v2\/media?parent=457279"}],"wp:term":[{"taxonomy":"category","embeddable":true,"href":"https:\/\/www.europesays.com\/fr\/wp-json\/wp\/v2\/categories?post=457279"},{"taxonomy":"post_tag","embeddable":true,"href":"https:\/\/www.europesays.com\/fr\/wp-json\/wp\/v2\/tags?post=457279"}],"curies":[{"name":"wp","href":"https:\/\/api.w.org\/{rel}","templated":true}]}}