{"id":457281,"date":"2025-10-12T11:13:11","date_gmt":"2025-10-12T11:13:11","guid":{"rendered":"https:\/\/www.europesays.com\/fr\/457281\/"},"modified":"2025-10-12T11:13:11","modified_gmt":"2025-10-12T11:13:11","slug":"des-grands-prix-f1-sur-deux-jours-seulement-vowles-explique-pourquoi-il-est-favorable","status":"publish","type":"post","link":"https:\/\/www.europesays.com\/fr\/457281\/","title":{"rendered":"Des Grands Prix F1 sur deux jours seulement\u00a0? Vowles explique pourquoi il est favorable"},"content":{"rendered":"<p>Depuis plusieurs ann\u00e9es, la question du format des Grands Prix de F1 est sur la table, et notamment depuis la prise de pouvoir de Liberty Media, actuel d\u00e9tenteur des droits commerciaux de la discipline.<\/p>\n<p>Si la plupart des discussions publiques tournent autour de la question des sprints, de la r\u00e9duction de la dur\u00e9e des s\u00e9ances d&rsquo;essais libres et d&rsquo;autres options pour pimenter le spectacle, comme par exemple l&rsquo;hypoth\u00e8se de mettre en place les grilles invers\u00e9es, le cadre s\u00e9culaire des trois journ\u00e9es par \u00e9preuve est aussi remis en cause par certains acteurs.<\/p>\n<p>Alors que Stefano Domenicali, le PDG de la Formule 1, a lanc\u00e9 plusieurs pistes de r\u00e9flexion comme la r\u00e9duction de la dur\u00e9e des courses ou justement la mise en place de grilles invers\u00e9es, les d\u00e9bats se focalisent actuellement sur la question du nombre de sprints. Alors que, depuis 2023, ils sont au nombre de six, la volont\u00e9 des instances est d&rsquo;<a href=\"https:\/\/fr.motorsport.com\/f1\/news\/objectif-10-courses-sprint-2027\/10758992\/\" target=\"_self\" rel=\"noopener\">augmenter leur nombre \u00e0 compter de 2027<\/a>.<\/p>\n<p>Le sujet a \u00e9t\u00e9 \u00e9voqu\u00e9 en conf\u00e9rence de presse \u00e0 Singapour, et notamment sous l&rsquo;angle de l&rsquo;inclusion dans les sprints 2026 de Marina Bay, trac\u00e9 o\u00f9 d\u00e9passer est difficile. C&rsquo;est \u00e0 cette occasion que James Vowles en a profit\u00e9 pour livrer son opinion sur le format des week-ends. \u00ab\u00a0Je ne m&rsquo;inqui\u00e8te pas pour Singapour, je pense que ce que nous voyons lors des week-ends de courses sprint, c&rsquo;est que les chiffres augmentent, que l&rsquo;audience augmente, donc c&rsquo;est globalement un succ\u00e8s.\u00a0\u00bb<\/p>\n<p>\u00a0<\/p>\n<p>Puis il a ajout\u00e9 : \u00ab\u00a0Je suis plut\u00f4t du genre \u00e0 d\u00e9battre de la question de savoir si nous devons passer \u00e0 des week-ends de deux jours, samedi et dimanche [uniquement].\u00a0Je r\u00e9duirais simplement la quantit\u00e9 d&rsquo;essais libres et j&rsquo;en ferais un spectacle, mais en faisant cela et en accordant 24 jours suppl\u00e9mentaires aux \u00e9quipes, on pourrait en fait organiser quelques week-ends de course suppl\u00e9mentaires si on le souhaitait.\u00a0\u00bb<\/p>\n<p>\u00ab\u00a0C&rsquo;est donc une suggestion l\u00e9g\u00e8rement diff\u00e9rente, mais je pense que six sprints, c&rsquo;est le nombre id\u00e9al pour moi. Franchement, peu m&rsquo;importe o\u00f9 ils ont lieu, c&rsquo;est tr\u00e8s bien ici.\u00a0\u00bb<\/p>\n<p>Le format sur deux jours a r\u00e9cemment \u00e9t\u00e9 test\u00e9 en F1 \u00e0 l&rsquo;occasion du Grand Prix d&rsquo;\u00c9milie-Romagne 2020 qui s&rsquo;\u00e9tait couru avec une seule s\u00e9ance d&rsquo;essais libres d&rsquo;1h30 le samedi matin, avant des qualifications dans l&rsquo;apr\u00e8s-midi et la course le dimanche. Officiellement, il s&rsquo;agissait \u00e0 l&rsquo;\u00e9poque d&rsquo;all\u00e9ger la charge des \u00e9quipes dans le cadre d&rsquo;un calendrier chamboul\u00e9 et condens\u00e9 par la pand\u00e9mie de COVID-19.<\/p>\n<p style=\"text-align: right;\">Avec\u00a0Ed Hardy<\/p>\n<p>Lire aussi :<\/p>\n<p>            Votre avis nous int\u00e9resse !<\/p>\n<p class=\"mt-auto\">Qu&rsquo;aimeriez-vous voir sur Motorsport.com ?<\/p>\n<p>            <a href=\"#\" class=\"ms-link text-link font-bold\">R\u00e9pondez \u00e0 notre enqu\u00eate de 5 minutes.<\/a><\/p>\n<p class=\"mt-1 font-info text-body\">&#8211; L&rsquo;\u00e9quipe Motorsport.com<\/p>\n","protected":false},"excerpt":{"rendered":"Depuis plusieurs ann\u00e9es, la question du format des Grands Prix de F1 est sur la table, et notamment&hellip;\n","protected":false},"author":2,"featured_media":457282,"comment_status":"","ping_status":"","sticky":false,"template":"","format":"standard","meta":{"footnotes":""},"categories":[1412],"tags":[58235,1451,1452,1453,1454,1455,1011,27,60],"class_list":{"0":"post-457281","1":"post","2":"type-post","3":"status-publish","4":"format-standard","5":"has-post-thumbnail","7":"category-f1","8":"tag-des-grands-prix-f1-sur-deux-jours-seulementu00a0-vowles-explique-pourquoi-il-est-favorable","9":"tag-f1","10":"tag-formula-1","11":"tag-formula1","12":"tag-formule-1","13":"tag-formule1","14":"tag-fr","15":"tag-france","16":"tag-sports"},"share_on_mastodon":{"url":"https:\/\/pubeurope.com\/@fr\/115360904301310190","error":""},"_links":{"self":[{"href":"https:\/\/www.europesays.com\/fr\/wp-json\/wp\/v2\/posts\/457281","targetHints":{"allow":["GET"]}}],"collection":[{"href":"https:\/\/www.europesays.com\/fr\/wp-json\/wp\/v2\/posts"}],"about":[{"href":"https:\/\/www.europesays.com\/fr\/wp-json\/wp\/v2\/types\/post"}],"author":[{"embeddable":true,"href":"https:\/\/www.europesays.com\/fr\/wp-json\/wp\/v2\/users\/2"}],"replies":[{"embeddable":true,"href":"https:\/\/www.europesays.com\/fr\/wp-json\/wp\/v2\/comments?post=457281"}],"version-history":[{"count":0,"href":"https:\/\/www.europesays.com\/fr\/wp-json\/wp\/v2\/posts\/457281\/revisions"}],"wp:featuredmedia":[{"embeddable":true,"href":"https:\/\/www.europesays.com\/fr\/wp-json\/wp\/v2\/media\/457282"}],"wp:attachment":[{"href":"https:\/\/www.europesays.com\/fr\/wp-json\/wp\/v2\/media?parent=457281"}],"wp:term":[{"taxonomy":"category","embeddable":true,"href":"https:\/\/www.europesays.com\/fr\/wp-json\/wp\/v2\/categories?post=457281"},{"taxonomy":"post_tag","embeddable":true,"href":"https:\/\/www.europesays.com\/fr\/wp-json\/wp\/v2\/tags?post=457281"}],"curies":[{"name":"wp","href":"https:\/\/api.w.org\/{rel}","templated":true}]}}