{"id":457285,"date":"2025-10-12T11:15:15","date_gmt":"2025-10-12T11:15:15","guid":{"rendered":"https:\/\/www.europesays.com\/fr\/457285\/"},"modified":"2025-10-12T11:15:15","modified_gmt":"2025-10-12T11:15:15","slug":"benatia-flashe-sur-gessime-yassine","status":"publish","type":"post","link":"https:\/\/www.europesays.com\/fr\/457285\/","title":{"rendered":"Benatia flashe sur Gessime Yassine"},"content":{"rendered":"<p><strong>En pleine Coupe du monde U20, le directeur sportif de l\u2019Olympique de Marseille, Medhi Benatia, aurait jet\u00e9 son d\u00e9volu sur le jeune ailier marocain Yassine Gessime, r\u00e9v\u00e9lation de ce d\u00e9but de saison avec Dunkerque.<\/strong><\/p>\n<p data-start=\"474\" data-end=\"895\">La <strong data-start=\"477\" data-end=\"499\">Coupe du monde U20<\/strong>, disput\u00e9e actuellement au <strong data-start=\"526\" data-end=\"535\">Chili<\/strong>, attire les regards de nombreux clubs europ\u00e9ens. Apr\u00e8s le <strong data-start=\"594\" data-end=\"601\">PSG <\/strong>et son int\u00e9r\u00eat pour Gilberto Mora, c\u2019est d\u00e9sormais l\u2019<a href=\"https:\/\/www.dailymercato.com\/club\/olympique-de-marseille-7\" rel=\"nofollow noopener\" target=\"_blank\"><strong data-start=\"655\" data-end=\"661\">OM<\/strong><\/a> qui s\u2019illustre parmi les observateurs les plus actifs. Selon les informations du compte sp\u00e9cialis\u00e9 <strong data-start=\"761\" data-end=\"775\">Lion Times<\/strong>, <strong data-start=\"777\" data-end=\"794\">Medhi Benatia<\/strong> suivrait de tr\u00e8s pr\u00e8s <strong data-start=\"817\" data-end=\"836\">Gessime Yassine<\/strong>, ailier marocain de <strong data-start=\"857\" data-end=\"867\">19 ans<\/strong> \u00e9voluant \u00e0 <strong data-start=\"879\" data-end=\"892\">Dunkerque<\/strong>.<\/p>\n<p>Premier contact \u00e9tabli<\/p>\n<p data-start=\"925\" data-end=\"1300\">Le directeur sportif phoc\u00e9en aurait <strong data-start=\"961\" data-end=\"1009\">d\u00e9j\u00e0 pris contact avec l\u2019entourage du joueur<\/strong>, auteur d\u2019un <strong data-start=\"1023\" data-end=\"1056\">but et trois passes d\u00e9cisives<\/strong> cette saison en Ligue 2. L\u2019OM ne serait toutefois <strong data-start=\"1107\" data-end=\"1134\">pas seul sur le dossier<\/strong>, plusieurs clubs europ\u00e9ens s\u2019\u00e9tant \u00e9galement positionn\u00e9s. Le club marseillais aurait pris les devants en <strong data-start=\"1225\" data-end=\"1265\">entamant des discussions pr\u00e9liminaires<\/strong> afin de devancer la concurrence.<\/p>\n<p data-start=\"925\" data-end=\"1300\"><strong>\u00c0 lire aussi &#8211;\u00a0<a href=\"https:\/\/www.dailymercato.com\/news\/om-pourquoi-mason-greenwood-peut-encore-changer-de-nationalite-sportive\" rel=\"nofollow noopener\" target=\"_blank\">OM : Pourquoi Mason Greenwood peut encore changer de nationalit\u00e9 sportive<\/a><\/strong><\/p>\n<blockquote class=\"twitter-tweet\"><p>&#13;<\/p>\n<p dir=\"ltr\" lang=\"fr\">\ud83d\udea8 L\u2019Olympique de Marseille \ud83c\uddeb\ud83c\uddf7 suit de tr\u00e8s pr\u00e8s Yassine Gessime (19 ans), r\u00e9v\u00e9lation marocaine \ud83c\uddf2\ud83c\udde6 de la Coupe du Monde U20.<\/p>\n<p>\ud83d\udc49 Mehdi Benatia aurait d\u00e9j\u00e0 pris contact avec l\u2019entourage du joueur de Dunkerque, auteur d\u2019un but et trois passes d\u00e9cisives.<\/p>\n<p>L\u2019OM n\u2019est pas seul sur le\u2026 <a href=\"https:\/\/t.co\/aLi8Hkp2iw\" rel=\"nofollow\">pic.twitter.com\/aLi8Hkp2iw<\/a><\/p>\n<p>&#13;<br \/>\n\u2014 Lion Times \ud83c\uddf2\ud83c\udde6 (@LionTimes_) <a href=\"https:\/\/twitter.com\/LionTimes_\/status\/1977086645574025649?ref_src=twsrc%5Etfw\" rel=\"nofollow noopener\" target=\"_blank\">October 11, 2025<\/a><\/p><\/blockquote>\n<p>Un profil qui s\u00e9duit l\u2019OM<\/p>\n<p data-start=\"1333\" data-end=\"1689\">N\u00e9 \u00e0 <strong data-start=\"1338\" data-end=\"1359\">Salon-de-Provence<\/strong>, <strong data-start=\"1361\" data-end=\"1380\">Yassine Gessime<\/strong> (1m72) est <strong data-start=\"1392\" data-end=\"1446\">international U20 marocain (13 s\u00e9lections, 3 buts)<\/strong> et r\u00e9alise un excellent d\u00e9but de saison avec Dunkerque alors qu&rsquo;il dispose d&rsquo;un contrat avec le club nordiste jusqu\u2019en <strong data-start=\"1524\" data-end=\"1537\">juin 2027<\/strong>. Sa prestation tr\u00e8s attendue ce <strong data-start=\"1570\" data-end=\"1608\">dimanche face aux \u00c9tats-Unis (22h)<\/strong> en quart de finale du Mondial U20 pourrait encore renforcer l\u2019int\u00e9r\u00eat de l\u2019OM.<\/p>\n<p>Grand fan de Peter Sagan, je vis au rythme des \u00e9v\u00e9nements sportifs. Dipl\u00f4m\u00e9 d&rsquo;une licence de science politique, je suis revenu \u00e0 ma premi\u00e8re passion en prenant la t\u00eate de la r\u00e9daction de We Sport en juillet 2022, puis plus r\u00e9cemment celle de DailyMercato. Derni\u00e8rement, j&rsquo;ai d\u00e9cid\u00e9 de quitter la grisaille du Pas-de-Calais pour le soleil de l&rsquo;Andalousie.<\/p>\n<p>                            <img decoding=\"async\" class=\"shadow-lg rounded-xl\" width=\"120\" src=\"https:\/\/www.europesays.com\/fr\/wp-content\/uploads\/2025\/05\/nicolas-depres.jpeg\" itemprop=\"image\" alt=\"Photo de Nicolas Depres\"\/><\/p>\n<p>            <script async src=\"https:\/\/platform.twitter.com\/widgets.js\" charset=\"utf-8\"><\/script><\/p>\n","protected":false},"excerpt":{"rendered":"En pleine Coupe du monde U20, le directeur sportif de l\u2019Olympique de Marseille, Medhi Benatia, aurait jet\u00e9 son&hellip;\n","protected":false},"author":2,"featured_media":457286,"comment_status":"","ping_status":"","sticky":false,"template":"","format":"standard","meta":{"footnotes":""},"categories":[1410],"tags":[63,1011,27,60],"class_list":{"0":"post-457285","1":"post","2":"type-post","3":"status-publish","4":"format-standard","5":"has-post-thumbnail","7":"category-football","8":"tag-football","9":"tag-fr","10":"tag-france","11":"tag-sports"},"share_on_mastodon":{"url":"https:\/\/pubeurope.com\/@fr\/115360912748099022","error":""},"_links":{"self":[{"href":"https:\/\/www.europesays.com\/fr\/wp-json\/wp\/v2\/posts\/457285","targetHints":{"allow":["GET"]}}],"collection":[{"href":"https:\/\/www.europesays.com\/fr\/wp-json\/wp\/v2\/posts"}],"about":[{"href":"https:\/\/www.europesays.com\/fr\/wp-json\/wp\/v2\/types\/post"}],"author":[{"embeddable":true,"href":"https:\/\/www.europesays.com\/fr\/wp-json\/wp\/v2\/users\/2"}],"replies":[{"embeddable":true,"href":"https:\/\/www.europesays.com\/fr\/wp-json\/wp\/v2\/comments?post=457285"}],"version-history":[{"count":0,"href":"https:\/\/www.europesays.com\/fr\/wp-json\/wp\/v2\/posts\/457285\/revisions"}],"wp:featuredmedia":[{"embeddable":true,"href":"https:\/\/www.europesays.com\/fr\/wp-json\/wp\/v2\/media\/457286"}],"wp:attachment":[{"href":"https:\/\/www.europesays.com\/fr\/wp-json\/wp\/v2\/media?parent=457285"}],"wp:term":[{"taxonomy":"category","embeddable":true,"href":"https:\/\/www.europesays.com\/fr\/wp-json\/wp\/v2\/categories?post=457285"},{"taxonomy":"post_tag","embeddable":true,"href":"https:\/\/www.europesays.com\/fr\/wp-json\/wp\/v2\/tags?post=457285"}],"curies":[{"name":"wp","href":"https:\/\/api.w.org\/{rel}","templated":true}]}}