{"id":457287,"date":"2025-10-12T11:16:13","date_gmt":"2025-10-12T11:16:13","guid":{"rendered":"https:\/\/www.europesays.com\/fr\/457287\/"},"modified":"2025-10-12T11:16:13","modified_gmt":"2025-10-12T11:16:13","slug":"roselyne-bachelot-est-elle-en-couple","status":"publish","type":"post","link":"https:\/\/www.europesays.com\/fr\/457287\/","title":{"rendered":"Roselyne Bachelot est-elle en couple ?"},"content":{"rendered":"<p>Ce dimanche 12 octobre 2025, <a href=\"https:\/\/www.closermag.fr\/politique\/battu-par-roselyne-bachelot-fait-de-douloureuses-confessions-sur-son-fils-3500416\" target=\"_blank\" rel=\"noopener\"><br \/>\nRoselyne Bachelot<\/a> sera l\u2019invit\u00e9e du portrait de la semaine<br \/>\nd\u2019Audrey Crespo-Mara dans Sept \u00e0 Huit sur TF1. <a href=\"https:\/\/www.closermag.fr\/politique\/une-formidable-magouille-emmanuel-macron-et-francois-bayrou-faches-roselyne-bachelot-a-vu-clair-dans-leur-jeu-3503682\" target=\"_blank\" rel=\"noopener\"><br \/>\nL\u2019ancienne ministre<\/a> y \u00e9voquera la sortie de son nouveau livre,<br \/>\nUne Omerta fran\u00e7aise (\u00e9d. Plon), un t\u00e9moignage fort et<br \/>\nbouleversant. Dans cet ouvrage, la femme politique de 78 ans brise<br \/>\nle silence sur son enfance dans <strong>une famille catholique<br \/>\npratiquante<\/strong> et sur les abus sexuels commis, selon elle,<br \/>\ndans les institutions religieuses o\u00f9 elle a grandi. \u201cCe livre<br \/>\nest un cri et un appel\u201d, confie-t-elle.<\/p>\n<p>Une confession courageuse, marqu\u00e9e par l\u2019indignation,<br \/>\nl\u2019humiliation, la r\u00e9volte et le d\u00e9go\u00fbt, mais aussi par la volont\u00e9<br \/>\nde lib\u00e9rer la parole. Mais si Roselyne Bachelot sait se montrer<br \/>\ngrave quand le sujet l\u2019impose, elle n\u2019a rien perdu de <strong>son<br \/>\nsens de l\u2019humour.\u00a0<\/strong><\/p>\n<blockquote class=\"instagram-media\" style=\"background: #ffffff;border: 0;margin: 1px;width: 100%;padding: 0;max-width: 500px;\" data-instgrm-permalink=\"https:\/\/www.instagram.com\/p\/DPrNg0WDEBe\/?hl=fr\" data-instgrm-version=\"14\"\/><p>\nRoselyne Bachelot, espi\u00e8gle, se confie sur sa vie priv\u00e9e<\/p>\n<p>Quelques semaines avant la sortie de son livre, <a href=\"https:\/\/www.closermag.fr\/people\/quel-gout-a-le-cl-de-donald-roselyne-bachelot-cree-le-malaise-sur-bfmtv-les-journalistes-tres-genes-3536161\" target=\"_blank\" rel=\"noopener\"><br \/>\nl&rsquo;ancienne ministre de la Culture<\/a> faisait justement rire les<br \/>\nauditeurs des <a href=\"https:\/\/www.closermag.fr\/people\/roselyne-bachelot-jette-son-devolu-sur-adil-rami-elle-lui-rentre-dedans-frontalement-en-direct-3558156\" target=\"_blank\" rel=\"noopener\"><br \/>\nGrosses T\u00eates<\/a> sur RTL, o\u00f9 elle a \u00e9t\u00e9 interrog\u00e9e sur un sujet<br \/>\nplus l\u00e9ger : <strong>sa vie amoureuse.<\/strong> Laurent Ruquier,<br \/>\nfid\u00e8le \u00e0 son ton taquin, lui a demand\u00e9 si elle continuait \u00e0<br \/>\norganiser des \u201cdates\u201d, c\u2019est-\u00e0-dire des rendez-vous<br \/>\ngalants. Un mot qui a visiblement \u00e9chapp\u00e9 \u00e0 l\u2019ancienne ministre,<br \/>\nqui a d\u2019abord r\u00e9pliqu\u00e9, hilare : <strong>\u201cC\u2019est quoi les dates<br \/>\n?\u201d.<\/strong><\/p>\n<blockquote class=\"instagram-media\" style=\"background: #ffffff;border: 0;margin: 1px;width: 100%;padding: 0;max-width: 500px;\" data-instgrm-permalink=\"https:\/\/www.instagram.com\/reel\/DOtZRLPCGj9\/?utm_source=ig_embed\" data-instgrm-version=\"14\"\/>\n<p>Avant que Ruquier ne rebondisse avec une pique politique :<br \/>\n\u201cLes dettes, c\u2019est ce que vous nous avez laiss\u00e9 au gouvernement<br \/>\n!\u201d. Relanc\u00e9e par <a href=\"https:\/\/www.closermag.fr\/people\/les-reines-du-shopping-quel-look-a-adopte-sylvie-tellier-1224474\" target=\"_blank\" rel=\"noopener\"><br \/>\nSylvie Tellier<\/a>, la chroniqueuse a voulu savoir si Roselyne<br \/>\nBachelot avait <strong>\u00ab\u00a0un crush en ce moment\u00a0\u00bb<\/strong>.<br \/>\nL\u2019ex-ministre a alors r\u00e9pondu sans d\u00e9tour : \u201cJe fr\u00e9quente des<br \/>\nvieux blancs\u201d, avant de pr\u00e9ciser dans un grand \u00e9clat de rire :<br \/>\n\u201cJe n\u2019ai pas renouvel\u00e9 le casting, quoi !\u201d.<\/p>\n<p>\u00ab\u00a0Mais ils ne sont pas l\u00e0 tous en m\u00eame<br \/>\ntemps ?\u00a0\u00bb<\/p>\n<p>Une r\u00e9partie qui a d\u00e9clench\u00e9 l\u2019hilarit\u00e9 sur le plateau. <a href=\"https:\/\/www.closermag.fr\/people\/roselyne-bachelot-et-laurent-ruquier-les-veritables-raisons-de-leur-tres-longue-brouille-1640966\" target=\"_blank\" rel=\"noopener\"><br \/>\nLaurent Ruquier,<\/a> amus\u00e9, a ensuite voulu en savoir davantage :<br \/>\n\u201cMais comment se passe votre vie sentimentale ?\u201d Et la<br \/>\nr\u00e9ponse, pleine de malice, a \u00e9t\u00e9 \u00e0 la hauteur : <strong>\u201c\u00c7a se<br \/>\npasse comme d\u2019habitude\u201d,<\/strong> a-t-elle l\u00e2ch\u00e9, l\u2019air de<br \/>\nrien.<\/p>\n<p>Face \u00e0 la curiosit\u00e9 grandissante de ses camarades, Roselyne<br \/>\nBachelot a fini par reconna\u00eetre qu\u2019il y avait bien plusieurs<br \/>\n\u201c<strong>plans<\/strong>\u201d successifs dans sa vie :<br \/>\n\u201cOui, parce qu\u2019il ne faut pas mettre toutes ses affaires dans<br \/>\nla m\u00eame case !\u201d. Une remarque qui a provoqu\u00e9 une nouvelle<br \/>\nvague de rires. \u201cMais ils ne sont pas tous l\u00e0 en m\u00eame temps<br \/>\n?\u201d, a insist\u00e9 Laurent Ruquier. <strong>\u201cAh bah non,<br \/>\nsuccessivement\u201d,<\/strong> a-t-elle corrig\u00e9, faussement<br \/>\ns\u00e9rieuse. Et quand l\u2019humoriste J\u00e9r\u00e9my Ferrari lui a demand\u00e9 :<br \/>\n\u201cQuand tu dis vieux plans, ce sont des plans anciens ou des<br \/>\nplans avec des vieux ?\u201d, Roselyne Bachelot a conclu, espi\u00e8gle<br \/>\n: <strong>\u201cLes deux !\u201d.<\/strong><\/p>\n<p><script async src=\"\/\/www.instagram.com\/embed.js\"><\/script><\/p>\n","protected":false},"excerpt":{"rendered":"Ce dimanche 12 octobre 2025, Roselyne Bachelot sera l\u2019invit\u00e9e du portrait de la semaine d\u2019Audrey Crespo-Mara dans Sept&hellip;\n","protected":false},"author":2,"featured_media":457288,"comment_status":"","ping_status":"","sticky":false,"template":"","format":"standard","meta":{"footnotes":""},"categories":[1359],"tags":[58,59,1011,27,973,58236],"class_list":{"0":"post-457287","1":"post","2":"type-post","3":"status-publish","4":"format-standard","5":"has-post-thumbnail","7":"category-people","8":"tag-divertissement","9":"tag-entertainment","10":"tag-fr","11":"tag-france","12":"tag-people","13":"tag-roselyne-bachelot"},"share_on_mastodon":{"url":"https:\/\/pubeurope.com\/@fr\/115360916105053174","error":""},"_links":{"self":[{"href":"https:\/\/www.europesays.com\/fr\/wp-json\/wp\/v2\/posts\/457287","targetHints":{"allow":["GET"]}}],"collection":[{"href":"https:\/\/www.europesays.com\/fr\/wp-json\/wp\/v2\/posts"}],"about":[{"href":"https:\/\/www.europesays.com\/fr\/wp-json\/wp\/v2\/types\/post"}],"author":[{"embeddable":true,"href":"https:\/\/www.europesays.com\/fr\/wp-json\/wp\/v2\/users\/2"}],"replies":[{"embeddable":true,"href":"https:\/\/www.europesays.com\/fr\/wp-json\/wp\/v2\/comments?post=457287"}],"version-history":[{"count":0,"href":"https:\/\/www.europesays.com\/fr\/wp-json\/wp\/v2\/posts\/457287\/revisions"}],"wp:featuredmedia":[{"embeddable":true,"href":"https:\/\/www.europesays.com\/fr\/wp-json\/wp\/v2\/media\/457288"}],"wp:attachment":[{"href":"https:\/\/www.europesays.com\/fr\/wp-json\/wp\/v2\/media?parent=457287"}],"wp:term":[{"taxonomy":"category","embeddable":true,"href":"https:\/\/www.europesays.com\/fr\/wp-json\/wp\/v2\/categories?post=457287"},{"taxonomy":"post_tag","embeddable":true,"href":"https:\/\/www.europesays.com\/fr\/wp-json\/wp\/v2\/tags?post=457287"}],"curies":[{"name":"wp","href":"https:\/\/api.w.org\/{rel}","templated":true}]}}