{"id":457291,"date":"2025-10-12T11:18:11","date_gmt":"2025-10-12T11:18:11","guid":{"rendered":"https:\/\/www.europesays.com\/fr\/457291\/"},"modified":"2025-10-12T11:18:11","modified_gmt":"2025-10-12T11:18:11","slug":"le-billet-de-pierre-taribo-helene-rossinot-ce-livre-ma-fait-du-bien","status":"publish","type":"post","link":"https:\/\/www.europesays.com\/fr\/457291\/","title":{"rendered":"Le billet de Pierre Taribo. H\u00e9l\u00e8ne Rossinot\u00a0: \u00ab Ce livre m\u2019a fait du bien\u00a0\u00bb"},"content":{"rendered":"<p>M\u00e9decin de sant\u00e9 publique, <a href=\"https:\/\/www.lasemaine.fr\/culture\/la-personnalite-de-la-semaine-helene-rossinot-autrice-de-revivre-malgre-la-douleur\/\" data-type=\"post\" data-id=\"403078\" rel=\"nofollow noopener\" target=\"_blank\">H\u00e9l\u00e8ne Rossinot<\/a> aime le c\u00f4t\u00e9 prot\u00e9iforme de sa discipline, s\u2019immerge dans diverses situations, se mobilise en faveur des aidants. Secouant la sph\u00e8re publique, elle consacre plusieurs livres \u00e0 cette cause \u00e0 laquelle elle donne relief et visibilit\u00e9. Accapar\u00e9e par sa mission, elle s\u2019oublie elle-m\u00eame. Pouss\u00e9e par le besoin d\u2019agir, affectant d\u2019aller bien, m\u00eame si elle se bagarre contre la douleur, elle enferme ses probl\u00e8mes de sant\u00e9 et avance. Autant elle a du souffle pour rendre compte des difficult\u00e9s d\u2019autrui, autant elle restreint le champ de l\u2019expression d\u00e8s qu\u2019elle doit incorporer son cas au r\u00e9cit.<\/p>\n<p>\u00ab\u00a0Jusque-l\u00e0 je n\u2019avais rien dit, je m\u2019aper\u00e7ois que je vis bien mieux depuis que j\u2019en ai parl\u00e9\u00a0\u00bb<\/p>\n<p>H\u00e9l\u00e8ne Rossinot a beaucoup h\u00e9sit\u00e9 avant de publier Revivre malgr\u00e9 la douleur. En librairie depuis le 2\u00a0octobre, l\u2019ouvrage est un tableau des interrogations sur la nature d\u2019un mal non identifiable et non d\u00e9tect\u00e9. Il relate avec sensibilit\u00e9, \u00e9motion mais aussi pudeur, le fonctionnement d\u2019une machine destructrice qui broie le corps et d\u00e9molit l\u2019\u00e2me. La confession est-elle salutaire\u00a0? La premi\u00e8re version \u00e9crite au d\u00e9but de l\u2019ann\u00e9e tire le fil sans enti\u00e8rement le d\u00e9rouler. Alors, pour rendre plus palpable ce qu\u2019elle ressent et que d\u2019autres \u00e9prouvent, elle entrem\u00eale d\u2019autres exp\u00e9riences qui s\u2019intercalent et interpellent. La description se d\u00e9veloppe \u00e0 plusieurs niveaux\u00a0: celui de la narration, celui du souvenir des angoisses, des recherches de la v\u00e9rit\u00e9 et du mur auquel on se heurte faute de ne pas savoir. Face \u00e0 la souffrance chacun est enferm\u00e9 dans son impuissance\u00a0: le malade qui ne peut rien sinon subir et tenir le choc face \u00e0 ce qui le torture\u00a0; le m\u00e9decin qui n\u2019a pas de solution th\u00e9rapeutique. Tout devient instable, l\u2019existence ressemble \u00e0 une trajectoire forc\u00e9e dont nul n\u2019aper\u00e7oit la fin.<\/p>\n<p>Pour pr\u00e9parer son trajet vers les confidences qui lui ont permis \u00ab\u00a0de coucher sur le papier sa propre douleur\u00a0\u00bb, H\u00e9l\u00e8ne Rossinot a forc\u00e9 la porte de l\u2019intime. \u00ab\u00a0Avoir commenc\u00e9 \u00e0 en parler \u00e0 des gens tr\u00e8s proches de moi, b\u00e9n\u00e9ficier de leur soutien, de leur compr\u00e9hension, de leur envie d\u2019\u00eatre pr\u00e9sentes pour m\u2019entourer, a \u00e9t\u00e9 le d\u00e9clic. Ensuite les messages que j\u2019ai re\u00e7us apr\u00e8s avoir fait \u00e9tat de mon cas plus largement, y compris dans les r\u00e9seaux sociaux, m\u2019ont convaincue de l\u2019int\u00e9r\u00eat d\u2019\u00e9crire ce livre.\u00a0\u00bb<\/p>\n<p>La d\u00e9cision prise, elle exclut de s\u2019en tenir \u00e0 un monologue. Son but est d\u2019\u00e9largir le champ des t\u00e9moignages, de faire tomber les murailles qui enferment et isolent. \u00ab\u00a0Je me suis rendu compte que j\u2019avais publi\u00e9 tous mes livres pr\u00e9c\u00e9dents en tant qu\u2019experte, sans jamais me mettre \u00e0 l\u2019int\u00e9rieur. J\u2019ai compris que partager les exp\u00e9riences gommait l\u2019aspect donneur de le\u00e7on. Je relate les histoires recueillies pour montrer tous les aspects de la douleur. Peu importe la pathologie, on affronte tous les m\u00eames choses. J\u2019ai accept\u00e9 de me mettre au milieu mais c\u2019\u00e9tait assez cathartique. \u00c7a m\u2019a fait beaucoup r\u00e9fl\u00e9chir sur la mani\u00e8re dont je me traitais et sur cette esp\u00e8ce de contr\u00f4le que je m\u2019imposais tout le temps. Ce livre m\u2019a fait du bien.\u00a0\u00bb<\/p>\n<p>Additionner les v\u00e9cus, d\u00e9crire ce qui fragilise dans la vie personnelle, sociale, professionnelle, expliquer les difficult\u00e9s pour obtenir un diagnostic et une prise en charge adapt\u00e9e, nourrissent les questionnements sur les limites et les inconnues de la m\u00e9decine. M\u00eame si les progr\u00e8s s\u2019acc\u00e9l\u00e8rent, les avanc\u00e9es se heurtent \u00e0 des r\u00e9sistances. D\u2019ailleurs la relation m\u00e9decin-malade sera toujours un \u00e9l\u00e9ment d\u00e9terminant.\u00a0H\u00e9l\u00e8ne Rossinot le sait et l\u2019admet. \u00ab\u00a0Regardez nos \u00e9tudes de m\u00e9decine. On n\u2019apprend pas \u00e0 annoncer de mauvaises nouvelles aux patients, on n\u2019apprend pas \u00e0 communiquer, on n\u2019apprend pas \u00e0 \u00e9couter. On sursp\u00e9cialise les \u00e9tudiants au lieu de s\u2019occuper d\u2019eux dans leur sp\u00e9cialit\u00e9 et de leur apprendre l\u2019humanit\u00e9. Moi \u00e7a me pose un vrai souci. Il ne s\u2019agit pas de critiquer les m\u00e9decins, mais il est important qu\u2019ils \u00e9coutent et croient leurs patients.\u00a0\u00bb<\/p>\n<p>H\u00e9l\u00e8ne Rossinot est atteinte de spondylarthrite ankylosante. Elle expose dans le livre la mani\u00e8re insolite dont elle parvient \u00e0 mettre un nom sur sa maladie. Laissons \u00e0 ses lecteurs le plaisir de satisfaire leur curiosit\u00e9 mais l\u2019encha\u00eenement atteste que la d\u00e9couverte peut se nourrir de souvenirs. \u00ab\u00a0Je prends un maximum de donn\u00e9es sur un sujet puis je les laisse en arri\u00e8re-plan. \u00c0 un moment tout ressort sous forme de solution.\u00a0\u00bb<\/p>\n<p>Le livre n\u2019est pas une forme d\u2019exutoire ni une fa\u00e7on refermer des cicatrices. Rien \u00e0 voir avec des m\u00e9moires circonstanci\u00e9es mais plut\u00f4t une sortie de la nuit, une chronique du r\u00e9confort et de l\u2019espoir. \u00ab\u00a0\u00c9crire m\u2019a appris que je n\u2019avais pas besoin d\u2019\u00eatre forte tout le temps pour \u00eatre aim\u00e9e et pour avoir de la valeur. \u00c7a m\u2019a fait du bien et, surtout apr\u00e8s avoir grandi avec le regard de gens tout le temps sur moi, d\u2019accepter qui j\u2019\u00e9tais. Jusque-l\u00e0 je n\u2019avais rien dit, je m\u2019aper\u00e7ois que je vis bien mieux depuis que j\u2019en ai parl\u00e9. \u00c7a facilite mes relations avec mes proches qui comprennent mieux certaines de mes r\u00e9actions.\u00a0\u00bb Apais\u00e9e, d\u00e9livr\u00e9e d\u2019une sorte de pesanteur qui l\u2019entravait, H\u00e9l\u00e8ne Rossinot aborde des jours encore douloureux mais beaucoup plus heureux.<\/p>\n<p>\u00ab\u00a0Revivre malgr\u00e9 la douleur\u00a0\u00bb (Robert Laffont)<\/p>\n","protected":false},"excerpt":{"rendered":"M\u00e9decin de sant\u00e9 publique, H\u00e9l\u00e8ne Rossinot aime le c\u00f4t\u00e9 prot\u00e9iforme de sa discipline, s\u2019immerge dans diverses situations, se&hellip;\n","protected":false},"author":2,"featured_media":457292,"comment_status":"","ping_status":"","sticky":false,"template":"","format":"standard","meta":{"footnotes":""},"categories":[1357],"tags":[1379,58,59,1011,27,1380],"class_list":{"0":"post-457291","1":"post","2":"type-post","3":"status-publish","4":"format-standard","5":"has-post-thumbnail","7":"category-livres","8":"tag-books","9":"tag-divertissement","10":"tag-entertainment","11":"tag-fr","12":"tag-france","13":"tag-livres"},"share_on_mastodon":{"url":"https:\/\/pubeurope.com\/@fr\/115360923963690036","error":""},"_links":{"self":[{"href":"https:\/\/www.europesays.com\/fr\/wp-json\/wp\/v2\/posts\/457291","targetHints":{"allow":["GET"]}}],"collection":[{"href":"https:\/\/www.europesays.com\/fr\/wp-json\/wp\/v2\/posts"}],"about":[{"href":"https:\/\/www.europesays.com\/fr\/wp-json\/wp\/v2\/types\/post"}],"author":[{"embeddable":true,"href":"https:\/\/www.europesays.com\/fr\/wp-json\/wp\/v2\/users\/2"}],"replies":[{"embeddable":true,"href":"https:\/\/www.europesays.com\/fr\/wp-json\/wp\/v2\/comments?post=457291"}],"version-history":[{"count":0,"href":"https:\/\/www.europesays.com\/fr\/wp-json\/wp\/v2\/posts\/457291\/revisions"}],"wp:featuredmedia":[{"embeddable":true,"href":"https:\/\/www.europesays.com\/fr\/wp-json\/wp\/v2\/media\/457292"}],"wp:attachment":[{"href":"https:\/\/www.europesays.com\/fr\/wp-json\/wp\/v2\/media?parent=457291"}],"wp:term":[{"taxonomy":"category","embeddable":true,"href":"https:\/\/www.europesays.com\/fr\/wp-json\/wp\/v2\/categories?post=457291"},{"taxonomy":"post_tag","embeddable":true,"href":"https:\/\/www.europesays.com\/fr\/wp-json\/wp\/v2\/tags?post=457291"}],"curies":[{"name":"wp","href":"https:\/\/api.w.org\/{rel}","templated":true}]}}