{"id":457308,"date":"2025-10-12T11:27:11","date_gmt":"2025-10-12T11:27:11","guid":{"rendered":"https:\/\/www.europesays.com\/fr\/457308\/"},"modified":"2025-10-12T11:27:11","modified_gmt":"2025-10-12T11:27:11","slug":"attaques-a-la-frontiere-promesse-de-reponse-musclee-que-se-passe-t-il-entre-lafghanistan-et-le-pakistan","status":"publish","type":"post","link":"https:\/\/www.europesays.com\/fr\/457308\/","title":{"rendered":"Attaques \u00e0 la fronti\u00e8re, promesse de \u00ab\u00a0r\u00e9ponse muscl\u00e9e\u00a0\u00bb\u2026 Que se passe-t-il entre l\u2019Afghanistan et le Pakistan\u00a0?"},"content":{"rendered":"<p>Mais que se passe-t-il \u00e0 la fronti\u00e8re entre le <a href=\"https:\/\/www.20minutes.fr\/monde\/pakistan\/\" target=\"_blank\" class=\"c-link c-link--is-underlined\" rel=\"noopener\">Pakistan<\/a> et l\u2019<a href=\"https:\/\/www.20minutes.fr\/monde\/afghanistan\/\" target=\"_blank\" class=\"c-link c-link--is-underlined\" rel=\"noopener\">Afghanistan<\/a>\u00a0? <a href=\"https:\/\/www.20minutes.fr\/dossier\/islamabad\" target=\"_blank\" class=\"c-link c-link--is-underlined\" rel=\"noopener\">Islamabad<\/a> a promis ce dimanche \u00ab\u00a0une r\u00e9ponse muscl\u00e9e\u00a0\u00bb \u00e0 l\u2019op\u00e9ration de repr\u00e9sailles men\u00e9e par l\u2019Afghanistan contre ses forces dans la nuit \u00e0 leur fronti\u00e8re commune et qui aurait tu\u00e9, selon <a href=\"https:\/\/www.20minutes.fr\/monde\/kaboul\/\" target=\"_blank\" class=\"c-link c-link--is-underlined\" rel=\"noopener\">Kaboul<\/a>, \u00ab\u00a058 soldats pakistanais\u00a0\u00bb. 20 Minutes fait le point sur ces affrontements entre les deux pays, dont les relations sont tendues depuis le retour au pouvoir des <a href=\"https:\/\/www.20minutes.fr\/monde\/taliban\/\" target=\"_blank\" class=\"c-link c-link--is-underlined\" rel=\"noopener\">talibans<\/a> en Afghanistan \u00e0 l\u2019\u00e9t\u00e9\u00a02021.<\/p>\n<p>Que sait-on de ces attaques\u00a0?<\/p>\n<p>Samedi soir, le minist\u00e8re taliban de la D\u00e9fense avait indiqu\u00e9 avoir men\u00e9 \u00ab\u00a0avec succ\u00e8s\u00a0\u00bb une op\u00e9ration arm\u00e9e \u00ab\u00a0de repr\u00e9sailles\u00a0\u00bb contre les forces de s\u00e9curit\u00e9 pakistanaises, \u00ab\u00a0en r\u00e9ponse \u00e0 des violations r\u00e9p\u00e9t\u00e9es et <a href=\"https:\/\/www.20minutes.fr\/dossier\/frappes_aeriennes\" target=\"_blank\" class=\"c-link c-link--is-underlined\" rel=\"noopener\">frappes a\u00e9riennes<\/a> sur le territoire afghan par l\u2019arm\u00e9e pakistanaise\u00a0\u00bb. Le porte-parole d\u2019une unit\u00e9 talibane bas\u00e9e \u00e0 la fronti\u00e8re avait indiqu\u00e9 samedi soir que des forces talibanes s\u2019\u00e9taient engag\u00e9es \u00ab\u00a0dans de violents affrontements contre des forces de s\u00e9curit\u00e9 pakistanaises dans diverses zones\u00a0\u00bb frontali\u00e8res. Kaboul avait finalement annonc\u00e9, autour de minuit heure locale, la fin de son op\u00e9ration.<\/p>\n<\/p>\n<p>Le Pakistan assurait avoir r\u00e9pliqu\u00e9 \u00e0 des affrontements depuis les provinces afghanes de Kunar, Nangarhar, Paktia, Khost et Helmand, tout le long de la ligne Durand, qui divise les deux pays. \u00ab\u00a058 soldats pakistanais ont \u00e9t\u00e9 tu\u00e9s lors de cette op\u00e9ration et 9 talibans ont perdu la vie\u00a0\u00bb, a assur\u00e9 ce dimanche, lors d\u2019une conf\u00e9rence de presse, le porte-parole du gouvernement taliban, Zabihullah Mujahid. Le Pakistan n\u2019a pas confirm\u00e9 ce chiffre.<\/p>\n<p>Quelle est la r\u00e9action du Pakistan\u00a0?<\/p>\n<p>\u00ab\u00a0Chaque provocation sera suivie d\u2019une r\u00e9ponse muscl\u00e9e et efficace\u00a0\u00bb, a mis en garde ce dimanche le Premier ministre pakistanais Shehbaz Sharif dans un communiqu\u00e9, avertissant qu\u2019il n\u2019y aura \u00ab\u00a0aucun compromis sur la <a href=\"https:\/\/www.20minutes.fr\/dossier\/defense\" target=\"_blank\" class=\"c-link c-link--is-underlined\" rel=\"noopener\">d\u00e9fense<\/a> du Pakistan\u00a0\u00bb et accusant Kaboul d\u2019abriter des \u00ab\u00a0\u00e9l\u00e9ments <a href=\"https:\/\/www.20minutes.fr\/dossier\/terroriste\" target=\"_blank\" class=\"c-link c-link--is-underlined\" rel=\"noopener\">terroristes<\/a>\u00a0\u00bb. Islamabad n\u2019a pas confirm\u00e9 \u00eatre \u00e0 l\u2019origine des bombardements sur la capitale afghane et dans le sud-est du pays jeudi.<\/p>\n<p>\u00ab\u00a0L\u2019Afghanistan joue avec le feu et le sang\u00a0\u00bb, a aussi mis en garde le ministre de l\u2019Int\u00e9rieur Mohsin Naqvi, assurant que son voisin recevra, \u00ab\u00a0comme l\u2019<a href=\"https:\/\/www.20minutes.fr\/dossier\/inde\" target=\"_blank\" class=\"c-link c-link--is-underlined\" rel=\"noopener\">Inde<\/a>, une r\u00e9ponse \u00e9crasante afin qu\u2019il n\u2019ose plus jeter ne serait-ce qu\u2019un regard hostile sur le Pakistan\u00a0\u00bb. Le ministre faisait r\u00e9f\u00e9rence \u00e0 la pire confrontation depuis des d\u00e9cennies avec son voisin indien, survenue en mai et dans laquelle les deux ennemis historiques avaient \u00e9chang\u00e9 tirs de missiles, envois de drones et barrages d\u2019artillerie.<\/p>\n<p>Quelle est la situation actuellement\u00a0?<\/p>\n<p>Au petit matin, deux points de passage cl\u00e9s entre le Pakistan et l\u2019Afghanistan, Torkham et Spin Boldak, o\u00f9 transitent notamment des milliers d\u2019Afghans expuls\u00e9s ces derniers mois par Islamabad, \u00e9taient ferm\u00e9s et le personnel civil retir\u00e9, ont indiqu\u00e9 des hauts responsables afghans et pakistanais. Des troupes paramilitaires suppl\u00e9mentaires ont \u00e9t\u00e9 d\u00e9ploy\u00e9es, a \u00e9galement indiqu\u00e9 un haut responsable pakistanais.<\/p>\n<p>\u00ab\u00a0Le poste-fronti\u00e8re de Chaman a \u00e9t\u00e9 ferm\u00e9 pour tous types de passages, douaniers ou humains, par le Pakistan\u00a0\u00bb, a de son c\u00f4t\u00e9 indiqu\u00e9 Mohammad Haqmal, responsable du d\u00e9partement Information et Culture \u00e0 la fronti\u00e8re de Spin Boldak, en Afghanistan.<\/p>\n<p>Quel est le passif entre les deux pays\u00a0?<\/p>\n<p>Les relations entre les deux pays sont en dent de scie depuis le retour au pouvoir des talibans afghans \u00e0 l\u2019\u00e9t\u00e9\u00a02021, Islamabad accusant son voisin \u00ab\u00a0d\u2019abriter\u00a0\u00bb des talibans pakistanais (TTP). Ce mouvement, form\u00e9 au combat en Afghanistan et qui se revendique de la m\u00eame id\u00e9ologie que les talibans afghans, est accus\u00e9 par Islamabad d\u2019avoir tu\u00e9 des centaines de ses soldats depuis\u00a02021.<\/p>\n<p>Plus t\u00f4t samedi, le TTP a revendiqu\u00e9 des attaques meurtri\u00e8res dans le nord-ouest du pays qui ont caus\u00e9 la mort de 23 personnes, dont trois civils. Elles ont eu lieu vendredi non loin de la fronti\u00e8re avec l\u2019Afghanistan, dans la province du Khyber Pakhtunkhwa. Pour Islamabad, ce sont les talibans afghans, de retour au pouvoir \u00e0 Kaboul depuis l\u2019\u00e9t\u00e9\u00a02021, qui favorisent cette r\u00e9surgence du TTP.<\/p>\n<p>Un rapport du <a href=\"https:\/\/www.20minutes.fr\/monde\/conseil_de_securite\/\" target=\"_blank\" class=\"c-link c-link--is-underlined\" rel=\"noopener\">Conseil de s\u00e9curit\u00e9<\/a> des <a href=\"https:\/\/www.20minutes.fr\/monde\/onu\/\" target=\"_blank\" class=\"c-link c-link--is-underlined\" rel=\"noopener\">Nations unies<\/a> publi\u00e9 plus t\u00f4t cette ann\u00e9e estimait que le TTP \u00ab\u00a0a sans doute \u00e9t\u00e9 le groupe extr\u00e9miste \u00e9tranger en Afghanistan qui a le plus profit\u00e9\u00a0\u00bb du retour des talibans afghans, \u00ab\u00a0qui ont accueilli et activement soutenu\u00a0\u00bb le mouvement. Mais Kaboul d\u00e9ment fermement et renvoie l\u2019accusation \u00e0 Islamabad, assurant que le Pakistan soutient des groupes \u00ab\u00a0terroristes\u00a0\u00bb, notamment la branche r\u00e9gionale du groupe <a href=\"https:\/\/www.20minutes.fr\/monde\/daesh\/\" target=\"_blank\" class=\"c-link c-link--is-underlined\" rel=\"noopener\">Etat islamique<\/a> (EI).<\/p>\n","protected":false},"excerpt":{"rendered":"Mais que se passe-t-il \u00e0 la fronti\u00e8re entre le Pakistan et l\u2019Afghanistan\u00a0? Islamabad a promis ce dimanche \u00ab\u00a0une&hellip;\n","protected":false},"author":2,"featured_media":457309,"comment_status":"","ping_status":"","sticky":false,"template":"","format":"standard","meta":{"footnotes":""},"categories":[5],"tags":[47,11,598,4755,2120,1011,27,33159,6430,14,19119,596,74,12,14488,597,28],"class_list":{"0":"post-457308","1":"post","2":"type-post","3":"status-publish","4":"format-standard","5":"has-post-thumbnail","7":"category-international","8":"tag-actualite","9":"tag-actualites","10":"tag-afghanistan","11":"tag-bombardement","12":"tag-conflit","13":"tag-fr","14":"tag-france","15":"tag-frappes-aeriennes","16":"tag-frontieres","17":"tag-international","18":"tag-islamabad","19":"tag-kaboul","20":"tag-monde","21":"tag-news","22":"tag-pakistan","23":"tag-taliban","24":"tag-world"},"share_on_mastodon":{"url":"https:\/\/pubeurope.com\/@fr\/115360959334119468","error":""},"_links":{"self":[{"href":"https:\/\/www.europesays.com\/fr\/wp-json\/wp\/v2\/posts\/457308","targetHints":{"allow":["GET"]}}],"collection":[{"href":"https:\/\/www.europesays.com\/fr\/wp-json\/wp\/v2\/posts"}],"about":[{"href":"https:\/\/www.europesays.com\/fr\/wp-json\/wp\/v2\/types\/post"}],"author":[{"embeddable":true,"href":"https:\/\/www.europesays.com\/fr\/wp-json\/wp\/v2\/users\/2"}],"replies":[{"embeddable":true,"href":"https:\/\/www.europesays.com\/fr\/wp-json\/wp\/v2\/comments?post=457308"}],"version-history":[{"count":0,"href":"https:\/\/www.europesays.com\/fr\/wp-json\/wp\/v2\/posts\/457308\/revisions"}],"wp:featuredmedia":[{"embeddable":true,"href":"https:\/\/www.europesays.com\/fr\/wp-json\/wp\/v2\/media\/457309"}],"wp:attachment":[{"href":"https:\/\/www.europesays.com\/fr\/wp-json\/wp\/v2\/media?parent=457308"}],"wp:term":[{"taxonomy":"category","embeddable":true,"href":"https:\/\/www.europesays.com\/fr\/wp-json\/wp\/v2\/categories?post=457308"},{"taxonomy":"post_tag","embeddable":true,"href":"https:\/\/www.europesays.com\/fr\/wp-json\/wp\/v2\/tags?post=457308"}],"curies":[{"name":"wp","href":"https:\/\/api.w.org\/{rel}","templated":true}]}}