{"id":457314,"date":"2025-10-12T11:30:13","date_gmt":"2025-10-12T11:30:13","guid":{"rendered":"https:\/\/www.europesays.com\/fr\/457314\/"},"modified":"2025-10-12T11:30:13","modified_gmt":"2025-10-12T11:30:13","slug":"mouvement-masculiniste-dans-la-loire-une-soiree-pour-comprendre-et-combattre","status":"publish","type":"post","link":"https:\/\/www.europesays.com\/fr\/457314\/","title":{"rendered":"Mouvement masculiniste dans la Loire : une soir\u00e9e pour comprendre et combattre"},"content":{"rendered":"<p>Le 27 juin dernier, un jeune homme de 18 ans a \u00e9t\u00e9 interpell\u00e9 \u00e0 Saint-\u00c9tienne alors qu\u2019il se rendait en cours, arm\u00e9 de deux couteaux, avec l\u2019intention de commettre un attentat contre 4 jeunes femmes de sa classe. Un passage \u00e0 l\u2019acte inspir\u00e9 par des contenus anti-f\u00e9ministes en ligne. <\/p>\n<p><a href=\"https:\/\/www.tl7.fr\/actualites-loire\/actualite\/actualite_1\/un-projet-d-attentat-d-un-masculiniste-dejoue-a-saint-etienne_11515.html\" target=\"_blank\" rel=\"noopener nofollow\">Ce jeune homme avait \u00e9t\u00e9 interpell\u00e9 devant le\u00a0lyc\u00e9e Claude Fauriel \u00e0 Saint-Etienne\u00a0par la Direction g\u00e9n\u00e9rale de la s\u00e9curit\u00e9 int\u00e9rieure (DGSI)<\/a>, o\u00f9 il est inscrit \u00e0 la fois en classe pr\u00e9paratoire et \u00e0 l&rsquo;internat.\u00a0Pour beaucoup, c\u2019est la d\u00e9couverte d\u2019un mouvement : les masculinistes, une id\u00e9ologie de haine et de domination qui alimente la violence contre les femmes.<\/p>\n<p><strong>Une projection-d\u00e9bat \u00e0 Saint-Etienne\u00a0<\/strong><\/p>\n<p>La projection du documentaire \u00ab\u00a0MASCUS \u2013 Les hommes qui d\u00e9testent les femmes\u00a0\u00bb (France T\u00e9l\u00e9visions) ce <strong>mardi 14 octobre \u00e0 18h30 au M\u00e9li\u00e8s Saint-Fran\u00e7ois<\/strong> sera suivie d\u2019un \u00e9change avec des acteurs engag\u00e9s contre les cyberviolences, la haine des femmes et les formes de radicalisation. \u00ab\u00a0Cette soir\u00e9e sera aussi l\u2019occasion de pr\u00e9senter les actions locales engag\u00e9es \u00e0 la suite de ce drame \u00e9vit\u00e9 de peu\u00a0\u00bb, pr\u00e9cisent les organisateurs.<\/p>\n<p>ZF<\/p>\n<p>Un \u00e9v\u00e9nement organis\u00e9 par SOS Racisme Loire, en partenariat avec Zoomacom, la Ligue de l\u2019Enseignement, l\u2019ANEF, SOS Violences Conjugales 42 et le CIDFF Loire, avec le soutien de France T\u00e9l\u00e9visions.<\/p>\n","protected":false},"excerpt":{"rendered":"Le 27 juin dernier, un jeune homme de 18 ans a \u00e9t\u00e9 interpell\u00e9 \u00e0 Saint-\u00c9tienne alors qu\u2019il se&hellip;\n","protected":false},"author":2,"featured_media":457315,"comment_status":"","ping_status":"","sticky":false,"template":"","format":"standard","meta":{"footnotes":""},"categories":[9653],"tags":[1111,11,2430,1777,674,1011,27,12,25,4001],"class_list":{"0":"post-457314","1":"post","2":"type-post","3":"status-publish","4":"format-standard","5":"has-post-thumbnail","7":"category-saint-etienne","8":"tag-actu","9":"tag-actualites","10":"tag-auvergne-rhone-alpes","11":"tag-eu","12":"tag-europe","13":"tag-fr","14":"tag-france","15":"tag-news","16":"tag-republique-francaise","17":"tag-saint-etienne"},"share_on_mastodon":{"url":"https:\/\/pubeurope.com\/@fr\/115360971234195879","error":""},"_links":{"self":[{"href":"https:\/\/www.europesays.com\/fr\/wp-json\/wp\/v2\/posts\/457314","targetHints":{"allow":["GET"]}}],"collection":[{"href":"https:\/\/www.europesays.com\/fr\/wp-json\/wp\/v2\/posts"}],"about":[{"href":"https:\/\/www.europesays.com\/fr\/wp-json\/wp\/v2\/types\/post"}],"author":[{"embeddable":true,"href":"https:\/\/www.europesays.com\/fr\/wp-json\/wp\/v2\/users\/2"}],"replies":[{"embeddable":true,"href":"https:\/\/www.europesays.com\/fr\/wp-json\/wp\/v2\/comments?post=457314"}],"version-history":[{"count":0,"href":"https:\/\/www.europesays.com\/fr\/wp-json\/wp\/v2\/posts\/457314\/revisions"}],"wp:featuredmedia":[{"embeddable":true,"href":"https:\/\/www.europesays.com\/fr\/wp-json\/wp\/v2\/media\/457315"}],"wp:attachment":[{"href":"https:\/\/www.europesays.com\/fr\/wp-json\/wp\/v2\/media?parent=457314"}],"wp:term":[{"taxonomy":"category","embeddable":true,"href":"https:\/\/www.europesays.com\/fr\/wp-json\/wp\/v2\/categories?post=457314"},{"taxonomy":"post_tag","embeddable":true,"href":"https:\/\/www.europesays.com\/fr\/wp-json\/wp\/v2\/tags?post=457314"}],"curies":[{"name":"wp","href":"https:\/\/api.w.org\/{rel}","templated":true}]}}