{"id":457318,"date":"2025-10-12T11:34:22","date_gmt":"2025-10-12T11:34:22","guid":{"rendered":"https:\/\/www.europesays.com\/fr\/457318\/"},"modified":"2025-10-12T11:34:22","modified_gmt":"2025-10-12T11:34:22","slug":"pres-de-10000-spectacteurs-deja-attendus-pour-le-retour-du-public-a-marcel-picot-le-20-octobre","status":"publish","type":"post","link":"https:\/\/www.europesays.com\/fr\/457318\/","title":{"rendered":"pr\u00e8s de 10000 spectacteurs d\u00e9j\u00e0 attendus pour le retour du public \u00e0 Marcel-Picot le 20 octobre"},"content":{"rendered":"<p>Zapping Foot National Coupe de France : Calais, Quevilly, El-Biar, &#8230; les plus grands exploits de la comp\u00e9tition<\/p>\n<p>Marcel-Picot n&rsquo;attend plus que \u00e7a. Priv\u00e9 \u00e0 domicile de ses supporters depuis le d\u00e9but de la saison en raison d&rsquo;une sanction de la commission de discipline de la F\u00e9d\u00e9ration fran\u00e7aise de football (FFF) pour des incidents survenus lors du pr\u00e9c\u00e9dent exercice en National, l&rsquo;antre de l&rsquo;AS Nancy Lorraine a donc sonn\u00e9 creux pour le grand retour du club en Ligue 2. Ce fut le cas le 15 ao\u00fbt pour la r\u00e9ception de Boulogne-sur-Mer (1-0), le 29 pour celle de Pau (2-2), le 19 septembre pour l&rsquo;accueil du Red Star (0-1) et le 26 pour celui de Reims (0-1).<\/p>\n<p>La barre des 10.000 bient\u00f4t franchie<\/p>\n<p>Mais ce ne sera plus le cas, en revanche, pour la rencontre contre Amiens le lundi 20 octobre prochain (20h45), dans le cadre de la <a href=\"https:\/\/www.foot-national.com\/data\/calendrier-ligue2.html\" rel=\"nofollow noopener\" target=\"_blank\">dixi\u00e8me journ\u00e9e<\/a>. Enfin lib\u00e9r\u00e9 de sa sanction de huis clos pour les quatre premiers matchs \u00e0 domicile de l&rsquo;exercice, l&rsquo;ASNL de Pablo Correa va pouvoir compter sur son fid\u00e8le douzi\u00e8me homme face aux Picards. Une bonne nouvelle pour l&rsquo;actuel septi\u00e8me au classement (12 pts). La barre des 10.000 spectateurs devrait rapidement \u00eatre franchie. Ce samedi 11 octobre, le promu en deuxi\u00e8me division a fait savoir que 9.500 supporters sont d\u00e9j\u00e0 attendus \u00e0 Marcel-Picot. \u00ab\u00a0Mais ce n\u2019est pas fini\u2026 on compte sur vous pour pousser nos joueurs !\u00a0\u00bb, motive l&rsquo;ASNL, dont le retour du public n&rsquo;est pas franchement aid\u00e9 pas la programmation du lundi soir.<\/p>\n<blockquote class=\"twitter-tweet\">\n<p dir=\"ltr\" lang=\"fr\">\ud83d\udd25\ud83c\udfdf\ufe0f \ud835\udc0f\ud835\udc22\ud835\udc1c\ud835\udc28\ud835\udc2d \ud835\udc2c\ud835\udc1e \ud835\udc2b\ud835\udc1e\ud835\udc26\ud835\udc29\ud835\udc25\ud835\udc22\ud835\udc2d\u2026 \ud835\udc1d\ud835\udc1e\u0301\ud835\udc23\ud835\udc1a\u0300 \ud835\udfd7\ud835\udfd3\ud835\udfce\ud835\udfce \ud835\udc2c\ud835\udc29\ud835\udc1e\ud835\udc1c\ud835\udc2d\ud835\udc1a\ud835\udc2d\ud835\udc1e\ud835\udc2e\ud835\udc2b\ud835\udc2c \ud835\udc1a\ud835\udc2d\ud835\udc2d\ud835\udc1e\ud835\udc27\ud835\udc1d\ud835\udc2e\ud835\udc2c ! \u2764\ufe0f\ud83e\udd0d<\/p>\n<p>Mais ce n\u2019est pas fini\u2026 on compte sur vous pour pousser nos joueurs ! \ud83d\udd34\u26aa\ufe0f<\/p>\n<p>\ud83c\udf9f\ufe0f \ud835\udc0b\ud835\udc1a \ud835\udc1b\ud835\udc22\ud835\udc25\ud835\udc25\ud835\udc1e\ud835\udc2d\ud835\udc2d\ud835\udc1e\ud835\udc2b\ud835\udc22\ud835\udc1e \ud835\udc2b\ud835\udc1e\ud835\udc2c\ud835\udc2d\ud835\udc1e \ud835\udc28\ud835\udc2e\ud835\udc2f\ud835\udc1e\ud835\udc2b\ud835\udc2d\ud835\udc1e \ud83d\udc49 <a href=\"https:\/\/t.co\/D8UDPeDtmL\" rel=\"nofollow\">https:\/\/t.co\/D8UDPeDtmL<\/a><br \/>\ud83d\udc65 \ud835\udc0b\ud835\udc1e\ud835\udc2c\u2026 <a href=\"https:\/\/t.co\/wrann0zIFR\" rel=\"nofollow\">pic.twitter.com\/wrann0zIFR<\/a><\/p>\n<p>\u2014 AS Nancy-Lorraine (@asnlofficiel) <a href=\"https:\/\/twitter.com\/asnlofficiel\/status\/1977056601212416444?ref_src=twsrc%5Etfw\" rel=\"nofollow noopener\" target=\"_blank\">October 11, 2025<\/a><\/p>\n<\/blockquote>\n<p>Partagez cette info avec vos amis et vos proches en cliquant ici<br \/>Pour r\u00e9sumer<\/p>\n<p>Marcel-Picot n&rsquo;attend plus que \u00e7a. Priv\u00e9 de ses supporters depuis le d\u00e9but de la saison en raison d&rsquo;une sanction de la commission de discipline de la F\u00e9d\u00e9ration fran\u00e7aise de football (FFF) pour des incidents survenus lors du pr\u00e9c\u00e9dent exercice en National, l&rsquo;antre de l&rsquo;AS Nancy Lorraine a donc sonn\u00e9 creux pour le grand retour du club en Ligue 2.<\/p>\n<p> <img decoding=\"async\" width=\"76\" height=\"76\" loading=\"lazy\" src=\"https:\/\/www.europesays.com\/fr\/wp-content\/uploads\/2025\/04\/logo-florian-sermaise.jpg\" alt=\"Florian Sermaise\"\/><script async src=\"https:\/\/platform.twitter.com\/widgets.js\" charset=\"utf-8\"><\/script><\/p>\n","protected":false},"excerpt":{"rendered":"Zapping Foot National Coupe de France : Calais, Quevilly, El-Biar, &#8230; les plus grands exploits de la comp\u00e9tition&hellip;\n","protected":false},"author":2,"featured_media":457319,"comment_status":"","ping_status":"","sticky":false,"template":"","format":"standard","meta":{"footnotes":""},"categories":[9635],"tags":[1111,11,1777,674,1011,27,775,1702,12,25],"class_list":{"0":"post-457318","1":"post","2":"type-post","3":"status-publish","4":"format-standard","5":"has-post-thumbnail","7":"category-nancy","8":"tag-actu","9":"tag-actualites","10":"tag-eu","11":"tag-europe","12":"tag-fr","13":"tag-france","14":"tag-grand-est","15":"tag-nancy","16":"tag-news","17":"tag-republique-francaise"},"share_on_mastodon":{"url":"https:\/\/pubeurope.com\/@fr\/115360987329490634","error":""},"_links":{"self":[{"href":"https:\/\/www.europesays.com\/fr\/wp-json\/wp\/v2\/posts\/457318","targetHints":{"allow":["GET"]}}],"collection":[{"href":"https:\/\/www.europesays.com\/fr\/wp-json\/wp\/v2\/posts"}],"about":[{"href":"https:\/\/www.europesays.com\/fr\/wp-json\/wp\/v2\/types\/post"}],"author":[{"embeddable":true,"href":"https:\/\/www.europesays.com\/fr\/wp-json\/wp\/v2\/users\/2"}],"replies":[{"embeddable":true,"href":"https:\/\/www.europesays.com\/fr\/wp-json\/wp\/v2\/comments?post=457318"}],"version-history":[{"count":0,"href":"https:\/\/www.europesays.com\/fr\/wp-json\/wp\/v2\/posts\/457318\/revisions"}],"wp:featuredmedia":[{"embeddable":true,"href":"https:\/\/www.europesays.com\/fr\/wp-json\/wp\/v2\/media\/457319"}],"wp:attachment":[{"href":"https:\/\/www.europesays.com\/fr\/wp-json\/wp\/v2\/media?parent=457318"}],"wp:term":[{"taxonomy":"category","embeddable":true,"href":"https:\/\/www.europesays.com\/fr\/wp-json\/wp\/v2\/categories?post=457318"},{"taxonomy":"post_tag","embeddable":true,"href":"https:\/\/www.europesays.com\/fr\/wp-json\/wp\/v2\/tags?post=457318"}],"curies":[{"name":"wp","href":"https:\/\/api.w.org\/{rel}","templated":true}]}}