{"id":457322,"date":"2025-10-12T11:37:12","date_gmt":"2025-10-12T11:37:12","guid":{"rendered":"https:\/\/www.europesays.com\/fr\/457322\/"},"modified":"2025-10-12T11:37:12","modified_gmt":"2025-10-12T11:37:12","slug":"armes-a-bord-dun-vehicule-signale-vole-deux-individus-interpelles-par-la-police-a-montpellier","status":"publish","type":"post","link":"https:\/\/www.europesays.com\/fr\/457322\/","title":{"rendered":"\u00ab\u00a0Arm\u00e9s \u00e0 bord d\u2019un v\u00e9hicule signal\u00e9 vol\u00e9\u00a0\u00bb\u00a0: deux individus interpell\u00e9s par la police \u00e0 Montpellier"},"content":{"rendered":"<p>\n                                                                Les deux individus se trouvaient \u00e0 bord d\u2019une berline pourvue de fausses plaques d\u2019immatriculation.\n                            <\/p>\n<p>Deux hommes \u00e2g\u00e9s d\u2019une quarantaine d\u2019ann\u00e9es ont attir\u00e9 l\u2019attention d\u2019une patrouille de\u00a0police, \u00e0 Montpellier.<\/p>\n<p>Ils circulaient \u00e0 bord d\u2019une grosse cylindr\u00e9e de marque allemande qui \u00e9tait signal\u00e9e vol\u00e9e.<\/p>\n<p>Les deux hommes \u00e9taient arm\u00e9s<\/p>\n<p>Les faits se sont d\u00e9roul\u00e9s dans la nuit du samedi\u00a011 au dimanche 12\u00a0octobre, vers 2\u00a0heures du matin, rue de Montels-l\u2019Eglise, \u00e0 proximit\u00e9 de Tournezy.<\/p>\n<p>Ils ont \u00e9t\u00e9 interpell\u00e9s et plac\u00e9s en garde \u00e0 vue et seront poursuivis pour recel de vol, usurpation de plaque d\u2019immatriculation et port d\u2019arme.<\/p>\n","protected":false},"excerpt":{"rendered":"Les deux individus se trouvaient \u00e0 bord d\u2019une berline pourvue de fausses plaques d\u2019immatriculation. Deux hommes \u00e2g\u00e9s d\u2019une&hellip;\n","protected":false},"author":2,"featured_media":457323,"comment_status":"","ping_status":"","sticky":false,"template":"","format":"standard","meta":{"footnotes":""},"categories":[9599],"tags":[1111,11,1777,674,1011,27,2208,12,2680,25],"class_list":{"0":"post-457322","1":"post","2":"type-post","3":"status-publish","4":"format-standard","5":"has-post-thumbnail","7":"category-montpellier","8":"tag-actu","9":"tag-actualites","10":"tag-eu","11":"tag-europe","12":"tag-fr","13":"tag-france","14":"tag-montpellier","15":"tag-news","16":"tag-occitanie","17":"tag-republique-francaise"},"share_on_mastodon":{"url":"https:\/\/pubeurope.com\/@fr\/115360998596052080","error":""},"_links":{"self":[{"href":"https:\/\/www.europesays.com\/fr\/wp-json\/wp\/v2\/posts\/457322","targetHints":{"allow":["GET"]}}],"collection":[{"href":"https:\/\/www.europesays.com\/fr\/wp-json\/wp\/v2\/posts"}],"about":[{"href":"https:\/\/www.europesays.com\/fr\/wp-json\/wp\/v2\/types\/post"}],"author":[{"embeddable":true,"href":"https:\/\/www.europesays.com\/fr\/wp-json\/wp\/v2\/users\/2"}],"replies":[{"embeddable":true,"href":"https:\/\/www.europesays.com\/fr\/wp-json\/wp\/v2\/comments?post=457322"}],"version-history":[{"count":0,"href":"https:\/\/www.europesays.com\/fr\/wp-json\/wp\/v2\/posts\/457322\/revisions"}],"wp:featuredmedia":[{"embeddable":true,"href":"https:\/\/www.europesays.com\/fr\/wp-json\/wp\/v2\/media\/457323"}],"wp:attachment":[{"href":"https:\/\/www.europesays.com\/fr\/wp-json\/wp\/v2\/media?parent=457322"}],"wp:term":[{"taxonomy":"category","embeddable":true,"href":"https:\/\/www.europesays.com\/fr\/wp-json\/wp\/v2\/categories?post=457322"},{"taxonomy":"post_tag","embeddable":true,"href":"https:\/\/www.europesays.com\/fr\/wp-json\/wp\/v2\/tags?post=457322"}],"curies":[{"name":"wp","href":"https:\/\/api.w.org\/{rel}","templated":true}]}}