{"id":457328,"date":"2025-10-12T11:40:13","date_gmt":"2025-10-12T11:40:13","guid":{"rendered":"https:\/\/www.europesays.com\/fr\/457328\/"},"modified":"2025-10-12T11:40:13","modified_gmt":"2025-10-12T11:40:13","slug":"coupe-de-france-5e-tour-rouen-versailles-valenciennes-plusieurs-equipes-du-national-eliminees-des-leur-entree-en-lice-en-coupe-de-france","status":"publish","type":"post","link":"https:\/\/www.europesays.com\/fr\/457328\/","title":{"rendered":"Coupe de France (5e tour). Rouen, Versailles, Valenciennes\u00a0: plusieurs \u00e9quipes du National \u00e9limin\u00e9es d\u00e8s leur entr\u00e9e en lice en Coupe de France"},"content":{"rendered":"<p>On ne pensait pas que ce 5e  tour, synonyme d\u2019entr\u00e9e dans la comp\u00e9tition pour les \u00e9quipes du National, ferait un tel strike. Plusieurs formations sont d\u00e9j\u00e0 au tapis, \u00e9limin\u00e9es ce week-end par des clubs bien plus modestes. C\u2019est le cas en premier lieu des deux leaders actuels du championnat\u00a0: Rouen et Versailles. Au contraire <a href=\"https:\/\/www.estrepublicain.fr\/sport\/2025\/10\/11\/le-fc-sochaux-domine-avec-serieux-audincourt-pour-son-entree-en-lice\" target=\"_blank\" rel=\"noopener\">des Sochaliens qui ont fait le boulot samedi contre Audincourt<\/a> (R1), les hommes de R\u00e9gis Brouard, d\u2019abord, ont \u00e9t\u00e9 \u00e9limin\u00e9s sur la plus petite des marges \u00e0 Alen\u00e7on (N3, 1-0) en fin de rencontre.<\/p>\n<p>C\u2019est aussi le cas de Versailles, qui marche fort au troisi\u00e8me \u00e9chelon, battu sur la pelouse d\u2019Ivry (0-1) pourtant adversaire des Francs-Comtois dans le groupe F de National 3 cette saison\u2026 Tout comme Valenciennes, qui a \u00e9t\u00e9 emmen\u00e9e et battue aux tirs au but par Croix (1-1, 3-4 aux t.a.b.), \u00e9galement pensionnaire du N3. Un nouveau coup dur pour les hommes de St\u00e9phane Moulin. Enfin, samedi, Villefranche a aussi \u00e9t\u00e9 sortie par le Sporting Nord Is\u00e8re. Un affront d\u2019autant plus grand que le club \u00e9volue lui\u2026 en R2.<\/p>\n<p>De leur c\u00f4t\u00e9, Caen &#8211; difficilement &#8211; mais aussi QRM, Orl\u00e9ans et Le Puy verront bien le prochain tour.<\/p>\n","protected":false},"excerpt":{"rendered":"On ne pensait pas que ce 5e tour, synonyme d\u2019entr\u00e9e dans la comp\u00e9tition pour les \u00e9quipes du National,&hellip;\n","protected":false},"author":2,"featured_media":457329,"comment_status":"","ping_status":"","sticky":false,"template":"","format":"standard","meta":{"footnotes":""},"categories":[9587],"tags":[1111,11,15922,10332,1777,674,14186,63,1011,27,8027,18279,12,5161,25,9590,517,14185],"class_list":{"0":"post-457328","1":"post","2":"type-post","3":"status-publish","4":"format-standard","5":"has-post-thumbnail","7":"category-rouen","8":"tag-actu","9":"tag-actualites","10":"tag-coupe-de-france-de-football","11":"tag-edition-belfort-hericourt-montbeliard","12":"tag-eu","13":"tag-europe","14":"tag-fc-sochaux-montbeliard","15":"tag-football","16":"tag-fr","17":"tag-france","18":"tag-montbeliard","19":"tag-montbeliard-ville-25b","20":"tag-news","21":"tag-normandie","22":"tag-republique-francaise","23":"tag-rouen","24":"tag-sport","25":"tag-sport-franc-comtois"},"share_on_mastodon":{"url":"https:\/\/pubeurope.com\/@fr\/115361010335298840","error":""},"_links":{"self":[{"href":"https:\/\/www.europesays.com\/fr\/wp-json\/wp\/v2\/posts\/457328","targetHints":{"allow":["GET"]}}],"collection":[{"href":"https:\/\/www.europesays.com\/fr\/wp-json\/wp\/v2\/posts"}],"about":[{"href":"https:\/\/www.europesays.com\/fr\/wp-json\/wp\/v2\/types\/post"}],"author":[{"embeddable":true,"href":"https:\/\/www.europesays.com\/fr\/wp-json\/wp\/v2\/users\/2"}],"replies":[{"embeddable":true,"href":"https:\/\/www.europesays.com\/fr\/wp-json\/wp\/v2\/comments?post=457328"}],"version-history":[{"count":0,"href":"https:\/\/www.europesays.com\/fr\/wp-json\/wp\/v2\/posts\/457328\/revisions"}],"wp:featuredmedia":[{"embeddable":true,"href":"https:\/\/www.europesays.com\/fr\/wp-json\/wp\/v2\/media\/457329"}],"wp:attachment":[{"href":"https:\/\/www.europesays.com\/fr\/wp-json\/wp\/v2\/media?parent=457328"}],"wp:term":[{"taxonomy":"category","embeddable":true,"href":"https:\/\/www.europesays.com\/fr\/wp-json\/wp\/v2\/categories?post=457328"},{"taxonomy":"post_tag","embeddable":true,"href":"https:\/\/www.europesays.com\/fr\/wp-json\/wp\/v2\/tags?post=457328"}],"curies":[{"name":"wp","href":"https:\/\/api.w.org\/{rel}","templated":true}]}}