{"id":457349,"date":"2025-10-12T11:54:21","date_gmt":"2025-10-12T11:54:21","guid":{"rendered":"https:\/\/www.europesays.com\/fr\/457349\/"},"modified":"2025-10-12T11:54:21","modified_gmt":"2025-10-12T11:54:21","slug":"pres-de-bordeaux-un-nouveau-complexe-sportif-avec-un-gymnase-de-1-200m%c2%b2-va-sortir-de-terre","status":"publish","type":"post","link":"https:\/\/www.europesays.com\/fr\/457349\/","title":{"rendered":"Pr\u00e8s de Bordeaux, un nouveau complexe sportif avec un gymnase de 1 200m\u00b2 va sortir de terre"},"content":{"rendered":"<p>            Par<br \/>\n        <strong><br \/>\n            <a href=\"https:\/\/actu.fr\/auteur\/redaction-bordeaux\" title=\"Consulter tous les articles de R\u00e9daction Bordeaux\" rel=\"nofollow noopener\" target=\"_blank\">R\u00e9daction Bordeaux<\/a><br \/>\n        <\/strong><\/p>\n<p>        Publi\u00e9 le<\/p>\n<p>            12 oct. 2025 \u00e0 12h26        <\/p>\n<p>C\u2019est un chantier colossal qui d\u00e9bute. Durant ce mois d\u2019octobre 2025, la Ville de <a href=\"https:\/\/actu.fr\/nouvelle-aquitaine\/begles_33039\" rel=\"nofollow noopener\" target=\"_blank\">B\u00e8gles<\/a> (Gironde) lance la construction d\u2019un nouveau <a href=\"https:\/\/actu.fr\/nouvelle-aquitaine\/bordeaux_33063\/tres-en-vogue-aux-etats-unis-le-premier-complexe-de-pickleball-en-france-a-ouvert-a-bordeaux_62141968.html\" rel=\"nofollow noopener\" target=\"_blank\">complexe sportif<\/a> polyvalent. Ce nouvel \u00e9quipement sera situ\u00e9 \u00e0 c\u00f4t\u00e9 du gymnase Boyer, dans la rue Louis Rochemond.<\/p>\n<p class=\" wall-content\">Il comportera une salle omnisports de 1 200m\u00b2 et deux salles sportives annexes de 150m\u00b2. L\u2019une sera destin\u00e9e aux activit\u00e9s gymnastiques et artistiques et l\u2019autre aux <a href=\"https:\/\/actu.fr\/nouvelle-aquitaine\/lormont_33249\/apres-18-mois-de-travaux-cet-immense-lieu-dedie-aux-sports-de-combat-rouvre-ses-portes-pres-de-bordeaux_63272633.html\" rel=\"nofollow noopener\" target=\"_blank\">sports de combat<\/a>. L\u2019outil pourra accueillir plusieurs comp\u00e9titions de niveau d\u00e9partemental de diff\u00e9rentes disciplines.\u00a0<\/p>\n<p class=\" wall-content\">\u00ab\u00a0Cet \u00e9quipement a pour vocation de favoriser la pratique sportive <br \/>f\u00e9minine et l\u2019inclusion\u00a0\u00bb, indique la municipalit\u00e9 de B\u00e8gles.<\/p>\n<p>Un gymnase \u00e9coresponsable<\/p>\n<p class=\" wall-content\">Avec la cr\u00e9ation de ce complexe, la Ville souhaite avoir \u00ab\u00a0un lieu adapt\u00e9 aux besoins des diff\u00e9rents usagers : scolaires, associations sportives, maison sport sant\u00e9 et des habitants\u00a0\u00bb. La municipalit\u00e9 veut \u00e9galement \u00ab\u00a0promouvoir des disciplines en expansion comme les sports de combat, le sport bien-\u00eatre, les sports collectifs et de raquettes\u00a0\u00bb.\u00a0<\/p>\n<p class=\" wall-content\">L\u2019\u00e9quipement sera aussi respectueux de l\u2019environnement avec un faible bilan carbone lors de sa construction. Des structures en bois, des murs avec une ossature bois\u00e9e ou de la menuiserie en aluminium vont \u00eatre utilis\u00e9s. La toiture est pr\u00e9vue pour accueillir des panneaux photovolta\u00efques. L\u2019ouverture du site est pr\u00e9vue pour le d\u00e9but de la saison sportive <strong>2026<\/strong>. Co\u00fbt de l\u2019op\u00e9ration : <strong>6,5 millions d\u2019euros<\/strong>.<\/p>\n<p class=\" wall-content\">Personnalisez votre actualit\u00e9 en ajoutant vos villes et m\u00e9dias en favori avec <a href=\"https:\/\/moncompte.actu.fr\" title=\"D\u00e9couvez Mon Actu\" rel=\"nofollow noopener\" data-trk=\"{&quot;cta&quot;:{&quot;action&quot;:&quot;https:\\\/\\\/moncompte.actu.fr&quot;,&quot;category&quot;:&quot;mon compte&quot;,&quot;from&quot;:&quot;article footer&quot;,&quot;name&quot;:&quot;Mon actu&quot;,&quot;type&quot;:&quot;cta&quot;}}\" target=\"_blank\">Mon Actu<\/a>.<\/p>\n","protected":false},"excerpt":{"rendered":"Par R\u00e9daction Bordeaux Publi\u00e9 le 12 oct. 2025 \u00e0 12h26 C\u2019est un chantier colossal qui d\u00e9bute. Durant ce&hellip;\n","protected":false},"author":2,"featured_media":457350,"comment_status":"","ping_status":"","sticky":false,"template":"","format":"standard","meta":{"footnotes":""},"categories":[2817],"tags":[1111,11,1997,1777,674,1011,27,12,2219,25,60,2086],"class_list":{"0":"post-457349","1":"post","2":"type-post","3":"status-publish","4":"format-standard","5":"has-post-thumbnail","7":"category-bordeaux","8":"tag-actu","9":"tag-actualites","10":"tag-bordeaux","11":"tag-eu","12":"tag-europe","13":"tag-fr","14":"tag-france","15":"tag-news","16":"tag-nouvelle-aquitaine","17":"tag-republique-francaise","18":"tag-sports","19":"tag-travaux"},"share_on_mastodon":{"url":"https:\/\/pubeurope.com\/@fr\/115361065552340992","error":""},"_links":{"self":[{"href":"https:\/\/www.europesays.com\/fr\/wp-json\/wp\/v2\/posts\/457349","targetHints":{"allow":["GET"]}}],"collection":[{"href":"https:\/\/www.europesays.com\/fr\/wp-json\/wp\/v2\/posts"}],"about":[{"href":"https:\/\/www.europesays.com\/fr\/wp-json\/wp\/v2\/types\/post"}],"author":[{"embeddable":true,"href":"https:\/\/www.europesays.com\/fr\/wp-json\/wp\/v2\/users\/2"}],"replies":[{"embeddable":true,"href":"https:\/\/www.europesays.com\/fr\/wp-json\/wp\/v2\/comments?post=457349"}],"version-history":[{"count":0,"href":"https:\/\/www.europesays.com\/fr\/wp-json\/wp\/v2\/posts\/457349\/revisions"}],"wp:featuredmedia":[{"embeddable":true,"href":"https:\/\/www.europesays.com\/fr\/wp-json\/wp\/v2\/media\/457350"}],"wp:attachment":[{"href":"https:\/\/www.europesays.com\/fr\/wp-json\/wp\/v2\/media?parent=457349"}],"wp:term":[{"taxonomy":"category","embeddable":true,"href":"https:\/\/www.europesays.com\/fr\/wp-json\/wp\/v2\/categories?post=457349"},{"taxonomy":"post_tag","embeddable":true,"href":"https:\/\/www.europesays.com\/fr\/wp-json\/wp\/v2\/tags?post=457349"}],"curies":[{"name":"wp","href":"https:\/\/api.w.org\/{rel}","templated":true}]}}