{"id":457357,"date":"2025-10-12T11:58:17","date_gmt":"2025-10-12T11:58:17","guid":{"rendered":"https:\/\/www.europesays.com\/fr\/457357\/"},"modified":"2025-10-12T11:58:17","modified_gmt":"2025-10-12T11:58:17","slug":"lille-previsions-meteo-du-dimanche-12-octobre-2025","status":"publish","type":"post","link":"https:\/\/www.europesays.com\/fr\/457357\/","title":{"rendered":"Lille : pr\u00e9visions m\u00e9t\u00e9o du dimanche 12 octobre 2025"},"content":{"rendered":"<p>\u00c0 Lille, la journ\u00e9e de dimanche 12 octobre 2025 restera tr\u00e8s nuageuse mais s\u00e8che, avec des temp\u00e9ratures douces comprises entre 14 et 17 \u00b0C. Le vent l\u00e9ger et la pression \u00e9lev\u00e9e assurent une atmosph\u00e8re stable malgr\u00e9 une faible luminosit\u00e9.<\/p>\n<p>    Matin : grisaille persistante avant un lever de soleil tardif<\/p>\n<p>\u00c0 09 h, le ciel lillois demeure <b>tr\u00e8s nuageux<\/b>. Bien que le soleil se soit lev\u00e9 \u00e0 08 h 06, il reste masqu\u00e9 derri\u00e8re les nuages. Le thermom\u00e8tre indique <b>14 \u00b0C<\/b>, pour un ressenti de 12 \u00b0C. L\u2019humidit\u00e9 atteint 76 %, cr\u00e9ant une atmosph\u00e8re fra\u00eeche et l\u00e9g\u00e8rement humide.<\/p>\n<p>La pression, \u00e9lev\u00e9e \u00e0 <b>1032 hPa<\/b>, confirme la pr\u00e9sence d\u2019un blocage anticyclonique. Le vent d\u2019est-nord-est souffle discr\u00e8tement autour de 9 km\/h. Aucune pluie n\u2019est attendue : il est donc possible de pr\u00e9voir des trajets \u00e0 v\u00e9lo ou une visite au march\u00e9 sans parapluie.<\/p>\n<p>Apr\u00e8s-midi : douceur mod\u00e9r\u00e9e sous la chape nuageuse<\/p>\n<p>\u00c0 15 h, la couverture nuageuse reste uniforme. La temp\u00e9rature grimpe l\u00e9g\u00e8rement pour atteindre <b>16 \u00b0C<\/b>, ressentie \u00e0 14 \u00b0C. L\u2019humidit\u00e9 descend \u00e0 63 %, offrant une sensation moins humide mais toujours fra\u00eeche pour la saison.<\/p>\n<p>Le vent s\u2019oriente plein nord-est et se renforce un peu, atteignant 13 km\/h en moyenne. Aucun risque de pluie \u00e0 l\u2019horizon, aucune pr\u00e9caution particuli\u00e8re n\u2019est donc requise. La luminosit\u00e9 demeurera faible : pensez \u00e0 pr\u00e9voir un \u00e9clairage adapt\u00e9 pour vos d\u00e9placements domicile-travail.<\/p>\n<ul>\n<li><b>Temp\u00e9rature maximale du jour : 17 \u00b0C<\/b><\/li>\n<li>Rafales significatives absentes<\/li>\n<li>Indice de pluie nul, sols secs toute la journ\u00e9e<\/li>\n<\/ul>\n<p>Soir : grisaille tenace jusqu\u2019au coucher du soleil<\/p>\n<p>Le soleil se couchera \u00e0 19 h 01, toujours dissimul\u00e9 derri\u00e8re une \u00e9paisse couche nuageuse. \u00c0 21 h, le thermom\u00e8tre reste stable \u00e0 <b>16 \u00b0C<\/b>, pour un ressenti de 14 \u00b0C, accompagn\u00e9 de 74 % d\u2019humidit\u00e9.<\/p>\n<p>Le vent reprend une orientation est-nord-est, autour de 12 km\/h. Les conditions routi\u00e8res restent favorables ; aucun brouillard ni averse n\u2019est \u00e0 pr\u00e9voir. Les temp\u00e9ratures douces permettent encore de profiter des terrasses couvertes en soir\u00e9e.<\/p>\n<p>Bilan chiffr\u00e9 de la journ\u00e9e<\/p>\n<tr>MomentTemp \u00b0CRessenti \u00b0CHumidit\u00e9 %Vent km\/h<\/tr>\n<tr>\n<td>09 h<\/td>\n<td>14<\/td>\n<td>12<\/td>\n<td>76<\/td>\n<td>9<\/td>\n<\/tr>\n<tr>\n<td>15 h<\/td>\n<td>16<\/td>\n<td>14<\/td>\n<td>63<\/td>\n<td>13<\/td>\n<\/tr>\n<tr>\n<td>21 h<\/td>\n<td>16<\/td>\n<td>14<\/td>\n<td>74<\/td>\n<td>12<\/td>\n<\/tr>\n<p>Les faibles variations entre le matin, l\u2019apr\u00e8s-midi et la soir\u00e9e traduisent une masse d\u2019air homog\u00e8ne, caract\u00e9ristique d\u2019un r\u00e9gime anticyclonique automnal.<\/p>\n<p>Tendance g\u00e9n\u00e9rale pour demain<\/p>\n<p>Le 13 octobre s\u2019annonce tout aussi nuageux, sans pluie attendue. Les temp\u00e9ratures oscilleront entre <b>14 \u00b0C et 18 \u00b0C<\/b>, pour un ressenti de 13 \u00b0C \u00e0 17 \u00b0C. L\u2019humidit\u00e9 moyenne grimpera \u00e0 80 %, tandis que la pression baissera l\u00e9g\u00e8rement vers 1024 hPa.<\/p>\n<p>Le vent de nord-est se maintiendra autour de 14 km\/h. La nuit prochaine d\u00e9butera sous un ciel variable et 15 \u00b0C, conditions propices aux sorties tardives. Aucune perturbation active n\u2019est pr\u00e9vue, ce qui confirme la stabilit\u00e9 de l\u2019atmosph\u00e8re.<\/p>\n<p>Pour suivre l\u2019\u00e9volution heure par heure, consultez <a href=\"https:\/\/www.meteocity.com\/france\/lille-v2998324\" rel=\"nofollow noopener\" target=\"_blank\">notre page d\u00e9di\u00e9e \u00e0 Lille<\/a>. Les passionn\u00e9s de patrimoine trouveront \u00e9galement des id\u00e9es de visites sur <a href=\"https:\/\/www.meteocity.com\/france\/lille-v2998324\/tourisme\" rel=\"nofollow noopener\" target=\"_blank\">notre page tourisme<\/a>.<\/p>\n","protected":false},"excerpt":{"rendered":"\u00c0 Lille, la journ\u00e9e de dimanche 12 octobre 2025 restera tr\u00e8s nuageuse mais s\u00e8che, avec des temp\u00e9ratures douces&hellip;\n","protected":false},"author":2,"featured_media":457358,"comment_status":"","ping_status":"","sticky":false,"template":"","format":"standard","meta":{"footnotes":""},"categories":[2815],"tags":[1111,11,1777,674,1011,27,811,1307,12,25],"class_list":{"0":"post-457357","1":"post","2":"type-post","3":"status-publish","4":"format-standard","5":"has-post-thumbnail","7":"category-lille","8":"tag-actu","9":"tag-actualites","10":"tag-eu","11":"tag-europe","12":"tag-fr","13":"tag-france","14":"tag-hauts-de-france","15":"tag-lille","16":"tag-news","17":"tag-republique-francaise"},"share_on_mastodon":{"url":"https:\/\/pubeurope.com\/@fr\/115361081233369987","error":""},"_links":{"self":[{"href":"https:\/\/www.europesays.com\/fr\/wp-json\/wp\/v2\/posts\/457357","targetHints":{"allow":["GET"]}}],"collection":[{"href":"https:\/\/www.europesays.com\/fr\/wp-json\/wp\/v2\/posts"}],"about":[{"href":"https:\/\/www.europesays.com\/fr\/wp-json\/wp\/v2\/types\/post"}],"author":[{"embeddable":true,"href":"https:\/\/www.europesays.com\/fr\/wp-json\/wp\/v2\/users\/2"}],"replies":[{"embeddable":true,"href":"https:\/\/www.europesays.com\/fr\/wp-json\/wp\/v2\/comments?post=457357"}],"version-history":[{"count":0,"href":"https:\/\/www.europesays.com\/fr\/wp-json\/wp\/v2\/posts\/457357\/revisions"}],"wp:featuredmedia":[{"embeddable":true,"href":"https:\/\/www.europesays.com\/fr\/wp-json\/wp\/v2\/media\/457358"}],"wp:attachment":[{"href":"https:\/\/www.europesays.com\/fr\/wp-json\/wp\/v2\/media?parent=457357"}],"wp:term":[{"taxonomy":"category","embeddable":true,"href":"https:\/\/www.europesays.com\/fr\/wp-json\/wp\/v2\/categories?post=457357"},{"taxonomy":"post_tag","embeddable":true,"href":"https:\/\/www.europesays.com\/fr\/wp-json\/wp\/v2\/tags?post=457357"}],"curies":[{"name":"wp","href":"https:\/\/api.w.org\/{rel}","templated":true}]}}