{"id":457371,"date":"2025-10-12T12:06:17","date_gmt":"2025-10-12T12:06:17","guid":{"rendered":"https:\/\/www.europesays.com\/fr\/457371\/"},"modified":"2025-10-12T12:06:17","modified_gmt":"2025-10-12T12:06:17","slug":"les-origines-de-paris-une-immersion-dans-2-000-ans-dhistoire-grace-a-la-realite-virtuelle","status":"publish","type":"post","link":"https:\/\/www.europesays.com\/fr\/457371\/","title":{"rendered":"\u00ab\u00a0Les origines de Paris\u00a0\u00bb, une immersion dans 2.000 ans d&rsquo;histoire gr\u00e2ce \u00e0 la r\u00e9alit\u00e9 virtuelle"},"content":{"rendered":"<ul class=\"jsx-862013697 ArticleChapo__List\">\n<li class=\"jsx-862013697 ArticleChapo__List_Item flex\">L&rsquo;entreprise Timescope a produit l&rsquo;exp\u00e9rience \u00ab\u00a0Les origines de Paris\u00a0\u00bb.<\/li>\n<li class=\"jsx-862013697 ArticleChapo__List_Item flex\">Cette visite en r\u00e9alit\u00e9 virtuelle propose de retracer 2.000 ans d&rsquo;histoire de la capitale.<\/li>\n<li class=\"jsx-862013697 ArticleChapo__List_Item flex\">LCI a test\u00e9 pour vous &#8211; une chronique \u00e0 retrouver dans la vid\u00e9o en t\u00eate de cet article.<\/li>\n<\/ul>\n<p><a href=\"https:\/\/www.tf1info.fr\/emissions\/lci\/la-matinale-14333\/\" rel=\"noopener\" class=\"jsx-484472199 Link jsx-1428418400 jsx-640816507\" target=\"_blank\"><\/p>\n<p style=\"font-weight:400\" class=\"jsx-1837267516\">Suivez la couverture compl\u00e8te<\/p>\n<p style=\"font-weight:800\" class=\"jsx-1837267516\">La Matinale<\/p>\n<p><\/a><\/p>\n<p data-module=\"article-paragraph\" class=\"jsx-3046738180 Paragraph\">\u00c0 quoi ressemblait <a href=\"https:\/\/www.tf1info.fr\/justice-faits-divers\/paris-une-explosion-dans-un-local-d-orange-fait-trois-blesses-dont-deux-graves-2399619.html\" target=\"_blank\" rel=\"noopener\">Paris  (nouvelle fen\u00eatre)<\/a>il y a 200 \u00a0ans ? 500 ans ? Voire plus de 1.000 ans ? Il est d\u00e9sormais possible de le d\u00e9couvrir, et presque de le vivre. Le parcours \u00ab\u00a0<a href=\"https:\/\/originesdeparis.com\/\" target=\"_blank\" rel=\"nofollow noopener\">Les origines de Paris (nouvelle fen\u00eatre)<\/a>\u00a0\u00bb permet de revivre l&rsquo;histoire de la capitale gr\u00e2ce \u00e0 une casque de r\u00e9alit\u00e9 virtuelle et une reconstitution de diff\u00e9rentes \u00e9poques. D\u00e9couvrez des images de ce quasi-voyage dans le temps dans la vid\u00e9o en t\u00eate de cet article.<\/p>\n<p data-module=\"article-paragraph\" class=\"jsx-3046738180 Paragraph Paragraph__End\">Pendant une heure, on traverse 2000 ans d&rsquo;histoire, allant de la zone mar\u00e9cageuse qu&rsquo;\u00e9tait <a href=\"https:\/\/www.tf1info.fr\/environnement-ecologie\/aurin-vuna-nexus-un-tres-bon-fertilisant-a-paris-l-agence-spatiale-europeenne-transforme-votre-urine-en-engrais-naturel-2398804.html\" target=\"_blank\" rel=\"noopener\">Paris  (nouvelle fen\u00eatre)<\/a>avant sa construction, aux ann\u00e9es folles, en passant par la construction de Notre-Dame, la R\u00e9volution fran\u00e7aise, l&rsquo;exposition universelle ou encore la crue de 1910. On peut m\u00eame d\u00e9couvrir les attaques vikings \u00e0 Paris. Ces images ont \u00e9t\u00e9 recr\u00e9es \u00e0 partir d&rsquo;images d&rsquo;archives et du travail d&rsquo;historien et scientifique. Une exp\u00e9rience qui co\u00fbte 28 euros au plein tarif, et 19 euros pour les 8-15 ans.<\/p>\n<p><a href=\"https:\/\/www.tf1info.fr\/environnement-ecologie\/beaucoup-se-croient-epargnes-paris-organise-un-exercice-sur-les-inondations-avec-une-seine-a-plus-de-7-metres-2400085.html\" rel=\"noopener\" class=\"jsx-3308031228 Link flex\" target=\"_blank\"><img decoding=\"async\" src=\"https:\/\/www.europesays.com\/fr\/wp-content\/uploads\/2025\/10\/paris-seine-crue-avril-2024-bd8427-0@1x.jpeg\" alt=\"DIMITAR DILKOFF \/ AFP\" loading=\"lazy\" importance=\"low\" fetchpriority=\"low\" class=\"\" aria-hidden=\"true\"\/><\/p>\n<p class=\"jsx-3657663356 ReadMoreArticle__Title\">Lire aussi<\/p>\n<p class=\"jsx-3657663356\">\u00ab\u00a0Beaucoup se croient \u00e9pargn\u00e9s\u00a0\u00bb : Paris va simuler lundi une inondation comme celle de 1910 pour sensibiliser<\/p>\n<p><\/a><\/p>\n<p data-module=\"article-paragraph\" class=\"jsx-3046738180 Paragraph\">\u00ab\u00a0C&rsquo;est une opportunit\u00e9 extraordinaire d&rsquo;amener des nouveaux publics qui vont peut-\u00eatre un petit peu moins au mus\u00e9e et qui vont se dire, en fait, je vais vivre une exp\u00e9rience avec une forme de transmission qui va \u00eatre diff\u00e9rente, qui va \u00eatre peut-\u00eatre plus accessible, qui va me cr\u00e9er des \u00e9motions\u00a0\u00bb, explique Adrien Sadaka, pr\u00e9sident de Timescope, l&rsquo;entreprise \u00e0 l&rsquo;origine de ce parcours en r\u00e9alit\u00e9 virtuelle. \u00ab\u00a0De l&rsquo;autre c\u00f4t\u00e9, on a aussi des gens qui vont beaucoup dans des mus\u00e9es et qui cherchent \u00e0 vivre une exp\u00e9rience diff\u00e9rente de ce dont ils ont l&rsquo;habitude.\u00a0\u00bb<\/p>\n<p data-module=\"article-paragraph\" class=\"jsx-3046738180 Paragraph Paragraph__End\">\u00ab\u00a0\u00c7a nous fait aussi voir des choses qu&rsquo;on ne voit plus. \u00c7a me donne envie, \u00e0 l&rsquo;issue de l&rsquo;exp\u00e9rience en fait, de vraiment regarder ce que j&rsquo;ai autour de moi, parce que quand m\u00eame, la ville est dingue\u00a0\u00bb, confie une parisienne apr\u00e8s avoir fait l&rsquo;exp\u00e9rience des \u00ab\u00a0Origines de Paris\u00a0\u00bb.<\/p>\n<p>Ga\u00eblle SHEEHAN<\/p>\n","protected":false},"excerpt":{"rendered":"L&rsquo;entreprise Timescope a produit l&rsquo;exp\u00e9rience \u00ab\u00a0Les origines de Paris\u00a0\u00bb. Cette visite en r\u00e9alit\u00e9 virtuelle propose de retracer 2.000&hellip;\n","protected":false},"author":2,"featured_media":457372,"comment_status":"","ping_status":"","sticky":false,"template":"","format":"standard","meta":{"footnotes":""},"categories":[1888],"tags":[1111,1928,11,1927,1921,1777,674,1011,27,1922,6225,12,1926,626,1925,25,10076,21573,133,58243],"class_list":{"0":"post-457371","1":"post","2":"type-post","3":"status-publish","4":"format-standard","5":"has-post-thumbnail","7":"category-paris","8":"tag-actu","9":"tag-actu-paris","10":"tag-actualites","11":"tag-actualites-paris","12":"tag-article-video","13":"tag-eu","14":"tag-europe","15":"tag-fr","16":"tag-france","17":"tag-info","18":"tag-la-matinale","19":"tag-news","20":"tag-news-paris","21":"tag-paris","22":"tag-paris-news","23":"tag-republique-francaise","24":"tag-sorties-culturelles","25":"tag-tourisme-et-loisirs","26":"tag-video","27":"tag-video-nouvelles-technologies"},"share_on_mastodon":{"url":"https:\/\/pubeurope.com\/@fr\/115361112767744750","error":""},"_links":{"self":[{"href":"https:\/\/www.europesays.com\/fr\/wp-json\/wp\/v2\/posts\/457371","targetHints":{"allow":["GET"]}}],"collection":[{"href":"https:\/\/www.europesays.com\/fr\/wp-json\/wp\/v2\/posts"}],"about":[{"href":"https:\/\/www.europesays.com\/fr\/wp-json\/wp\/v2\/types\/post"}],"author":[{"embeddable":true,"href":"https:\/\/www.europesays.com\/fr\/wp-json\/wp\/v2\/users\/2"}],"replies":[{"embeddable":true,"href":"https:\/\/www.europesays.com\/fr\/wp-json\/wp\/v2\/comments?post=457371"}],"version-history":[{"count":0,"href":"https:\/\/www.europesays.com\/fr\/wp-json\/wp\/v2\/posts\/457371\/revisions"}],"wp:featuredmedia":[{"embeddable":true,"href":"https:\/\/www.europesays.com\/fr\/wp-json\/wp\/v2\/media\/457372"}],"wp:attachment":[{"href":"https:\/\/www.europesays.com\/fr\/wp-json\/wp\/v2\/media?parent=457371"}],"wp:term":[{"taxonomy":"category","embeddable":true,"href":"https:\/\/www.europesays.com\/fr\/wp-json\/wp\/v2\/categories?post=457371"},{"taxonomy":"post_tag","embeddable":true,"href":"https:\/\/www.europesays.com\/fr\/wp-json\/wp\/v2\/tags?post=457371"}],"curies":[{"name":"wp","href":"https:\/\/api.w.org\/{rel}","templated":true}]}}