{"id":457377,"date":"2025-10-12T12:09:24","date_gmt":"2025-10-12T12:09:24","guid":{"rendered":"https:\/\/www.europesays.com\/fr\/457377\/"},"modified":"2025-10-12T12:09:24","modified_gmt":"2025-10-12T12:09:24","slug":"a-73-ans-vladimir-poutine-reve-dimmortalite","status":"publish","type":"post","link":"https:\/\/www.europesays.com\/fr\/457377\/","title":{"rendered":"A 73\u00a0ans, Vladimir Poutine r\u00eave d\u2019immortalit\u00e9"},"content":{"rendered":"<p>                         <img loading=\"lazy\" decoding=\"async\" src=\"https:\/\/www.europesays.com\/fr\/wp-content\/uploads\/2025\/10\/d0a7155_ftp-import-images-1-k6git1nqst8e-49298921eb0d408b8168e30b8576ae6e-0-d3f3a238b2d4402a86c2cfda.jpeg\" alt=\"Le pr\u00e9sident russe, Vladimir Poutine, au Kremlin, \u00e0 Moscou, le 6\u00a0octobre\u00a02025.\"   width=\"664\" height=\"443\"\/>    Le pr\u00e9sident russe, Vladimir Poutine, au Kremlin, \u00e0 Moscou, le 6\u00a0octobre\u00a02025.  ALEXANDER KAZAKOV\/SPUTNIK\/AP                 <\/p>\n<p class=\"article__paragraph  \">Le jour de son 73e anniversaire, mardi 7\u00a0octobre, Vladimir Poutine a pr\u00e9vu de travailler comme si de rien n\u2019\u00e9tait, menant une r\u00e9union \u00ab\u00a0op\u00e9rationnelle\u00a0\u00bb du Conseil de s\u00e9curit\u00e9 nationale, recevant \u00ab\u00a0plusieurs appels internationaux\u00a0\u00bb, selon l\u2019agence TASS, experte dans l\u2019art d\u2019entretenir le mythe du dirigeant sans cesse en action. Un mythe que Dmitri Peskov, le porte-parole du Kremlin, avait renforc\u00e9 peu auparavant en r\u00e9v\u00e9lant que le pr\u00e9sident n\u2019avait pas pris de vacances cette ann\u00e9e. \u00ab\u00a0Son agenda ne pr\u00e9voit pas de cong\u00e9s complets, \u00e7a n\u2019arrive presque jamais. La fonction de chef de l\u2019Etat n\u2019autorise pas les vacances\u00a0\u00bb, avait-il d\u00e9clar\u00e9 dans une interview \u00e0 une cha\u00eene Telegram, le 1er\u00a0ao\u00fbt.<\/p>\n<p class=\"article__paragraph  \">Tout \u00e0 la conduite de son \u00ab\u00a0op\u00e9ration sp\u00e9ciale\u00a0\u00bb en Ukraine, Vladimir Poutine ne craint pas le surmenage. Et ce, malgr\u00e9 son \u00e2ge, assez avanc\u00e9 au regard des crit\u00e8res nationaux \u2013\u00a0atteindre 73\u00a0ans pour un homme en Russie est plut\u00f4t rare, l\u2019esp\u00e9rance moyenne masculine \u00e9tant de 68\u00a0ans, selon des donn\u00e9es du service f\u00e9d\u00e9ral des statistiques Rosstat de 2024.<\/p>\n<p class=\"article__paragraph  \">Son mandat \u00e0 la t\u00eate du pays est d\u2019ailleurs pr\u00e9vu pour durer. En fonctions depuis mars\u00a02000 (comme pr\u00e9sident de la F\u00e9d\u00e9ration de Russie, avec un interm\u00e8de comme premier ministre de<strong> <\/strong>Dmitri Medvedev de 2008 \u00e0 2012), M.\u00a0Poutine peut, <a href=\"https:\/\/www.lemonde.fr\/international\/article\/2020\/07\/01\/le-president-russe-vladimir-poutine-remporte-son-referendum_6044875_3210.html\" rel=\"nofollow noopener\" target=\"_blank\">selon les amendements constitutionnels adopt\u00e9s par r\u00e9f\u00e9rendum en\u00a02020<\/a>, se faire \u00e9lire jusqu\u2019en\u00a02036. Il aura alors 83\u00a0ans.<\/p>\n<p class=\"reading-mode-only \"><strong>Il vous reste 70.13% de cet article \u00e0 lire. La suite est r\u00e9serv\u00e9e aux abonn\u00e9s.<\/strong><\/p>\n","protected":false},"excerpt":{"rendered":"Le pr\u00e9sident russe, Vladimir Poutine, au Kremlin, \u00e0 Moscou, le 6\u00a0octobre\u00a02025. ALEXANDER KAZAKOV\/SPUTNIK\/AP Le jour de son 73e&hellip;\n","protected":false},"author":2,"featured_media":457378,"comment_status":"","ping_status":"","sticky":false,"template":"","format":"standard","meta":{"footnotes":""},"categories":[1591],"tags":[11,1887,12,1885,1886,132],"class_list":{"0":"post-457377","1":"post","2":"type-post","3":"status-publish","4":"format-standard","5":"has-post-thumbnail","7":"category-russie","8":"tag-actualites","9":"tag-federation-de-russie","10":"tag-news","11":"tag-russia","12":"tag-russian-federation","13":"tag-russie"},"share_on_mastodon":{"url":"https:\/\/pubeurope.com\/@fr\/115361124501354800","error":""},"_links":{"self":[{"href":"https:\/\/www.europesays.com\/fr\/wp-json\/wp\/v2\/posts\/457377","targetHints":{"allow":["GET"]}}],"collection":[{"href":"https:\/\/www.europesays.com\/fr\/wp-json\/wp\/v2\/posts"}],"about":[{"href":"https:\/\/www.europesays.com\/fr\/wp-json\/wp\/v2\/types\/post"}],"author":[{"embeddable":true,"href":"https:\/\/www.europesays.com\/fr\/wp-json\/wp\/v2\/users\/2"}],"replies":[{"embeddable":true,"href":"https:\/\/www.europesays.com\/fr\/wp-json\/wp\/v2\/comments?post=457377"}],"version-history":[{"count":0,"href":"https:\/\/www.europesays.com\/fr\/wp-json\/wp\/v2\/posts\/457377\/revisions"}],"wp:featuredmedia":[{"embeddable":true,"href":"https:\/\/www.europesays.com\/fr\/wp-json\/wp\/v2\/media\/457378"}],"wp:attachment":[{"href":"https:\/\/www.europesays.com\/fr\/wp-json\/wp\/v2\/media?parent=457377"}],"wp:term":[{"taxonomy":"category","embeddable":true,"href":"https:\/\/www.europesays.com\/fr\/wp-json\/wp\/v2\/categories?post=457377"},{"taxonomy":"post_tag","embeddable":true,"href":"https:\/\/www.europesays.com\/fr\/wp-json\/wp\/v2\/tags?post=457377"}],"curies":[{"name":"wp","href":"https:\/\/api.w.org\/{rel}","templated":true}]}}