{"id":45738,"date":"2025-04-23T05:03:08","date_gmt":"2025-04-23T05:03:08","guid":{"rendered":"https:\/\/www.europesays.com\/fr\/45738\/"},"modified":"2025-04-23T05:03:08","modified_gmt":"2025-04-23T05:03:08","slug":"lille-3-500-maillots-de-football-vintage-vont-etre-proposes-dans-cette-boutique","status":"publish","type":"post","link":"https:\/\/www.europesays.com\/fr\/45738\/","title":{"rendered":"Lille. 3 500 maillots de football vintage vont \u00eatre propos\u00e9s dans cette boutique\u00a0!"},"content":{"rendered":"<p>            Par<br \/>\n        <strong><br \/>\n            <a href=\"https:\/\/actu.fr\/auteur\/nicolas-demollien\" title=\"Consulter tous les articles de Nicolas Demollien\" target=\"_blank\" rel=\"noopener\">Nicolas Demollien<\/a><br \/>\n        <\/strong><\/p>\n<p>        Publi\u00e9 le<\/p>\n<p>            23 avr. 2025 \u00e0 6h30        <\/p>\n<p>Vous allez pouvoir vous faire plaisir et <b>d\u00e9nicher de v\u00e9ritables petites p\u00e9pites<\/b> ! \u00c0 partir de ce samedi 26 avril 2025, une <b>boutique \u00e9ph\u00e9m\u00e8re<\/b> de <b>maillots de football vintage<\/b> va ouvrir ses portes \u00e0 <a href=\"https:\/\/actu.fr\/hauts-de-france\/lille_59350\" target=\"_blank\" rel=\"noopener\">Lille<\/a> (Nord). <b>3 500 pi\u00e8ces d\u2019exception<\/b> y seront propos\u00e9es jusqu\u2019au samedi 3 mai. D\u00e9tails.<\/p>\n<p>Des maillots de football vintage propos\u00e9s dans une boutique \u00e9ph\u00e9m\u00e8re \u00e0 Lille<\/p>\n<p class=\" wall-content\">Cette <b>grande vente exceptionnelle<\/b> est propos\u00e9e par l\u2019entreprise <b>Football Shirt Vintage<\/b>. Comme lors des deux pr\u00e9c\u00e9dentes \u00e9ditions de cet \u00e9v\u00e9nement, la vente se d\u00e9roulera <b>\u00e0 la Djadja House situ\u00e9e dans le Vieux-Lille<\/b>, au 55, rue de la Barre. L\u2019an pass\u00e9, plus de 5 000 visiteurs s\u2019\u00e9taient rendus sur place.\u00a0<\/p>\n<p class=\" wall-content\">Il faut dire que c\u2019est une occasion unique pour les amoureux de football et les nostalgiques \u00ab\u00a0avec des <b>pi\u00e8ces rares allant des ann\u00e9es 1980 aux mod\u00e8les contemporains<\/b>\u00ab\u00a0, promet l\u2019entreprise cr\u00e9\u00e9e Jonathan Petit, le passionn\u00e9 derri\u00e8re Football Shirt Vintage.\u00a0<\/p>\n<p class=\" wall-content\">\u00ab\u00a0Lille est une ville qui respire le football. Nous sommes fiers de revenir pour cette troisi\u00e8me \u00e9dition, o\u00f9 nous invitons chacun \u00e0 non seulement d\u00e9couvrir des maillots d\u2019exception mais \u00e9galement, nouveaut\u00e9 cette ann\u00e9e, \u00e0 revendre les maillots qui dorment dans leurs placards. C\u2019est bien plus qu\u2019une boutique, c\u2019est une exp\u00e9rience unique\u00a0\u00bb.<\/p>\n<p class=\" wall-content\">\u00c0 bon entendeur !<\/p>\n<p>Vid\u00e9os : en ce moment sur Actu<br \/>\n    <a href=\"https:\/\/www.facebook.com\/plugins\/video.php?height=476&amp;href=https%3A%2F%2Fwww.facebook.com%2Freel%2F700764065797209%2F&amp;show_text=false&amp;width=350&amp;t=0\" title=\"Ouvrie le lien\" target=\"_blank\" rel=\"noopener\">Cliquez ici pour visualiser le contenu<\/a><\/p>\n<p class=\" wall-content\">Plus d\u2019infos sur le site <a href=\"https:\/\/tshirt-football-vintage.com\/\" target=\"_blank\" rel=\"noopener\">tshirt-football-vintage.com<\/a><\/p>\n<p class=\" wall-content\">Suivez toute l\u2019actualit\u00e9 de vos villes et m\u00e9dias favoris en vous inscrivant \u00e0 <a href=\"https:\/\/moncompte.actu.fr\" title=\"D\u00e9couvez Mon Actu\" rel=\"nofollow noopener\" data-trk=\"{&quot;cta&quot;:{&quot;action&quot;:&quot;https:\\\/\\\/moncompte.actu.fr&quot;,&quot;category&quot;:&quot;mon compte&quot;,&quot;from&quot;:&quot;article footer&quot;,&quot;name&quot;:&quot;Mon actu&quot;,&quot;type&quot;:&quot;cta&quot;}}\" target=\"_blank\">Mon Actu<\/a>.<\/p>\n","protected":false},"excerpt":{"rendered":"Par Nicolas Demollien Publi\u00e9 le 23 avr. 2025 \u00e0 6h30 Vous allez pouvoir vous faire plaisir et d\u00e9nicher&hellip;\n","protected":false},"author":2,"featured_media":45739,"comment_status":"","ping_status":"","sticky":false,"template":"","format":"standard","meta":{"footnotes":""},"categories":[2815],"tags":[1111,11,13207,1777,674,1011,27,811,1307,1652,12,25],"class_list":{"0":"post-45738","1":"post","2":"type-post","3":"status-publish","4":"format-standard","5":"has-post-thumbnail","7":"category-lille","8":"tag-actu","9":"tag-actualites","10":"tag-collections","11":"tag-eu","12":"tag-europe","13":"tag-fr","14":"tag-france","15":"tag-hauts-de-france","16":"tag-lille","17":"tag-loisirs-culture","18":"tag-news","19":"tag-republique-francaise"},"share_on_mastodon":{"url":"https:\/\/pubeurope.com\/@fr\/114385531885809730","error":""},"_links":{"self":[{"href":"https:\/\/www.europesays.com\/fr\/wp-json\/wp\/v2\/posts\/45738","targetHints":{"allow":["GET"]}}],"collection":[{"href":"https:\/\/www.europesays.com\/fr\/wp-json\/wp\/v2\/posts"}],"about":[{"href":"https:\/\/www.europesays.com\/fr\/wp-json\/wp\/v2\/types\/post"}],"author":[{"embeddable":true,"href":"https:\/\/www.europesays.com\/fr\/wp-json\/wp\/v2\/users\/2"}],"replies":[{"embeddable":true,"href":"https:\/\/www.europesays.com\/fr\/wp-json\/wp\/v2\/comments?post=45738"}],"version-history":[{"count":0,"href":"https:\/\/www.europesays.com\/fr\/wp-json\/wp\/v2\/posts\/45738\/revisions"}],"wp:featuredmedia":[{"embeddable":true,"href":"https:\/\/www.europesays.com\/fr\/wp-json\/wp\/v2\/media\/45739"}],"wp:attachment":[{"href":"https:\/\/www.europesays.com\/fr\/wp-json\/wp\/v2\/media?parent=45738"}],"wp:term":[{"taxonomy":"category","embeddable":true,"href":"https:\/\/www.europesays.com\/fr\/wp-json\/wp\/v2\/categories?post=45738"},{"taxonomy":"post_tag","embeddable":true,"href":"https:\/\/www.europesays.com\/fr\/wp-json\/wp\/v2\/tags?post=45738"}],"curies":[{"name":"wp","href":"https:\/\/api.w.org\/{rel}","templated":true}]}}