{"id":457385,"date":"2025-10-12T12:13:14","date_gmt":"2025-10-12T12:13:14","guid":{"rendered":"https:\/\/www.europesays.com\/fr\/457385\/"},"modified":"2025-10-12T12:13:14","modified_gmt":"2025-10-12T12:13:14","slug":"cette-ville-allemande-a-ete-couronnee-capitale-verte-de-leurope-pour-son-engagement-fort-dans-la-lutte-climatique-2","status":"publish","type":"post","link":"https:\/\/www.europesays.com\/fr\/457385\/","title":{"rendered":"Cette ville allemande a \u00e9t\u00e9 couronn\u00e9e capitale verte de l&rsquo;Europe pour son \u00ab\u00a0engagement fort\u00a0\u00bb dans la lutte climatique"},"content":{"rendered":"<p class=\"mb-4 text-lg md:leading-8 break-words\">Les villes les plus vertes d&rsquo;Europe ont \u00e9t\u00e9 d\u00e9voil\u00e9es lors d&rsquo;une c\u00e9r\u00e9monie prestigieuse ce mois-ci, remportant un million d&rsquo;euros de subventions collectives pour le d\u00e9veloppement durable.<\/p>\n<p class=\"mb-4 text-lg md:leading-8 break-words\">Le 2 octobre, Heilbronn (Allemagne) a \u00e9t\u00e9 couronn\u00e9e capitale verte lors de la c\u00e9r\u00e9monie de remise des prix des villes vertes europ\u00e9ennes pour 2027, qui s&rsquo;est d\u00e9roul\u00e9e \u00e0 la galerie d&rsquo;art nationale lituanienne de Vilnius.<\/p>\n<p class=\"mb-4 text-lg md:leading-8 break-words\">La ville, situ\u00e9e dans la r\u00e9gion de Stuttgart, est arriv\u00e9e en t\u00eate du classement sur la base des notes obtenues pour la qualit\u00e9 de l&rsquo;air, l&rsquo;eau, le bruit, l&rsquo;adaptation au changement climatique et son \u00e9conomie circulaire.<\/p>\n<p class=\"mb-4 text-lg md:leading-8 break-words\"><b class=\"c-widget-related__title__text\">Related<\/b><\/p>\n<p>Pourquoi Heilbronn est-elle la capitale verte de l&rsquo;Europe ?<\/p>\n<p class=\"mb-4 text-lg md:leading-8 break-words\">Heilbronn a \u00e9t\u00e9 particuli\u00e8rement f\u00e9licit\u00e9e pour sa planification urbaine holistique, qui combine la gestion du bruit et de la qualit\u00e9 de l&rsquo;air en deux initiatives : le plan paysager 2030 et le concept de mobilit\u00e9.<\/p>\n<p class=\"mb-4 text-lg md:leading-8 break-words\">\u00ab\u00a0Le jury a \u00e9galement reconnu les objectifs ambitieux de la ville pour 2035, ainsi que les collaborations r\u00e9gionales mises en place par Heilbronn pour am\u00e9liorer la qualit\u00e9 de l&rsquo;air et la r\u00e9duction du bruit\u00a0\u00bb, explique la Commission europ\u00e9enne.<\/p>\n<p class=\"mb-4 text-lg md:leading-8 break-words\">La ville recevra un prix de 600 000 euros, qui contribuera \u00e0 renforcer ses efforts actuels et \u00e0 mettre en \u0153uvre davantage de mesures en faveur du d\u00e9veloppement durable.<\/p>\n<p>Classement des villes les plus vertes d&rsquo;Europe<\/p>\n<p class=\"mb-4 text-lg md:leading-8 break-words\">Le prix de la Feuille verte, qui s&rsquo;adresse aux petites villes de moins de 100 000 habitants, a \u00e9t\u00e9 d\u00e9cern\u00e9 \u00e0 Assen (Pays-Bas) et \u00e0 Sienne (Italie), qui ont toutes deux re\u00e7u 200 000 euros.<\/p>\n<p class=\"mb-4 text-lg md:leading-8 break-words\">Assen a \u00e9t\u00e9 salu\u00e9e pour son engagement fort en faveur de la circularit\u00e9 et de <a href=\"https:\/\/fr.news.yahoo.com\/meilleure-alimentation-pourrait-r%C3%A9duire-%C3%A9missions-104643431.html\" data-ylk=\"slk:l&#039;att\u00e9nuation du changement climatique;elm:context_link;itc:0;sec:content-canvas;outcm:mb_qualified_link;_E:mb_qualified_link;ct:story;\" class=\"link  yahoo-link\" target=\"_blank\" rel=\"noopener\"><strong>l&rsquo;att\u00e9nuation du changement climatique<\/strong><\/a>, ainsi que pour ses \u00ab\u00a0politiques innovantes en mati\u00e8re de gestion des d\u00e9chets\u00a0\u00bb, notamment l&rsquo;am\u00e9lioration de la collecte des PMD (cartons de plastique, de m\u00e9tal et de boisson).<\/p>\n<p><img alt=\"De Vaart \u00e0 Assen, 2021.\" loading=\"lazy\" width=\"808\" height=\"454\" decoding=\"async\" data-nimg=\"1\" class=\"rounded-lg\" style=\"color:transparent\" src=\"https:\/\/www.europesays.com\/fr\/wp-content\/uploads\/2025\/10\/8966ce515fa9eb82b74aad52ecbe5d31.jpeg\"\/><\/p>\n<p class=\"mb-4 text-lg md:leading-8 break-words\">\u00ab\u00a0La ville a r\u00e9alis\u00e9 d&rsquo;importantes r\u00e9ductions de CO\u2082 gr\u00e2ce \u00e0 la r\u00e9novation de b\u00e2timents, \u00e0 la d\u00e9carbonisation des activit\u00e9s municipales et \u00e0 des projets innovants tels que le jardin \u00e9nerg\u00e9tique\u00a0\u00bb, ajoute la Commission europ\u00e9enne.<\/p>\n<p class=\"mb-4 text-lg md:leading-8 break-words\">\u00ab\u00a0L&rsquo;autoroute cyclable vers Groningue est un exemple de projet de mobilit\u00e9 durable qui met encore plus en \u00e9vidence les efforts d&rsquo;Assen pour r\u00e9duire les \u00e9missions.\u00a0\u00bb<\/p>\n<p class=\"mb-4 text-lg md:leading-8 break-words\">Sienne a partag\u00e9 l&rsquo;or gr\u00e2ce \u00e0 ses espaces verts et \u00e0 l&rsquo;utilisation durable des sols, ainsi qu&rsquo;\u00e0 son taux de recyclage impressionnant, qui a permis de r\u00e9duire la quantit\u00e9 de d\u00e9chets municipaux mis en d\u00e9charge \u00e0 seulement 1 %.<\/p>\n<p>Ambassadeurs de la transition verte<\/p>\n<p class=\"mb-4 text-lg md:leading-8 break-words\">Les finalistes ont \u00e9t\u00e9 interview\u00e9s par un jury compos\u00e9 de repr\u00e9sentants de la Commission, du Comit\u00e9 europ\u00e9en des r\u00e9gions, de l&rsquo;Agence europ\u00e9enne pour l&rsquo;environnement (AEE), de la Convention des maires pour le climat et l&rsquo;\u00e9nergie et du Bureau europ\u00e9en de l&rsquo;environnement (BEE).<\/p>\n<p class=\"mb-4 text-lg md:leading-8 break-words\">Debrecen (Hongrie), Klagenfurt sur le lac W\u00f6rthersee (Autriche), Benidorm (Espagne) et <strong>Saint-Quentin (France)<\/strong> ont \u00e9galement \u00e9t\u00e9 f\u00e9licit\u00e9s pour leur \u00ab\u00a0engagement impressionnant en faveur de la durabilit\u00e9 urbaine dans leurs communaut\u00e9s\u00a0\u00bb.<\/p>\n<p class=\"mb-4 text-lg md:leading-8 break-words\">\u00ab\u00a0Les prix de la Capitale verte de l&rsquo;Europe et de la Feuille verte de l&rsquo;Europe r\u00e9compensent chaque ann\u00e9e les villes qui s&rsquo;efforcent d&rsquo;\u00eatre \u00e0 la pointe de la durabilit\u00e9 urbaine et environnementale\u00a0\u00bb, a d\u00e9clar\u00e9 <a href=\"https:\/\/environment.ec.europa.eu\/news\/2027-european-green-cities-winners-announced-2025-10-02_en\" rel=\"nofollow noopener\" target=\"_blank\" data-ylk=\"slk:Jessika Roswall;elm:context_link;itc:0;sec:content-canvas\" class=\"link \">Jessika Roswall<\/a>, commissaire charg\u00e9e de l&rsquo;environnement, de la r\u00e9silience de l&rsquo;eau et d&rsquo;une \u00e9conomie circulaire comp\u00e9titive.<\/p>\n<p class=\"mb-4 text-lg md:leading-8 break-words\">\u00ab\u00a0Des villes qui &#8211; pour dire les choses simplement &#8211; montrent l&rsquo;exemple. Je suis ravie de f\u00e9liciter Heilbronn, Assen et Sienne pour avoir obtenu ces titres pour 2027\u00a0\u00bb.<\/p>\n<p class=\"mb-4 text-lg md:leading-8 break-words\">\u00ab\u00a0Il s&rsquo;agit \u00e0 la fois d&rsquo;une reconnaissance et d&rsquo;une responsabilit\u00e9 : vous \u00eates nos nouveaux ambassadeurs de la transition verte\u00a0\u00bb.<\/p>\n","protected":false},"excerpt":{"rendered":"Les villes les plus vertes d&rsquo;Europe ont \u00e9t\u00e9 d\u00e9voil\u00e9es lors d&rsquo;une c\u00e9r\u00e9monie prestigieuse ce mois-ci, remportant un million&hellip;\n","protected":false},"author":2,"featured_media":457386,"comment_status":"","ping_status":"","sticky":false,"template":"","format":"standard","meta":{"footnotes":""},"categories":[1587],"tags":[11,672,1804,1805,1803,23527,2883,1777,674,1801,58246,12,58244,58245,1802],"class_list":{"0":"post-457385","1":"post","2":"type-post","3":"status-publish","4":"format-standard","5":"has-post-thumbnail","7":"category-allemagne","8":"tag-actualites","9":"tag-allemagne","10":"tag-bundesrepublik-deutschland","11":"tag-de","12":"tag-deutschland","13":"tag-developpement-durable","14":"tag-ete","15":"tag-eu","16":"tag-europe","17":"tag-germany","18":"tag-heilbronn","19":"tag-news","20":"tag-qualite-de-lair-2","21":"tag-region-de-stuttgart","22":"tag-republique-federale-dallemagne"},"share_on_mastodon":{"url":"https:\/\/pubeurope.com\/@fr\/115361140824296447","error":""},"_links":{"self":[{"href":"https:\/\/www.europesays.com\/fr\/wp-json\/wp\/v2\/posts\/457385","targetHints":{"allow":["GET"]}}],"collection":[{"href":"https:\/\/www.europesays.com\/fr\/wp-json\/wp\/v2\/posts"}],"about":[{"href":"https:\/\/www.europesays.com\/fr\/wp-json\/wp\/v2\/types\/post"}],"author":[{"embeddable":true,"href":"https:\/\/www.europesays.com\/fr\/wp-json\/wp\/v2\/users\/2"}],"replies":[{"embeddable":true,"href":"https:\/\/www.europesays.com\/fr\/wp-json\/wp\/v2\/comments?post=457385"}],"version-history":[{"count":0,"href":"https:\/\/www.europesays.com\/fr\/wp-json\/wp\/v2\/posts\/457385\/revisions"}],"wp:featuredmedia":[{"embeddable":true,"href":"https:\/\/www.europesays.com\/fr\/wp-json\/wp\/v2\/media\/457386"}],"wp:attachment":[{"href":"https:\/\/www.europesays.com\/fr\/wp-json\/wp\/v2\/media?parent=457385"}],"wp:term":[{"taxonomy":"category","embeddable":true,"href":"https:\/\/www.europesays.com\/fr\/wp-json\/wp\/v2\/categories?post=457385"},{"taxonomy":"post_tag","embeddable":true,"href":"https:\/\/www.europesays.com\/fr\/wp-json\/wp\/v2\/tags?post=457385"}],"curies":[{"name":"wp","href":"https:\/\/api.w.org\/{rel}","templated":true}]}}