{"id":457389,"date":"2025-10-12T12:15:15","date_gmt":"2025-10-12T12:15:15","guid":{"rendered":"https:\/\/www.europesays.com\/fr\/457389\/"},"modified":"2025-10-12T12:15:15","modified_gmt":"2025-10-12T12:15:15","slug":"les-etrangers-devront-desormais-donner-leurs-empreintes-digitales-et-leur-photo","status":"publish","type":"post","link":"https:\/\/www.europesays.com\/fr\/457389\/","title":{"rendered":"les \u00e9trangers devront d\u00e9sormais donner leurs empreintes digitales et leur photo"},"content":{"rendered":"<p>Qu\u2019est-ce qui va changer pour les Europ\u00e9ens\u00a0?<\/p>\n<p>Pour les Fran\u00e7ais et l\u2019ensemble des citoyens europ\u00e9ens, aucun changement. Ils pourront continuer \u00e0 passer les fronti\u00e8res ext\u00e9rieures de l\u2019espace Schengen en montrant simplement leur passeport. En revanche, \u00e0 compter de ce dimanche 12\u00a0octobre 2025, tous les \u00e9trangers devront accepter d\u2019\u00eatre photographi\u00e9s et de laisser leurs empreintes digitales. Leur identit\u00e9 et leurs donn\u00e9es biom\u00e9triques seront enregistr\u00e9es dans un grand fichier central, partag\u00e9 entre tous les pays membre de l\u2019espace.<\/p>\n<p>Cet article est r\u00e9serv\u00e9 aux abonn\u00e9s<\/p>\n<p>\n                    Vous souhaitez lire la suite\u00a0? Abonnez-vous sans engagement \u00e0 notre offre num\u00e9rique\n                <\/p>\n<p>                <a href=\"https:\/\/www.la-croix.com\/abonnement\" class=\"default-paywall__subscribe-button\" data-tracking=\"cta_click\" data-tracking-action=\"voir la page abonnement\" data-tracking-category=\"abonnement\" rel=\"nofollow noopener\" target=\"_blank\">Je m&rsquo;abonne<\/a><\/p>\n","protected":false},"excerpt":{"rendered":"Qu\u2019est-ce qui va changer pour les Europ\u00e9ens\u00a0? Pour les Fran\u00e7ais et l\u2019ensemble des citoyens europ\u00e9ens, aucun changement. Ils&hellip;\n","protected":false},"author":2,"featured_media":457390,"comment_status":"","ping_status":"","sticky":false,"template":"","format":"standard","meta":{"footnotes":""},"categories":[1586],"tags":[11,1777,674,1779,1011,27,12,25,1778,364],"class_list":{"0":"post-457389","1":"post","2":"type-post","3":"status-publish","4":"format-standard","5":"has-post-thumbnail","7":"category-europe","8":"tag-actualites","9":"tag-eu","10":"tag-europe","11":"tag-european-union","12":"tag-fr","13":"tag-france","14":"tag-news","15":"tag-republique-francaise","16":"tag-ue","17":"tag-union-europeenne"},"share_on_mastodon":{"url":"https:\/\/pubeurope.com\/@fr\/115361148091873965","error":""},"_links":{"self":[{"href":"https:\/\/www.europesays.com\/fr\/wp-json\/wp\/v2\/posts\/457389","targetHints":{"allow":["GET"]}}],"collection":[{"href":"https:\/\/www.europesays.com\/fr\/wp-json\/wp\/v2\/posts"}],"about":[{"href":"https:\/\/www.europesays.com\/fr\/wp-json\/wp\/v2\/types\/post"}],"author":[{"embeddable":true,"href":"https:\/\/www.europesays.com\/fr\/wp-json\/wp\/v2\/users\/2"}],"replies":[{"embeddable":true,"href":"https:\/\/www.europesays.com\/fr\/wp-json\/wp\/v2\/comments?post=457389"}],"version-history":[{"count":0,"href":"https:\/\/www.europesays.com\/fr\/wp-json\/wp\/v2\/posts\/457389\/revisions"}],"wp:featuredmedia":[{"embeddable":true,"href":"https:\/\/www.europesays.com\/fr\/wp-json\/wp\/v2\/media\/457390"}],"wp:attachment":[{"href":"https:\/\/www.europesays.com\/fr\/wp-json\/wp\/v2\/media?parent=457389"}],"wp:term":[{"taxonomy":"category","embeddable":true,"href":"https:\/\/www.europesays.com\/fr\/wp-json\/wp\/v2\/categories?post=457389"},{"taxonomy":"post_tag","embeddable":true,"href":"https:\/\/www.europesays.com\/fr\/wp-json\/wp\/v2\/tags?post=457389"}],"curies":[{"name":"wp","href":"https:\/\/api.w.org\/{rel}","templated":true}]}}