{"id":457395,"date":"2025-10-12T12:18:11","date_gmt":"2025-10-12T12:18:11","guid":{"rendered":"https:\/\/www.europesays.com\/fr\/457395\/"},"modified":"2025-10-12T12:18:11","modified_gmt":"2025-10-12T12:18:11","slug":"lio-sur-france-4-de-banana-split-au-feminisme-portrait-sensible-de-la-chanteuse-revoltee","status":"publish","type":"post","link":"https:\/\/www.europesays.com\/fr\/457395\/","title":{"rendered":"\u00ab Lio \u00bb sur France 4\u00a0: de \u00ab Banana Split\u00a0\u00bb au f\u00e9minisme, portrait sensible de la chanteuse r\u00e9volt\u00e9e"},"content":{"rendered":"<p>Trois lettres pour un nom de sc\u00e8ne, trois lettres qui p\u00e9tillent, qui provoquent, qui claquent. Trois lettres qui racontent un parcours de chanteuse pop, de com\u00e9dienne, et un cheminement de femme. Tristan Le Guillou a r\u00e9alis\u00e9 un portrait attachant de Lio, alias Vanda, son vrai pr\u00e9nom. Un portrait qui embrasse sa carri\u00e8re, mais aussi sa vie priv\u00e9e et le regard qu\u2019elle pose sur toutes ses exp\u00e9riences.<\/p>\n<p>Lio, cheveux tr\u00e8s courts, enregistre son nouvel album en m\u00eame temps que se d\u00e9roule le temps du portrait. Un album qu\u2019elle a pu monter gr\u00e2ce \u00e0 un financement participatif sur Internet et qu\u2019elle a choisi de construire uniquement avec des femmes. \u00ab\u00a0Je suis entour\u00e9e de femmes, parce qu\u2019elles m\u2019ont ramen\u00e9e \u00e0 la musique et ramen\u00e9e \u00e0 la vie. Des femmes m\u2019ont aim\u00e9e et elles m\u2019ont prot\u00e9g\u00e9e. Les hommes ne m\u2019ont pas aim\u00e9e. Ils m\u2019ont avilie et domin\u00e9e\u00a0\u00bb, d\u00e9clare-t-elle. <\/p>\n<p>Et sa parole, depuis 2006, est \u00e9cout\u00e9e sur ce sujet\u00a0: elle avait \u00e0 l\u2019\u00e9poque, trois ans apr\u00e8s <a href=\"https:\/\/www.humanite.fr\/medias\/bertrand-cantat\/sur-netflix-une-serie-documentaire-accablante-pour-bertrand-cantat-rend-justice-a-marie-trintignant-et-kristina-rady\" target=\"_blank\" rel=\"noopener\">la mort de Marie Trintignant<\/a>, remis en place sur le plateau de Thierry Ardisson l\u2019\u00e9crivaine Murielle Cerf, qui romantisait ce f\u00e9minicide. Depuis, sa r\u00e9flexion sur le sujet n\u2019a cess\u00e9 de se d\u00e9velopper. Jusqu\u2019\u00e0 l\u2019engagement, dans ses nouvelles chansons, dit-elle, mais aussi dans les actes, puisqu\u2019on la voit participer \u00e0 une manifestation de Femen, avec fiert\u00e9.<\/p>\n<p>\u00c9preuves et mysogynie<\/p>\n<p>Et il lui en a fallu, des \u00e9preuves et de la misogynie, pour en arriver l\u00e0. D\u2019abord \u00e0 ses d\u00e9buts, quand elle chante \u00e0 16-17\u00a0ans Banana Split, ce qui constitue soit une version moderne et entra\u00eenante des Sucettes de Serge Gainsbourg, soit une ode \u00e0 la fellation, pour faire rire et vibrer les hommes aux d\u00e9pens de ces tr\u00e8s jeunes filles. \u00ab\u00a0C\u2019\u00e9tait un peu Baby Doll, un peu Lolita. On m\u2019avait vendu que c\u2019\u00e9tait cool. Et \u00e0 15-16\u00a0ans, on veut \u00eatre cool\u00a0\u00bb, se rem\u00e9more-t-elle. Cette chanson et sa mise en sc\u00e8ne participent pourtant \u00ab\u00a0\u00e0 la construction d\u2019un fantasme p\u00e9docriminel\u00a0\u00bb, constate la directrice de la r\u00e9daction des Inrockuptibles, Carole Boinet.<\/p>\n<p>Les mauvais traitements, et les sous-entendus poisseux, elle ne va cesser de les croiser tout au long de sa carri\u00e8re professionnelle. Ce qui ravive des blessures anciennes et une forme de r\u00e9volte. D\u2019abord parce que, raconte-t-elle, elle a \u00e9t\u00e9 viol\u00e9e \u00e0 10\u00a0ans par un \u00ab\u00a0ami de la famille\u00a0\u00bb. <\/p>\n<p>Mais aussi parce que, en femme avertie, elle a tout de suite constat\u00e9 que le milieu du spectacle \u00e9tait \u00ab\u00a0dangereux pour les femmes et les enfants\u00a0\u00bb. Dans sa vie priv\u00e9e, elle l\u2019a dit et redit, elle a aussi d\u00fb faire face \u00e0 des violences conjugales aigu\u00ebs. Elle a combattu judiciairement, avec d\u00e9termination, mais on sent encore la peur dans sa voix. Cette m\u00eame peur qui lui a fait troquer ses talons hauts pour des baskets, afin de pouvoir fuir. Un documentaire sensible, et l\u2019\u00e9volution d\u2019une conscience f\u00e9ministe.<\/p>\n<p class=\"wp-block-huma-titre-oeuvre\">Lio, France 4, 21\u00a0h\u00a05, lundi 13 octobre 2025<\/p>\n<p>Au plus pr\u00e8s de celles et ceux qui cr\u00e9ent<\/p>\n<p>L\u2019Humanit\u00e9 a toujours revendiqu\u00e9 l\u2019id\u00e9e que <strong>la culture n\u2019est pas une marchandise<\/strong>, qu\u2019elle est une condition de la vie politique et de l\u2019\u00e9mancipation humaine.<\/p>\n<p>Face \u00e0 des politiques culturelles lib\u00e9rales, qui fragilisent le service public de la culture, le journal rend compte de la r\u00e9sistance des cr\u00e9ateurs et de tous les personnels de la culture, mais aussi des solidarit\u00e9s du public.<\/p>\n<p>Les partis pris insolites, audacieux, singuliers sont la marque de fabrique des pages culture du journal. Nos journalistes explorent <strong>les coulisses du monde de la culture et la gen\u00e8se des \u0153uvres<\/strong> qui font et bousculent l\u2019actualit\u00e9.<\/p>\n<p><strong>Aidez-nous \u00e0 d\u00e9fendre une id\u00e9e ambitieuse de la culture\u00a0!<\/strong><br \/><a href=\"https:\/\/www.humanite.fr\/lhumanite-cest-vous\" target=\"_blank\" rel=\"noopener\">Je veux en savoir plus\u00a0!<\/a><\/p>\n","protected":false},"excerpt":{"rendered":"Trois lettres pour un nom de sc\u00e8ne, trois lettres qui p\u00e9tillent, qui provoquent, qui claquent. Trois lettres qui&hellip;\n","protected":false},"author":2,"featured_media":457396,"comment_status":"","ping_status":"","sticky":false,"template":"","format":"standard","meta":{"footnotes":""},"categories":[4],"tags":[11,7037,1190,1011,27,22363,5633,8634,12,47230,25,10058,798,797],"class_list":{"0":"post-457395","1":"post","2":"type-post","3":"status-publish","4":"format-standard","5":"has-post-thumbnail","7":"category-france","8":"tag-actualites","9":"tag-chanson-franu00e7aise","10":"tag-documentaire","11":"tag-fr","12":"tag-france","13":"tag-france-4","14":"tag-lio","15":"tag-marie-trintignant","16":"tag-news","17":"tag-pu00e9docriminalitu00e9","18":"tag-republique-francaise","19":"tag-thierry-ardisson","20":"tag-violences-conjugales","21":"tag-violences-faites-aux-femmes"},"share_on_mastodon":{"url":"https:\/\/pubeurope.com\/@fr\/115361160368629646","error":""},"_links":{"self":[{"href":"https:\/\/www.europesays.com\/fr\/wp-json\/wp\/v2\/posts\/457395","targetHints":{"allow":["GET"]}}],"collection":[{"href":"https:\/\/www.europesays.com\/fr\/wp-json\/wp\/v2\/posts"}],"about":[{"href":"https:\/\/www.europesays.com\/fr\/wp-json\/wp\/v2\/types\/post"}],"author":[{"embeddable":true,"href":"https:\/\/www.europesays.com\/fr\/wp-json\/wp\/v2\/users\/2"}],"replies":[{"embeddable":true,"href":"https:\/\/www.europesays.com\/fr\/wp-json\/wp\/v2\/comments?post=457395"}],"version-history":[{"count":0,"href":"https:\/\/www.europesays.com\/fr\/wp-json\/wp\/v2\/posts\/457395\/revisions"}],"wp:featuredmedia":[{"embeddable":true,"href":"https:\/\/www.europesays.com\/fr\/wp-json\/wp\/v2\/media\/457396"}],"wp:attachment":[{"href":"https:\/\/www.europesays.com\/fr\/wp-json\/wp\/v2\/media?parent=457395"}],"wp:term":[{"taxonomy":"category","embeddable":true,"href":"https:\/\/www.europesays.com\/fr\/wp-json\/wp\/v2\/categories?post=457395"},{"taxonomy":"post_tag","embeddable":true,"href":"https:\/\/www.europesays.com\/fr\/wp-json\/wp\/v2\/tags?post=457395"}],"curies":[{"name":"wp","href":"https:\/\/api.w.org\/{rel}","templated":true}]}}