{"id":457405,"date":"2025-10-12T12:24:14","date_gmt":"2025-10-12T12:24:14","guid":{"rendered":"https:\/\/www.europesays.com\/fr\/457405\/"},"modified":"2025-10-12T12:24:14","modified_gmt":"2025-10-12T12:24:14","slug":"motogp-andrea-dovizioso-analyse-leffet-marc-marquez-il-destabilise-tout-un-stand","status":"publish","type":"post","link":"https:\/\/www.europesays.com\/fr\/457405\/","title":{"rendered":"MotoGP, Andrea Dovizioso analyse l\u2019effet Marc Marquez : \u00ab\u00a0il d\u00e9stabilise tout un stand\u00a0\u00bb"},"content":{"rendered":"<p><strong>Loin des circuits mais jamais loin du paddock, Andrea<br \/>\nDovizioso parle d\u00e9sormais avec la libert\u00e9 de celui qui n\u2019a plus<br \/>\nrien \u00e0 prouver. Dans sa s\u00e9rie documentaire \u00ab Dovi, la S\u00e9rie \u00bb,<br \/>\ndiffus\u00e9e depuis septembre sur Sky et Now TV, l\u2019ancien vice-champion<br \/>\ndu monde revient avec franchise sur ses ann\u00e9es de rivalit\u00e9,<br \/>\nnotamment face \u00e0 Marc Marquez, et sur la pression invisible qu\u2019il<br \/>\nfait peser sur tout le plateau MotoGP. Un t\u00e9moignage qui tombe \u00e0<br \/>\npic, alors que Pecco Bagnaia traverse sa saison la plus complexe<br \/>\nchez Ducati.<\/strong><\/p>\n<p>Pour <strong>Dovizioso<\/strong>, la domination de <strong>Marc<br \/>\nMarquez<\/strong> ne s\u2019est jamais limit\u00e9e \u00e0 ses r\u00e9sultats en piste.<br \/>\nIl a instaur\u00e9 un climat d\u2019intimidation psychologique dans le<br \/>\npaddock.<\/p>\n<p>\u00ab <strong>Marc a mis tout le monde dans une situation<br \/>\ndifficile, car il est fort dans tous les domaines<\/strong> \u00bb,<br \/>\nanalyse <strong>Dovizioso<\/strong>. \u00ab Il faut avoir l\u2019humilit\u00e9<br \/>\nde reconna\u00eetre quand quelqu\u2019un est si fort. \u00bb<\/p>\n<p>Mais cette force a un revers : l\u2019incapacit\u00e9 \u00e0 temporiser. Dovi<br \/>\nne l\u2019oublie pas : \u00ab <strong>sa faiblesse, c\u2019est qu\u2019il ne sait<br \/>\npas se retenir<\/strong>. \u00c7a lui a caus\u00e9 de nombreuses<br \/>\nchutes. Globalement, les d\u00e9g\u00e2ts ont \u00e9t\u00e9 limit\u00e9s\u2026 jusqu\u2019\u00e0 l\u2019accident<br \/>\nde 2020. \u00bb Son aura, cependant, reste intacte. Et elle p\u00e8se<br \/>\nlourd.<\/p>\n<p><strong>Dovizioso<\/strong> n\u2019esquive pas le sujet qui agite la<br \/>\nsph\u00e8re MotoGP en 2025 : le mal-\u00eatre de <strong>Pecco<br \/>\nBagnaia<\/strong>, qui peine \u00e0 s\u2019imposer depuis l\u2019arriv\u00e9e de<br \/>\n<strong>Marquez<\/strong> dans le box officiel<br \/>\n<strong>Ducati<\/strong>.<\/p>\n<p>\u00ab Au-del\u00e0 du probl\u00e8me technique, que je ne connais<br \/>\npas<strong>, la r\u00e9alit\u00e9 est que Marc est<br \/>\nd\u00e9stabilisant<\/strong> \u00bb, l\u00e2che-t-il sans d\u00e9tour. \u00ab<br \/>\n<strong>Sa simple pr\u00e9sence alt\u00e8re l\u2019\u00e9quilibre au sein des<br \/>\nstands<\/strong>. \u00bb<\/p>\n<p><img decoding=\"async\" class=\"aligncenter\" src=\"https:\/\/www.europesays.com\/fr\/wp-content\/uploads\/2025\/10\/006daf42928e4190948eac407b476401.jpg\" alt=\"Marc Marquez n'a pas encore sign\u00e9 de contrat MotoGP pour 2027\"\/><\/p>\n<p><strong>Andrea Dovizioso croit<br \/>\nencore \u00e0 un rebond pour Pecco Bagnaia<\/strong><\/p>\n<p><strong>Bagnaia<\/strong>, champion du monde \u00e0 deux reprises, est<br \/>\naujourd\u2019hui sous la pression constante d\u2019un co\u00e9quipier l\u00e9gendaire,<br \/>\ncapable de performances extraordinaires\u2026 et de fractures tout aussi<br \/>\nspectaculaires. L\u2019ombre port\u00e9e de <strong>Marquez<\/strong> est bien<br \/>\nr\u00e9elle.<\/p>\n<p>Pour autant, tout n\u2019est pas perdu. L\u2019actuel conseiller <a href=\"https:\/\/www.paddock-gp.com\/street-coup-de-tonnerre-a-tokyo-yamaha-entre-dans-lere-electrique-avec-une-superbike-futuriste-et-une-mt-09-hybride-rechargeable\/\" rel=\"nofollow noopener\" target=\"_blank\"><br \/>\n<strong>Yamaha<\/strong><\/a>, d\u00e9sormais entrepreneur et mentor<br \/>\ntechnique, se veut optimiste :<\/p>\n<p>\u00ab Travailler avec Ducati en hiver peut l\u2019aider \u00e0 reprendre<br \/>\nconfiance. <strong>Tout peut arriver en moto<\/strong>. \u00bb<\/p>\n<p>Un message d\u2019espoir qui rappelle \u00e0 quel point l\u2019aspect mental<br \/>\nest aussi crucial que les dixi\u00e8mes de seconde sur le chronom\u00e8tre.<br \/>\nSi la GP25 pose question, c\u2019est peut-\u00eatre dans la gestion des egos<br \/>\net des attentes que se joue la suite du duel interne chez <a href=\"https:\/\/www.paddock-gp.com\/motogp-jorge-lorenzo-du-roi-dechu-au-possible-mentor-et-un-tacle-cache-a-ducati\/\" rel=\"nofollow noopener\" target=\"_blank\"><br \/>\n<strong>Ducati<\/strong><\/a>.<\/p>\n<p>La s\u00e9rie \u00ab Dovi, la S\u00e9rie \u00bb ne se contente pas de faire vibrer<br \/>\nla fibre nostalgique. Elle expose avec finesse les dynamiques de<br \/>\npouvoir dans le paddock <a href=\"https:\/\/www.motogp.com\/en\" rel=\"nofollow noopener\" target=\"_blank\">MotoGP<\/a>, les rivalit\u00e9s de tr\u00e8s haut<br \/>\nniveau et l\u2019usure mentale que peut provoquer une l\u00e9gende comme<br \/>\n<a href=\"https:\/\/www.paddock-gp.com\/motogp-marc-marquez-et-le-karma-en-indonesie-il-etait-pour-marco-bezzecchi\/\" rel=\"nofollow noopener\" target=\"_blank\"><br \/>\n<strong>Marc Marquez<\/strong><\/a>. Le tout racont\u00e9 par un rival<br \/>\ndirect, respect\u00e9 pour sa r\u00e9gularit\u00e9, son intelligence de course et\u2026<br \/>\nson humilit\u00e9.<\/p>\n<p>Entre d\u00e9clarations franches, souvenirs personnels et regard<br \/>\nac\u00e9r\u00e9 sur le pr\u00e9sent, <strong>Dovizioso<\/strong> offre une cl\u00e9 de<br \/>\nlecture unique sur le chaos silencieux que peut d\u00e9clencher un<br \/>\npilote comme <strong>Marquez<\/strong>. Et si<br \/>\n<strong>Ducati<\/strong> veut sauver la fin de saison de <a href=\"https:\/\/www.paddock-gp.com\/motogp-lappel-au-secours-de-pecco-bagnaia-ducati-doit-mettre-son-ego-de-cote\/\" rel=\"nofollow noopener\" target=\"_blank\"><br \/>\n<strong>Bagnaia<\/strong><\/a>, il faudra peut-\u00eatre autant r\u00e9parer la<br \/>\nmoto\u2026 que reconstruire l\u2019homme.<\/p>\n<p><img decoding=\"async\" class=\"aligncenter\" src=\"https:\/\/www.europesays.com\/fr\/wp-content\/uploads\/2025\/10\/548645149_18531759037003040_52198630991138878_n-e1760175045885-1024x777.jpg\" alt=\"Andrea Dovizioso, Yamaha\"\/><\/p>\n","protected":false},"excerpt":{"rendered":"Loin des circuits mais jamais loin du paddock, Andrea Dovizioso parle d\u00e9sormais avec la libert\u00e9 de celui qui&hellip;\n","protected":false},"author":2,"featured_media":457406,"comment_status":"","ping_status":"","sticky":false,"template":"","format":"standard","meta":{"footnotes":""},"categories":[1413],"tags":[1011,27,1457,1456,60],"class_list":{"0":"post-457405","1":"post","2":"type-post","3":"status-publish","4":"format-standard","5":"has-post-thumbnail","7":"category-moto","8":"tag-fr","9":"tag-france","10":"tag-moto","11":"tag-motocycle","12":"tag-sports"},"share_on_mastodon":{"url":"https:\/\/pubeurope.com\/@fr\/115361184030124086","error":""},"_links":{"self":[{"href":"https:\/\/www.europesays.com\/fr\/wp-json\/wp\/v2\/posts\/457405","targetHints":{"allow":["GET"]}}],"collection":[{"href":"https:\/\/www.europesays.com\/fr\/wp-json\/wp\/v2\/posts"}],"about":[{"href":"https:\/\/www.europesays.com\/fr\/wp-json\/wp\/v2\/types\/post"}],"author":[{"embeddable":true,"href":"https:\/\/www.europesays.com\/fr\/wp-json\/wp\/v2\/users\/2"}],"replies":[{"embeddable":true,"href":"https:\/\/www.europesays.com\/fr\/wp-json\/wp\/v2\/comments?post=457405"}],"version-history":[{"count":0,"href":"https:\/\/www.europesays.com\/fr\/wp-json\/wp\/v2\/posts\/457405\/revisions"}],"wp:featuredmedia":[{"embeddable":true,"href":"https:\/\/www.europesays.com\/fr\/wp-json\/wp\/v2\/media\/457406"}],"wp:attachment":[{"href":"https:\/\/www.europesays.com\/fr\/wp-json\/wp\/v2\/media?parent=457405"}],"wp:term":[{"taxonomy":"category","embeddable":true,"href":"https:\/\/www.europesays.com\/fr\/wp-json\/wp\/v2\/categories?post=457405"},{"taxonomy":"post_tag","embeddable":true,"href":"https:\/\/www.europesays.com\/fr\/wp-json\/wp\/v2\/tags?post=457405"}],"curies":[{"name":"wp","href":"https:\/\/api.w.org\/{rel}","templated":true}]}}