{"id":457407,"date":"2025-10-12T12:25:11","date_gmt":"2025-10-12T12:25:11","guid":{"rendered":"https:\/\/www.europesays.com\/fr\/457407\/"},"modified":"2025-10-12T12:25:11","modified_gmt":"2025-10-12T12:25:11","slug":"piastri-est-le-2e-meilleur-pilote-de-f1-apres-verstappen","status":"publish","type":"post","link":"https:\/\/www.europesays.com\/fr\/457407\/","title":{"rendered":"Piastri est le 2e meilleur pilote de F1 apr\u00e8s Verstappen"},"content":{"rendered":"<p class=\"mt-5\">Oscar Piastri est peut-\u00eatre sur la bonne voie pour devenir champion du monde de Formule 1 pour la premi\u00e8re fois cette saison et, pour Bernie Ecclestone, l\u2019ancien patron de la cat\u00e9gorie reine du sport automobile, ce serait m\u00e9rit\u00e9.<\/p>\n<p class=\"mt-5\">Le Britannique avait d\u00e9j\u00e0 chant\u00e9 les louanges de l\u2019Australien en 2023, comparant d\u2019ailleurs Piastri \u00e0 Alain Prost, son pilote pr\u00e9f\u00e9r\u00e9.<\/p>\n<p class=\"mt-5\">\u00ab\u00a0Si j\u2019\u00e9tais propri\u00e9taire d\u2019une \u00e9curie, je pense que je ferais appel \u00e0 ce jeune Australien, il me rappelle beaucoup Alain,\u00a0\u00bb disait-il d\u00e9j\u00e0 il y a deux ans. \u00ab\u00a0Max est le meilleur pilote de tous les temps. Sans aucun doute. Avant, je disais Alain. Maintenant, je dirais Max. C\u2019est le meilleur. Il est le plus brillant pour tirer le meilleur parti de la voiture. Il ne rigole pas.\u00a0\u00bb<\/p>\n<p class=\"mt-5\">Et selon Ecclestone, Piastri est aujourd\u2019hui le deuxi\u00e8me meilleur pilote sur la grille de la F1, toujours derri\u00e8re Max Verstappen. Aujourd\u2019hui, Piastri dispose de 22 points d\u2019avance sur Lando Norris et 63 points sur Verstappen.<\/p>\n<p class=\"mt-5\">\u00ab\u00a0Oscar fait le job,\u00a0\u00bb commente Ecclestone \u00e0 Sport.de.<\/p>\n<p class=\"mt-5\">\u00ab\u00a0Quand il fait des erreurs, il le reconnait et ne bl\u00e2me pas les autres ou ne cherche pas d\u2019excuses. Il fait juste en sorte de ne pas les r\u00e9p\u00e9ter. On ne l\u2019a jamais vu faire la m\u00eame erreur deux fois.\u00a0\u00bb<\/p>\n<p class=\"mt-5\">\u00ab\u00a0Il est le meilleur pilote apr\u00e8s Max Verstappen.\u00a0\u00bb<\/p>\n<p class=\"mt-5\">Ecclestone a aussi tenu \u00e0 souligner que le duo de McLaren, Piastri-Norris, avait \u00ab\u00a0de la chance car il se trouvait dans la bonne \u00e9quipe au bon moment\u00a0\u00bb.<\/p>\n<p class=\"mt-5\">\u00ab\u00a0Parce qu\u2019il y a certainement eu des pilotes qui \u00e9taient meilleurs que ceux d\u2019aujourd\u2019hui, mais qui n\u2019ont jamais eu l\u2019occasion de montrer leurs talents \u00e0 qui que ce soit.\u00a0\u00bb<\/p>\n<p class=\"mt-5\">\u00ab\u00a0Zak Brown fait du tr\u00e8s bon travail avec McLaren. Je lui ai dit r\u00e9cemment, car je le connais depuis longtemps\u00a0: \u2019Je ne pense pas que tu sois tr\u00e8s talentueux, mais l\u2019un de tes talents est de savoir choisir les bonnes personnes pour travailler avec toi\u2019.\u00a0\u00bb<\/p>\n","protected":false},"excerpt":{"rendered":"Oscar Piastri est peut-\u00eatre sur la bonne voie pour devenir champion du monde de Formule 1 pour la&hellip;\n","protected":false},"author":2,"featured_media":457408,"comment_status":"","ping_status":"","sticky":false,"template":"","format":"standard","meta":{"footnotes":""},"categories":[1412],"tags":[1451,1452,1453,1454,1455,1011,27,60],"class_list":{"0":"post-457407","1":"post","2":"type-post","3":"status-publish","4":"format-standard","5":"has-post-thumbnail","7":"category-f1","8":"tag-f1","9":"tag-formula-1","10":"tag-formula1","11":"tag-formule-1","12":"tag-formule1","13":"tag-fr","14":"tag-france","15":"tag-sports"},"share_on_mastodon":{"url":"https:\/\/pubeurope.com\/@fr\/115361187365648552","error":""},"_links":{"self":[{"href":"https:\/\/www.europesays.com\/fr\/wp-json\/wp\/v2\/posts\/457407","targetHints":{"allow":["GET"]}}],"collection":[{"href":"https:\/\/www.europesays.com\/fr\/wp-json\/wp\/v2\/posts"}],"about":[{"href":"https:\/\/www.europesays.com\/fr\/wp-json\/wp\/v2\/types\/post"}],"author":[{"embeddable":true,"href":"https:\/\/www.europesays.com\/fr\/wp-json\/wp\/v2\/users\/2"}],"replies":[{"embeddable":true,"href":"https:\/\/www.europesays.com\/fr\/wp-json\/wp\/v2\/comments?post=457407"}],"version-history":[{"count":0,"href":"https:\/\/www.europesays.com\/fr\/wp-json\/wp\/v2\/posts\/457407\/revisions"}],"wp:featuredmedia":[{"embeddable":true,"href":"https:\/\/www.europesays.com\/fr\/wp-json\/wp\/v2\/media\/457408"}],"wp:attachment":[{"href":"https:\/\/www.europesays.com\/fr\/wp-json\/wp\/v2\/media?parent=457407"}],"wp:term":[{"taxonomy":"category","embeddable":true,"href":"https:\/\/www.europesays.com\/fr\/wp-json\/wp\/v2\/categories?post=457407"},{"taxonomy":"post_tag","embeddable":true,"href":"https:\/\/www.europesays.com\/fr\/wp-json\/wp\/v2\/tags?post=457407"}],"curies":[{"name":"wp","href":"https:\/\/api.w.org\/{rel}","templated":true}]}}