{"id":457411,"date":"2025-10-12T12:27:10","date_gmt":"2025-10-12T12:27:10","guid":{"rendered":"https:\/\/www.europesays.com\/fr\/457411\/"},"modified":"2025-10-12T12:27:10","modified_gmt":"2025-10-12T12:27:10","slug":"la-mise-au-point-de-deschamps-sur-la-blessure-de-mbappe","status":"publish","type":"post","link":"https:\/\/www.europesays.com\/fr\/457411\/","title":{"rendered":"la mise au point de Deschamps sur la blessure de Mbapp\u00e9"},"content":{"rendered":"<p>Invit\u00e9 de T\u00e9l\u00e9foot ce dimanche \u00e0 la veille du match Islande-France, Didier Deschamps a \u00e9t\u00e9 questionn\u00e9 sur le temps de jeu accord\u00e9 \u00e0 Kylian Mbapp\u00e9 vendredi face \u00e0 l&rsquo;Azerba\u00efdjan. Touch\u00e9 \u00e0 une cheville, le capitaine tricolore est d\u00e9j\u00e0 rentr\u00e9 \u00e0 Madrid.<\/p>\n<p>Fallait-il le faire jouer? Et le laisser aussi longtemps sur le terrain? Buteur lors de la victoire des Bleus vendredi face \u00e0 l&rsquo;Azerba\u00efdjan (3-0), <a href=\"https:\/\/rmcsport.bfmtv.com\/football\/equipe-de-france\/de-l-inquietude-et-de-l-etonnement-la-presse-madrilene-se-demande-si-kylian-mbappe-sorti-blesse-contre-l-azerbaidjan-n-a-pas-trop-joue-avec-les-bleus_AV-202510110115.html\" title=\"De l&#039;inqui\u00e9tude, et de l&#039;\u00e9tonnement: la presse madril\u00e8ne se demande si Kylian Mbapp\u00e9, sorti bless\u00e9 contre l&#039;Azerba\u00efdjan, n&#039;a pas trop jou\u00e9 avec les Bleus\" class=\"internal_link\" rel=\"nofollow noopener\" target=\"_blank\">Kylian Mbapp\u00e9<\/a> a d\u00fb c\u00e9der sa place \u00e0 la 82e minute, apr\u00e8s avoir re\u00e7u un coup sur une cheville qui le faisait d\u00e9j\u00e0 souffrir au d\u00e9but du rassemblement. Forfait pour le prochain match contre l\u2019Islande, lundi (20h45), il est d\u00e9j\u00e0 rentr\u00e9 \u00e0 Madrid, o\u00f9 il a r\u00e9alis\u00e9 des tests plus que rassurants.<\/p>\n<p>\u00ab\u00a0\u00c7a ne s&rsquo;est pas aggrav\u00e9\u00a0\u00bb<\/p>\n<p>\u00ab\u00a0Est-ce qu&rsquo;il fallait faire jouer autant? On peut toujours se poser la question mais j&rsquo;ai eu beaucoup d&rsquo;\u00e9changes avec Kylian, que ce soit durant la semaine, avant le match, \u00e0 la mi-temps, durant la deuxi\u00e8me mi-temps&#8230; On n&rsquo;est pas \u00e0 l&rsquo;abri. \u00c7a ne s&rsquo;est pas aggrav\u00e9. Il n&rsquo;a pas eu une douleur plus importante mais il y a des chocs\u00a0\u00bb, a comment\u00e9 Didier Deschamps, au micro de T\u00e9l\u00e9foot, ce dimanche.<\/p>\n<p>\u00ab\u00a0Avant que je ne le sorte, il prend un coup exactement l\u00e0 o\u00f9 il avait mal \u00e0 sa cheville. Forc\u00e9ment, il s&rsquo;arr\u00eate tout de suite. Sans ce choc, vu sa forme, il n&rsquo;y avait pas de souci particulier. Le football, il y a des contacts et malheureusement on peut avoir des blessures\u00a0\u00bb, a pr\u00e9cis\u00e9 le s\u00e9lectionneur sur TF1.<\/p>\n<p><a href=\"https:\/\/rmcsport.bfmtv.com\/football\/kylian-mbappe\/le-real-madrid-peut-souffler-finalement-plus-de-peur-que-de-mal-pour-kylian-mbappe_AV-202510110179.html\" title=\"Le Real Madrid peut souffler: finalement plus de peur que de mal pour Kylian Mbapp\u00e9\" class=\"internal_link\" rel=\"nofollow noopener\" target=\"_blank\">Comme expliqu\u00e9 par RMC Sport<\/a>, on assure au sein du Real Madrid que Mbapp\u00e9 n\u2019a rien de grave. Il pourra s\u2019entra\u00eener avec le groupe la semaine prochaine et devrait avoir environ trois jours de repos pour \u00e9viter de reprendre un coup au m\u00eame endroit.<\/p>\n","protected":false},"excerpt":{"rendered":"Invit\u00e9 de T\u00e9l\u00e9foot ce dimanche \u00e0 la veille du match Islande-France, Didier Deschamps a \u00e9t\u00e9 questionn\u00e9 sur le&hellip;\n","protected":false},"author":2,"featured_media":457412,"comment_status":"","ping_status":"","sticky":false,"template":"","format":"standard","meta":{"footnotes":""},"categories":[1410],"tags":[63,1011,27,60],"class_list":{"0":"post-457411","1":"post","2":"type-post","3":"status-publish","4":"format-standard","5":"has-post-thumbnail","7":"category-football","8":"tag-football","9":"tag-fr","10":"tag-france","11":"tag-sports"},"share_on_mastodon":{"url":"https:\/\/pubeurope.com\/@fr\/115361195249842918","error":""},"_links":{"self":[{"href":"https:\/\/www.europesays.com\/fr\/wp-json\/wp\/v2\/posts\/457411","targetHints":{"allow":["GET"]}}],"collection":[{"href":"https:\/\/www.europesays.com\/fr\/wp-json\/wp\/v2\/posts"}],"about":[{"href":"https:\/\/www.europesays.com\/fr\/wp-json\/wp\/v2\/types\/post"}],"author":[{"embeddable":true,"href":"https:\/\/www.europesays.com\/fr\/wp-json\/wp\/v2\/users\/2"}],"replies":[{"embeddable":true,"href":"https:\/\/www.europesays.com\/fr\/wp-json\/wp\/v2\/comments?post=457411"}],"version-history":[{"count":0,"href":"https:\/\/www.europesays.com\/fr\/wp-json\/wp\/v2\/posts\/457411\/revisions"}],"wp:featuredmedia":[{"embeddable":true,"href":"https:\/\/www.europesays.com\/fr\/wp-json\/wp\/v2\/media\/457412"}],"wp:attachment":[{"href":"https:\/\/www.europesays.com\/fr\/wp-json\/wp\/v2\/media?parent=457411"}],"wp:term":[{"taxonomy":"category","embeddable":true,"href":"https:\/\/www.europesays.com\/fr\/wp-json\/wp\/v2\/categories?post=457411"},{"taxonomy":"post_tag","embeddable":true,"href":"https:\/\/www.europesays.com\/fr\/wp-json\/wp\/v2\/tags?post=457411"}],"curies":[{"name":"wp","href":"https:\/\/api.w.org\/{rel}","templated":true}]}}